{"id":157933,"date":"2025-08-26T16:53:12","date_gmt":"2025-08-26T15:53:12","guid":{"rendered":"https:\/\/die-webzeitung.de\/stuttgart\/?p=157933"},"modified":"2025-12-05T12:07:14","modified_gmt":"2025-12-05T11:07:14","slug":"kirchheim-unter-teck-investiert-in-die-zukunft-der-innenstadt","status":"publish","type":"post","link":"https:\/\/die-webzeitung.de\/stuttgart\/2025\/08\/26\/kirchheim-unter-teck-investiert-in-die-zukunft-der-innenstadt\/","title":{"rendered":"Kirchheim unter Teck investiert in die Zukunft der Innenstadt"},"content":{"rendered":"<h4 style=\"text-align: justify;\"><strong>Kaufkraft bleibt stark, die Herausforderungen nehmen zu<\/strong><\/h4>\n<p style=\"text-align: justify;\">KIRCHHEIM\/TECK.| Kirchheim unter Teck z\u00e4hlt weiterhin zu den st\u00e4rksten Einzelhandelsstandorten in der Region Stuttgart. Die aktuellen Einzelhandelskennzahlen 2025 bescheinigen der Stadt mit einer Zentralit\u00e4tskennziffer von 116,7 eine Spitzenposition bei der Kaufkraftbindung unter den Top Ten der Gesamtregion. Mit einem Umsatz von 8.592,00 Euro pro Kopf liegt Kirchheim deutlich \u00fcber dem Bundesdurchschnitt.<\/p>\n<p style=\"text-align: justify;\">Doch die Zahlen zeigen auch, dass die Herausforderungen f\u00fcr den Einzelhandel vielf\u00e4ltig sind. Um die Innenstadt zukunftsf\u00e4hig zu gestalten, setzt Kirchheim unter Teck daher bewusst auf Attraktivierung und neue Konzepte.<\/p>\n<p style=\"text-align: justify;\"><strong>Projekt Zukunft Innenstadt<\/strong><\/p>\n<p style=\"text-align: justify;\">Innenst\u00e4dte m\u00fcssen heute mehr sein als reine Einkaufsorte. Sie sollen Orte des Lebens und der Begegnung sein mit einem bunten Mix aus Handel, Gastronomie, Kultur, Veranstaltungen und attraktiven Aufenthaltsr\u00e4umen. Genau hier setzt Kirchheim an: Seit diesem Fr\u00fchjahr l\u00e4uft das Projekt <em>Zukunft Innenstadt<\/em>, das konsumfreie Zonen schafft und neue Impulse setzt. Dazu z\u00e4hlen der Pop-Up Beach, die Pop-G\u00e4rten und neue M\u00f6blierungen an verschiedenen Pl\u00e4tzen in der Altstadt, die seit Juli genutzt werden k\u00f6nnen. Veranstaltungen, wie das Bauernkriegsjubil\u00e4um bringen zus\u00e4tzliche G\u00e4ste in die Stadt und st\u00e4rken die \u00fcberregionale Strahlkraft.<\/p>\n<p style=\"text-align: justify;\">Neben eigenen Projekten arbeitet die Stadt eng mit Handel und Gastronomie zusammen. Aktionen wie Late Night Shopping oder verkaufsoffene Sonntage, die Kampagne \u201eKirchheim bl\u00fcht auf\u201c oder das Free-Refill-Angebot f\u00fcr Wasserflaschen setzen wichtige Impulse und bereichern die Innenstadt. Auch die Pflege und Sanierung denkmalgesch\u00fctzter Bauwerke tragen zum attraktiven Stadtbild bei, so beispielsweise die laufenden Sanierungsma\u00dfnahmen am Kornhaus.<\/p>\n<p style=\"text-align: justify;\">Ziel ist es, die Altstadt nicht nur als Einkaufsort, sondern als lebendigen Treffpunkt f\u00fcr alle zu sichern und kontinuierlich weiterzuentwickeln.<\/p>\n<hr \/>\n<p style=\"text-align: justify;\">\n","protected":false},"excerpt":{"rendered":"<p>Kaufkraft bleibt stark, die Herausforderungen nehmen zu KIRCHHEIM\/TECK.| Kirchheim unter Teck z\u00e4hlt weiterhin zu den st\u00e4rksten Einzelhandelsstandorten in der Region Stuttgart. Die aktuellen Einzelhandelskennzahlen 2025 bescheinigen der Stadt mit einer Zentralit\u00e4tskennziffer von 116,7 eine Spitzenposition bei der Kaufkraftbindung unter den Top Ten der Gesamtregion. Mit einem Umsatz von 8.592,00 Euro pro Kopf liegt Kirchheim deutlich [&hellip;]<\/p>\n","protected":false},"author":4,"featured_media":0,"comment_status":"closed","ping_status":"open","sticky":false,"template":"","format":"standard","meta":{"inline_featured_image":false,"_exactmetrics_skip_tracking":false,"_exactmetrics_sitenote_active":false,"_exactmetrics_sitenote_note":"","_exactmetrics_sitenote_category":0,"footnotes":""},"categories":[2247],"tags":[14857,12564,18052,68,10179],"class_list":{"0":"post-157933","1":"post","2":"type-post","3":"status-publish","4":"format-standard","6":"category-kreis-esslingen","7":"tag-die-webzeitung","8":"tag-innenstadt","9":"tag-kirchheim-teck","10":"tag-online-zeitung","11":"tag-zukunft"},"image_feature":null,"author_name":"Redaktion","pure_taxonomies":{"categories":[{"term_id":2247,"name":"Kreis Esslingen","slug":"kreis-esslingen","term_group":0,"term_taxonomy_id":2260,"taxonomy":"category","description":"Informationen aus dem Landkreis Esslingen","parent":171,"count":214,"filter":"raw","image":""}],"tags":[{"term_id":14857,"name":"Die-Webzeitung","slug":"die-webzeitung","term_group":0,"term_taxonomy_id":14876,"taxonomy":"post_tag","description":"","parent":0,"count":3627,"filter":"raw","image":""},{"term_id":12564,"name":"Innenstadt","slug":"innenstadt","term_group":0,"term_taxonomy_id":12604,"taxonomy":"post_tag","description":"","parent":0,"count":11,"filter":"raw","image":""},{"term_id":18052,"name":"Kirchheim\/Teck","slug":"kirchheim-teck","term_group":0,"term_taxonomy_id":18071,"taxonomy":"post_tag","description":"","parent":0,"count":25,"filter":"raw","image":""},{"term_id":68,"name":"Online-Zeitung","slug":"online-zeitung","term_group":0,"term_taxonomy_id":69,"taxonomy":"post_tag","description":"","parent":0,"count":3597,"filter":"raw","image":""},{"term_id":10179,"name":"Zukunft","slug":"zukunft","term_group":0,"term_taxonomy_id":10210,"taxonomy":"post_tag","description":"","parent":0,"count":5,"filter":"raw","image":""}]},"_links":{"self":[{"href":"https:\/\/die-webzeitung.de\/stuttgart\/wp-json\/wp\/v2\/posts\/157933","targetHints":{"allow":["GET"]}}],"collection":[{"href":"https:\/\/die-webzeitung.de\/stuttgart\/wp-json\/wp\/v2\/posts"}],"about":[{"href":"https:\/\/die-webzeitung.de\/stuttgart\/wp-json\/wp\/v2\/types\/post"}],"author":[{"embeddable":true,"href":"https:\/\/die-webzeitung.de\/stuttgart\/wp-json\/wp\/v2\/users\/4"}],"replies":[{"embeddable":true,"href":"https:\/\/die-webzeitung.de\/stuttgart\/wp-json\/wp\/v2\/comments?post=157933"}],"version-history":[{"count":1,"href":"https:\/\/die-webzeitung.de\/stuttgart\/wp-json\/wp\/v2\/posts\/157933\/revisions"}],"predecessor-version":[{"id":157934,"href":"https:\/\/die-webzeitung.de\/stuttgart\/wp-json\/wp\/v2\/posts\/157933\/revisions\/157934"}],"wp:attachment":[{"href":"https:\/\/die-webzeitung.de\/stuttgart\/wp-json\/wp\/v2\/media?parent=157933"}],"wp:term":[{"taxonomy":"category","embeddable":true,"href":"https:\/\/die-webzeitung.de\/stuttgart\/wp-json\/wp\/v2\/categories?post=157933"},{"taxonomy":"post_tag","embeddable":true,"href":"https:\/\/die-webzeitung.de\/stuttgart\/wp-json\/wp\/v2\/tags?post=157933"}],"curies":[{"name":"wp","href":"https:\/\/api.w.org\/{rel}","templated":true}]}}