{"id":157898,"date":"2025-08-25T11:19:39","date_gmt":"2025-08-25T10:19:39","guid":{"rendered":"https:\/\/die-webzeitung.de\/stuttgart\/?p=157898"},"modified":"2025-08-30T16:07:06","modified_gmt":"2025-08-30T15:07:06","slug":"polizei-report-stuttgart-woche-35-4","status":"publish","type":"post","link":"https:\/\/die-webzeitung.de\/stuttgart\/2025\/08\/25\/polizei-report-stuttgart-woche-35-4\/","title":{"rendered":"Polizei-Report Stuttgart | Woche 35"},"content":{"rendered":"<p><em>Quelle: ots<\/em><\/p>\n<p style=\"text-align: justify;\"><strong>Stuttgart-Mitte: Hydrant mutwillig besch\u00e4digt<\/strong><br \/>\nAm Freitag (29.08.2025) besch\u00e4digte ein bislang unbekannter T\u00e4ter gegen 20:00 Uhr an der Ecke M\u00fcnz-\/Sporerstra\u00dfe einen Wasserhydranten. Der Unbekannte hatte laut Zeugen mehrere sogenannte &#8220;Bockspr\u00fcnge&#8221; \u00fcber den Hydranten gemacht und diesen dabei aus der Verankerung gelockert. Als er dann noch mehrfach dagegentrat, l\u00f6ste sich dieser vollst\u00e4ndig und eine mehrere Meter hohe Font\u00e4ne schoss nach oben. Das Wasser konnte durch den Wassernetzbetreiber erst nach rund einer Stunde abgestellt werden. Der Sachschaden betr\u00e4gt rund 5.000 Euro. Bei dem T\u00e4ter soll es sich um einen 18-25 Jahre alten und 180-185 cm gro\u00dfen Mann gehandelt haben, der mit einer beigen Jacke bekleidet war. Hinweise zu dem Unbekannten erbittet das Polizeirevier 1 Theodor-Heuss-Stra\u00dfe unter der Telefonnummer +4971189903100.<\/p>\n<p style=\"text-align: justify;\"><strong>Stuttgart-Bad Cannstatt: 21-J\u00e4hriger geschlagen und ausgeraubt<\/strong><br \/>\nUnbekannte haben am Freitagabend (29.08.2025) einen 21 Jahre alten Mann am Wilhelmsplatz beraubt. Der 21-J\u00e4hrige hielt sich dort gegen 22:45 Uhr auf, als er auf drei junge M\u00e4nner traf. Einer der M\u00e4nner schlug dem 21-J\u00e4hrigen mit der Faust in das Gesicht. Anschlie\u00dfend stahlen die T\u00e4ter ihm Bargeld in H\u00f6he von rund 100 Euro und Zigaretten und fl\u00fcchteten in Richtung K\u00f6nig-Karls-Br\u00fccke. Die Unbekannten waren allesamt zirka 25 Jahre alt und schlank. Zwei waren schwarz gekleidet, einer trug einen wei\u00dfen Pullover und eine beige-braune Weste. Zeugen werden gebeten, sich unter der Rufnummer +4971189905778 beim Raubdezernat zu melden.<\/p>\n<p style=\"text-align: justify;\"><strong>Stuttgart-Wangen: Gartenh\u00fctte in Brand geraten &#8211; Zeugen gesucht<\/strong><br \/>\nAus bislang unbekannter Ursache ist am Dienstag (26.08.2025) eine Gartenh\u00fctte auf einem Flurst\u00fcck im &#8220;Im Schleifrain&#8221; in Brand geraten. Ein Zeuge bemerkte gegen 13.40 Uhr eine Rauchs\u00e4ule und w\u00e4hlte den Notruf. Bis die Einsatzkr\u00e4fte eintrafen war das Feuer bereits auf angrenzende B\u00e4ume \u00fcbergegangen. Die Feuerwehr l\u00f6schte den Brand. Die Gartenh\u00fctte war komplett abgebrannt, es entstand ein gesch\u00e4tzter Sachschaden von rund 2000 Euro. Verletzt wurde niemand. Die Kriminalpolizei hat die Ermittlungen zur Brandursache aufgenommen.<\/p>\n<p style=\"text-align: justify;\"><strong>Stuttgart-S\u00fcd: Mutma\u00dflicher Ladendieb wehrt sich gegen Festnahme<\/strong><br \/>\nPolizeibeamte haben am Dienstag (26.08.2025) einen 45 Jahre alten Mann vorl\u00e4ufig festgenommen, der im Verdacht steht, in einem Lebensmittelgesch\u00e4ft Waren gestohlen und sich gegen die Festnahme gewehrt zu haben. Der Mann verstaute gegen 13.20 Uhr Waren im Wert von rund 15 Euro in seinem Rucksack und wollte den Laden ohne zu bezahlen verlassen. Zwei Mitarbeiter versuchten, den Mann an seiner Flucht zu hindern, w\u00e4hrenddessen soll der 45-J\u00e4hrige versucht haben, nach den Mitarbeitern zu schlagen. Der Mann entkam zun\u00e4chst, konnte aber durch eine alarmierte Streifenwagenbesatzung schlie\u00dflich festgenommen werden. Bei der Durchsuchung seiner Person fanden die Beamten weitere, mutma\u00dflich gestohlene Lebensmittel im Wert von rund 100 Euro. Der wohnsitzlose 45-J\u00e4hrige mit deutscher Staatsangeh\u00f6rigkeit wird im Lauf des Mittwochs (27.08.2025) auf Antrag der Staatsanwaltschaft einem Haftrichter vorgef\u00fchrt.<\/p>\n<p style=\"text-align: justify;\"><strong>Stuttgart-Ost: Wohnmobil gestohlen &#8211; Zeugen gesucht<\/strong><br \/>\nUnbekannte haben in der Nacht zum Mittwoch (27.08.2025) an der Pfahlbronner Stra\u00dfe ein wei\u00dfes Wohnmobil gestohlen. Der Besitzer des Wohnmobils der Marke Fiat bemerkte gegen 01.45 Uhr Motorenger\u00e4usche. Als er aus dem Fenster schaute, sah er, wie Unbekannte sein Fahrzeug stahlen und damit davonfuhren. Zeitgleich fl\u00fcchtete eine unbekannte Person \u00fcber die Klingenbachanlage. Diese war zirka 180 Zentimeter gro\u00df, schlank und bekleidet mit einem schwarzen Kapuzenpullover. Alarmierte Polizeibeamte fahndeten erfolglos nach dem Wohnmobil mit dem Kennzeichen S CF 9193. Zeugen werden gebeten, sich unter der Rufnummer +4971189905778 bei der Kriminalpolizei zu melden.<\/p>\n<p style=\"text-align: justify;\"><strong>Stuttgart-Stammheim: Mit Kleinkraftrad gest\u00fcrzt und schwer verletzt<\/strong><br \/>\nEin 23 Jahre alter Mann ist am fr\u00fchen Mittwochmorgen (27.08.2025) mit einem gestohlenen Kleinkraftrad auf einem Fu\u00dfweg gest\u00fcrzt und hat sich hierbei schwere Verletzungen zugezogen. Der Mann war gegen 01.10 Uhr auf dem Fu\u00dfweg von der Stra\u00dfe Sieben Morgen Richtung Ehniweg unterwegs, als er alleine zu Fall kam und sich schwere Verletzungen zuzog. Ermittlungen ergaben, dass das Kleinkraftrad Anfang Juli im Bereich der Ottmarsheimer Stra\u00dfe gestohlen wurde und der 23-J\u00e4hrige keinen F\u00fchrerschein hat. Zudem besteht der Verdacht, dass er unter dem Einfluss von Alkohol- und Bet\u00e4ubungsmitteln stand. Rettungskr\u00e4fte brachten den schwer verletzten Mann in ein Krankenhaus.<\/p>\n<p style=\"text-align: justify;\"><strong>Stuttgart-Bad Cannstatt: Witwe um rund 60.000 Euro betrogen<\/strong><br \/>\nUnbekannte haben seit 2023 eine Seniorin um rund 60.000 Euro betrogen, indem sie der Frau vort\u00e4uschten, dass ihr verstorbener Mann Schulden gehabt h\u00e4tte und sie diese begleichen m\u00fcsse. Die Betr\u00fcger riefen die Seniorin an und gaukelten ihr vor, dass ihr verstorbener Mann Schulden von mehreren Tausend Euro gehabt h\u00e4tte. Dieses Geld sollte sie den T\u00e4tern \u00fcberweisen. Als sie zur Bank ging, flog der Schwindel auf, weil eine Bankmitarbeiterin geistesgegenw\u00e4rtig die Betrugsmasche durchschaute und die Polizei alarmierte. Im Zuge der Ermittlungen stellte sich heraus, dass die Frau seit 2023 bereits vielfache, angebliche Forderungen von vermeintlichen Rechtsanw\u00e4lten und Investoren \u00fcberwiesen hatte. Hierbei ergaunerten die T\u00e4ter rund 60.000 Euro. Die Ermittlungen dauern an.<\/p>\n<p style=\"text-align: justify;\"><strong>Stuttgart-Mitte: Armbanduhr geraubt &#8211; Zeugen gesucht<\/strong><br \/>\nEin unbekannter Mann hat in der Nacht zum Freitag (22.08.2025) im Oberen Schlossgarten die Armbanduhr eines 49 Jahre alten Mannes geraubt. Der Mann befand sich zwischen 02.30 und 03.30 Uhr auf H\u00f6he des Neuen Schlosses, als ihm der Unbekannte zun\u00e4chst ein Kartenetui stahl. Dies gab der T\u00e4ter nach Aufforderung dem 49-J\u00e4hrigen wieder zur\u00fcck. Dann riss der Unbekannte die Armbanduhr des 49-J\u00e4hrigen ab und fl\u00fcchtete in unbekannte Richtung. Hierbei erlitt der 49-J\u00e4hrige Sch\u00fcrfwunden am Handgelenk. Der T\u00e4ter war zwischen 25 und 30 Jahren alt, zirka 170 Zentimeter gro\u00df. Er hatte eine schmale Statur und ein schmales Gesicht. Er hatte dunkle Haare und einen Bart. Bekleidet war er mit heller Kleidung. Zeugen werden gebeten, sich unter der Rufnummer +4971189905778 bei der Kriminalpolizei zu melden.<\/p>\n<hr \/>\n<p>&nbsp;<\/p>\n","protected":false},"excerpt":{"rendered":"<p>Quelle: ots Stuttgart-Mitte: Hydrant mutwillig besch\u00e4digt Am Freitag (29.08.2025) besch\u00e4digte ein bislang unbekannter T\u00e4ter gegen 20:00 Uhr an der Ecke M\u00fcnz-\/Sporerstra\u00dfe einen Wasserhydranten. Der Unbekannte hatte laut Zeugen mehrere sogenannte &#8220;Bockspr\u00fcnge&#8221; \u00fcber den Hydranten gemacht und diesen dabei aus der Verankerung gelockert. Als er dann noch mehrfach dagegentrat, l\u00f6ste sich dieser vollst\u00e4ndig und eine mehrere [&hellip;]<\/p>\n","protected":false},"author":4,"featured_media":152245,"comment_status":"closed","ping_status":"open","sticky":false,"template":"","format":"standard","meta":{"inline_featured_image":false,"_exactmetrics_skip_tracking":false,"_exactmetrics_sitenote_active":false,"_exactmetrics_sitenote_note":"","_exactmetrics_sitenote_category":0,"footnotes":""},"categories":[11241],"tags":[14857,68,205,1625,275],"class_list":{"0":"post-157898","1":"post","2":"type-post","3":"status-publish","4":"format-standard","5":"has-post-thumbnail","7":"category-region-stuttgart","8":"tag-die-webzeitung","9":"tag-online-zeitung","10":"tag-polizei","11":"tag-report","12":"tag-stuttgart"},"image_feature":"https:\/\/die-webzeitung.de\/stuttgart\/wp-content\/uploads\/sites\/4\/2024\/02\/Polizei-Pix-scaled.jpg","author_name":"Redaktion","pure_taxonomies":{"categories":[{"term_id":11241,"name":"Polizei-Report Stuttgart","slug":"region-stuttgart","term_group":0,"term_taxonomy_id":11279,"taxonomy":"category","description":"Polizeiberichte aus der Region Stuttgart","parent":1619,"count":68,"filter":"raw","image":""}],"tags":[{"term_id":14857,"name":"Die-Webzeitung","slug":"die-webzeitung","term_group":0,"term_taxonomy_id":14876,"taxonomy":"post_tag","description":"","parent":0,"count":3623,"filter":"raw","image":""},{"term_id":68,"name":"Online-Zeitung","slug":"online-zeitung","term_group":0,"term_taxonomy_id":69,"taxonomy":"post_tag","description":"","parent":0,"count":3593,"filter":"raw","image":""},{"term_id":205,"name":"Polizei","slug":"polizei","term_group":0,"term_taxonomy_id":208,"taxonomy":"post_tag","description":"","parent":0,"count":277,"filter":"raw","image":""},{"term_id":1625,"name":"Report","slug":"report","term_group":0,"term_taxonomy_id":1634,"taxonomy":"post_tag","description":"","parent":0,"count":210,"filter":"raw","image":""},{"term_id":275,"name":"Stuttgart","slug":"stuttgart","term_group":0,"term_taxonomy_id":281,"taxonomy":"post_tag","description":"","parent":0,"count":1194,"filter":"raw","image":""}]},"_links":{"self":[{"href":"https:\/\/die-webzeitung.de\/stuttgart\/wp-json\/wp\/v2\/posts\/157898","targetHints":{"allow":["GET"]}}],"collection":[{"href":"https:\/\/die-webzeitung.de\/stuttgart\/wp-json\/wp\/v2\/posts"}],"about":[{"href":"https:\/\/die-webzeitung.de\/stuttgart\/wp-json\/wp\/v2\/types\/post"}],"author":[{"embeddable":true,"href":"https:\/\/die-webzeitung.de\/stuttgart\/wp-json\/wp\/v2\/users\/4"}],"replies":[{"embeddable":true,"href":"https:\/\/die-webzeitung.de\/stuttgart\/wp-json\/wp\/v2\/comments?post=157898"}],"version-history":[{"count":7,"href":"https:\/\/die-webzeitung.de\/stuttgart\/wp-json\/wp\/v2\/posts\/157898\/revisions"}],"predecessor-version":[{"id":157961,"href":"https:\/\/die-webzeitung.de\/stuttgart\/wp-json\/wp\/v2\/posts\/157898\/revisions\/157961"}],"wp:featuredmedia":[{"embeddable":true,"href":"https:\/\/die-webzeitung.de\/stuttgart\/wp-json\/wp\/v2\/media\/152245"}],"wp:attachment":[{"href":"https:\/\/die-webzeitung.de\/stuttgart\/wp-json\/wp\/v2\/media?parent=157898"}],"wp:term":[{"taxonomy":"category","embeddable":true,"href":"https:\/\/die-webzeitung.de\/stuttgart\/wp-json\/wp\/v2\/categories?post=157898"},{"taxonomy":"post_tag","embeddable":true,"href":"https:\/\/die-webzeitung.de\/stuttgart\/wp-json\/wp\/v2\/tags?post=157898"}],"curies":[{"name":"wp","href":"https:\/\/api.w.org\/{rel}","templated":true}]}}