{"id":157896,"date":"2025-08-25T11:18:44","date_gmt":"2025-08-25T10:18:44","guid":{"rendered":"https:\/\/die-webzeitung.de\/stuttgart\/?p=157896"},"modified":"2025-08-31T17:16:37","modified_gmt":"2025-08-31T16:16:37","slug":"polizei-report-kreis-esslingen-woche-35-4","status":"publish","type":"post","link":"https:\/\/die-webzeitung.de\/stuttgart\/2025\/08\/25\/polizei-report-kreis-esslingen-woche-35-4\/","title":{"rendered":"Polizei-Report Kreis Esslingen | Woche 35"},"content":{"rendered":"<p><em>Quelle: ots<\/em><\/p>\n<p style=\"text-align: justify;\"><strong>Neckartailfingen: Bei Rotlicht in Kreuzungsbereich eingefahren<br \/>\n<\/strong>Eine schwer verletzte Person und 20.000 Euro Sachschaden sind die Folgen eines Verkehrsunfalls, der sich auf der B 297 in Neckartailfingen am Samstagnachmittag ereignet hat. Ein 59-J\u00e4hriger befuhr gegen 16.45 Uhr mit seinem VW Caddy die B 297 von Neckartenzlingen in Richtung Neckarhausen. An der Kreuzung zur T\u00fcbinger Stra\u00dfe fuhr der VW-Lenker, nach derzeitigem Ermittlungsstand, bei Rotlicht in den dortigen Kreuzungsbereich ein. Dort stie\u00df der 59-J\u00e4hrige mit einer Mercedes B-Klasse zusammen, dessen 80-j\u00e4hrige Fahrerin die Ausfahrt der B 312 von Metzingen kommend befuhr um ihrerseits nach rechts in Richtung Neckarhausen weiterzufahren. Durch den Zusammensto\u00df wurde die Mercedesfahrerin schwer verletzt und zur weiteren Behandlung mit einem Rettungswagen in eine Klinik eingeliefert. Beide Fahrzeuge waren nicht mehr fahrbereit und mussten durch einen Abschleppdienst geborgen werden. Aufgrund auslaufender Betriebsstoffe war die Feuerwehr Neckartailfingen mit zwei Fahrzeugen und elf Einsatzkr\u00e4ften ebenfalls vor Ort.<\/p>\n<p style=\"text-align: justify;\"><strong>Neckartailfingen: Auseinandersetzung in einer Tankstelle<br \/>\n<\/strong>Wegen des Verdachts der K\u00f6rperverletzung ermittelt das Polizeirevier N\u00fcrtingen gegen zwei M\u00e4nner im Alter von 19 und 45 Jahren. Am Sonntagmorgen gegen 00.50 Uhr gerieten ein 45-J\u00e4hriger und ein 19-j\u00e4hriger Mann in einer Tankstelle in der T\u00fcbinger Stra\u00dfe in einen verbalen Streit. In Folge dessen packte der 45-J\u00e4hrige seinen j\u00fcngeren Kontrahenten am Hals und schob ihn gegen eine Wand. Im Zuge der k\u00f6rperlichen Auseinandersetzung schlug der 19-J\u00e4hrige mit der Faust in das Gesicht des 45-J\u00e4hrigen. Beide erlitten im Zuge des Streits leichte Verletzungen. Eine medizinische Versorgung lehnten die Kontrahenten vor Ort jedoch ab. Beide Beteiligten begaben sich eigenst\u00e4ndig in \u00e4rztliche Behandlung.<\/p>\n<p style=\"text-align: justify;\"><strong>Kirchheim unter Teck: Photovoltaikanlage in Brand geraten<br \/>\n<\/strong>Zu einem gemeldeten Geb\u00e4udebrand sind am Samstagnachmittag Feuerwehr und Polizei in Kirchheim unter Teck ausger\u00fcckt. Um 16.15 Uhr wurde der Rettungsleitstelle \u00fcber Notruf ein Dachstuhlbrand in der Eugenstra\u00dfe gemeldet. Noch vor dem Eintreffen der Rettungskr\u00e4fte konnte der Hauseigent\u00fcmer ein in Brand geratenes Photovoltaikpanel auf dem Dach des Geb\u00e4udes, unter Zuhilfenahme eines Gartenschlauchs, selbstst\u00e4ndig l\u00f6schen. Durch die Feuerwehr, die mit f\u00fcnf Fahrzeugen und 24 Einsatzkr\u00e4ften ausger\u00fcckt war, wurde das in Brand geratene Panel im Anschluss demontiert. Nach ersten Erkenntnissen d\u00fcrfte es sich um einen technischen Defekt gehandelt haben. Der Sachschaden wird auf circa 200 Euro beziffert, am Dachstuhl entstand gl\u00fccklicherweise kein Schaden.<\/p>\n<p style=\"text-align: justify;\"><strong>Filderstadt: Betrug durch Schockanrufer (Zeugenaufruf\/Warnhinweis)<br \/>\n<\/strong>Eine 88 Jahre alte Frau aus Bonlanden ist am Freitagnachmittag von Telefonbetr\u00fcgern um Wertgegenst\u00e4nde und Bargeld in f\u00fcnfstelliger H\u00f6he gebracht worden. Die Frau erhielt einen Telefonanruf, in dem sich der Anrufer als Haftrichter ausgab. Er gaukelte der Gesch\u00e4digten vor, dass ihr Kind einen t\u00f6dlichen Verkehrsunfall verursacht habe und nur gegen die Bezahlung einer Kaution wieder auf freien Fu\u00df gesetzt werden k\u00f6nne. Die in Sorge versetzte Seniorin schenkte den perfiden Anrufern Glauben und \u00fcbergab etwa gegen 17 Uhr einem Komplizen des Kriminellen Geld und Wertsachen an ihrer Wohnanschrift. Der Abholer lief anschlie\u00dfend in unbekannte Richtung davon. Sp\u00e4ter flog der Betrug auf. Bei dem Abholer soll es sich um einen auff\u00e4llig gro\u00dfen Mann gehandelt haben, eine weitere Beschreibung ist jedoch nicht m\u00f6glich. Zeugen, die am Freitagnachmittag im Bereich Bonlanden verd\u00e4chtige Wahrnehmungen gemacht haben, werden gebeten, sich unter der Telefonnummer 0711\/70913 beim Polizeirevier Filderstadt zu melden.<\/p>\n<p style=\"text-align: justify;\"><strong>Esslingen: Widerstand geleistet und Polizeibeamte beleidigt<br \/>\n<\/strong>Mehreren Strafanzeigen sieht ein 57 Jahre alter Mann entgegen, nachdem dieser am Freitagabend in Gewahrsam genommen worden ist. Gegen 20.50 Uhr wurde zun\u00e4chst die Polizei verst\u00e4ndigt, da es im Bereich des Bahnhofsplatzes zu Streitigkeiten zwischen zwei Personen gekommen war. Beim Eintreffen der Streife versuchte sich ein St\u00f6rer der Personenkontrolle zu entziehen. Da der deutlich alkoholisierte 57-J\u00e4hrige auf Ansprache der Polizeibeamten nicht stehen blieb und umgehend aggressiv reagierte, sollten ihm Handschlie\u00dfen angelegt werden. Hiergegen wehrte sich der Mann derart, dass er zu Boden gebracht werden musste. Weiter beleidigte er die eingesetzten Polizisten mehrfach mit nicht zitierf\u00e4higen \u00c4u\u00dferungen. Da sich der aggressive Mann in der Folge nicht beruhigen lie\u00df und auch auf der Fahrt zum Polizeirevier mehrfach versuchte die Beamten anzugreifen musste er die Nacht in der Gewahrsamszelle verbringen.<\/p>\n<p style=\"text-align: justify;\"><strong>Filderstadt-Bonlanden: Leichnam in Koffer in Filderstadt-Bonlanden aufgefunden<br \/>\n<\/strong>Ein stark verwester, zum Teil bereits skelettierter Leichnam ist am sp\u00e4ten Donnerstagvormittag in einem Koffer in einem Wohngebiet am Ortsrand von Filderstadt-Bonlanden aufgefunden worden. Zur Aufkl\u00e4rung der Todesumst\u00e4nde wurde bei der Kriminalpolizeidirektion Esslingen eine 44-k\u00f6pfige Sonderkommission eingerichtet.<br \/>\nDem \u00f6rtlich zust\u00e4ndigen Bauhof wurde am Donnerstagvormittag der Koffer in der N\u00e4he eines Spielplatzes an einem Bachlauf in der Dietrich-Bonhoeffer-Stra\u00dfe gemeldet. Als Mitarbeiter des Bauhofes starken Geruch feststellten, \u00f6ffneten sie den Koffer und entdeckten die Leiche. Die daraufhin verst\u00e4ndigten Beamtinnen und Beamten der Kriminalpolizei nahmen noch am Fundort die Ermittlungen auf.<br \/>\nEine Obduktion des Opfers hat im Laufe des Freitags n\u00e4heren Aufschluss \u00fcber das Geschlecht, das Alter sowie die Todesursache und den Todeszeitpunkt gegeben. Hierbei stellte sich heraus, dass es sich bei der Leiche um eine Frau handelt. Die Todesursache konnte jedoch bislang nicht festgestellt werden.<br \/>\nDie Kriminalpolizei hofft auf Zeugenhinweise und fragt:<br \/>\n&#8211; Wer hat in Bonlanden, in dem Wohngebiet am n\u00f6rdlichen Ortsrand, in den vergangenen Wochen verd\u00e4chtige Wahrnehmungen gemacht?<br \/>\n&#8211; Wem ist eine Person aufgefallen, die in letzter Zeit in diesem Bereich mit einem Koffer unterwegs war?<br \/>\n&#8211; Wem sind in den vergangenen Wochen verd\u00e4chtige Fahrzeuge in dem Wohngebiet zwischen der Bonl\u00e4nder Hauptstra\u00dfe und der Ringstra\u00dfe aufgefallen?<br \/>\nDie Ermittlungen der 44-k\u00f6pfigen Sonderkommission Trolley laufen auf Hochtouren. Dort sind bereits erste Hinweise eingegangen, denen die Ermittler nun nachgehen.<br \/>\nHinweise nimmt die Polizei unter Telefon 0711\/3990-660 (rund um die Uhr) entgegen. Die Sonderkommission ist auch per E-Mail unter <a href=\"mailto:esslingen.kd.soko-hinweis@polizei.bwl.de\" target=\"_blank\" rel=\"noopener\">esslingen.kd.soko-hinweis@polizei.bwl.de<\/a> zu erreichen.<\/p>\n<p style=\"text-align: justify;\"><strong>N\u00fcrtingen: 35-J\u00e4hriger in Gewahrsam genommen und in Fachklinik gebracht<br \/>\n<\/strong>Ein 35-J\u00e4hriger musste am Donnerstagabend in der Metzinger Stra\u00dfe von der Polizei in Gewahrsam genommen und im weiteren Verlauf in eine Fachklinik gebracht werden. Gegen 18.30 Uhr sollen der Mann und sein 20 Jahre alter Begleiter Steine gegen das Fenster eines dortigen Anwohners geworfen und diesen nach Geld f\u00fcr den Kauf von Alkohol gefragt haben. Dabei soll der 35-J\u00e4hrige ein Messer in der Hand gehalten haben. Ein Nachbar alarmierte die Polizei. Noch vor dem Eintreffen der ersten Streifenwagenbesatzung war der 20-J\u00e4hrige in Richtung Neckar gefl\u00fcchtet. Er konnte im Zuge einer eingeleiteten Fahndung auf einem Fu\u00dfweg in Richtung W\u00f6rthbr\u00fccke angetroffen und zur Durchf\u00fchrung der erforderlichen Ma\u00dfnahmen zum Polizeirevier gebracht werden.<br \/>\nDer aggressive 35-J\u00e4hrige, der Zeugenangaben zufolge ein Messer bei sich f\u00fchren sollte, musste von den Beamten zu Boden gebracht werden. Dort wurden ihm Handschlie\u00dfen angelegt. Dabei trat er nach den Einsatzkr\u00e4ften. Der 35-J\u00e4hrige, der sich selbst im Mundbereich gebissen hatte, wurde vor Ort von einer Rettungswagenbesatzung untersucht und anschlie\u00dfend in Gewahrsam genommen. Dabei leistete er weiteren Widerstand, sodass er schlie\u00dflich in eine Fachklinik gebracht werden musste. Insgesamt zwei Polizeibeamte erlitten leichte Verletzungen, konnten ihren Dienst jedoch fortsetzen. Ein Messer wurde nicht aufgefunden. Der 35-J\u00e4hrige sieht nun entsprechenden Strafanzeigen entgegen. Die Ermittlungen zur Beteiligung seines Begleiters dauern an.<\/p>\n<p style=\"text-align: justify;\"><strong>Filderstadt: Rotlicht missachtet<br \/>\n<\/strong>Die Missachtung einer roten Ampel ist derzeitigen Ermittlungen zufolge die Ursache eines Verkehrsunfalls, der sich am fr\u00fchen Donnerstagmorgen an der Einm\u00fcndung Nord-West-Umfahrung \/ Plieninger Stra\u00dfe ereignet hat. Ein 35-J\u00e4hriger befuhr gegen 3.10 Uhr mit seinem Mercedes GLC die B312 vom Flughafentunnel herkommend und wollte an der Einm\u00fcndung nach links in die Plieninger Stra\u00dfe einbiegen. Dabei \u00fcbersah er die rote Ampel, sodass es im Einm\u00fcndungsbereich zur Kollision mit einem Mercedes Vito kam, dessen 32 Jahre alter Fahrer w\u00e4hrend der Gelbphase in den Einm\u00fcndungsbereich eingefahren war. Der Unfallverursacher musste nachfolgend mit leichten Verletzungen vom Rettungsdienst ins Krankenhaus gebracht werden. Auch der Fahrer des Vito und sein 33 Jahre alter Mitfahrer erlitten leichte Verletzungen, lehnten aber ein \u00e4rztliche Behandlung ab. Der Mercedes GLC musste nachfolgend abgeschleppt werden. Der entstandene Sachschaden wird auf mehrere tausend Euro gesch\u00e4tzt. Da das Ausma\u00df des Unfalls zun\u00e4chst unklar war, waren neben dem Rettungsdienst und einem Notarzt auch die Feuerwehr mit drei Fahrzeugen und elf Feuerwehrleuten im Einsatz.<\/p>\n<p style=\"text-align: justify;\"><strong>Ostfildern: In der \u00d6ffentlichkeit selbst befriedigt<br \/>\n<\/strong>Wegen der Vornahme exhibitionistischer Handlungen ermittelt der Polizeiposten Ostfildern seit Mittwochnachmittag gegen einen 23-J\u00e4hrigen. Der Mann soll sich gegen 15 Uhr hinter einer Bushaltestelle in der Kirchheimer Stra\u00dfe selbst befriedigt haben. Von den Polizeibeamten, die von Zeugen verst\u00e4ndigt worden waren, konnte der Tatverd\u00e4chtige noch vor Ort angetroffen werden. Ihm wurde ein Platzverweis ausgesprochen. Au\u00dferdem sieht der Mann einer Strafanzeige bei der Staatsanwaltschaft entgegen.<\/p>\n<p style=\"text-align: justify;\"><strong>Wendlingen: Unter Alkoholeinfluss Auto gefahren (Zeugenaufruf)<br \/>\n<\/strong>Wegen des Verdachts der Gef\u00e4hrdung des Stra\u00dfenverkehrs ermittelt das Polizeirevier Kirchheim seit Mittwochabend gegen einen 60 Jahre alten Mann. Ein Zeuge hatte gegen 18.15 Uhr die Polizei alarmiert, nachdem der Mann in einem Parkhaus in der Stadtmitte in seinen BMW gestiegen war, dort offenbar Alkohol getrunken hatte und anschlie\u00dfend in Richtung \u00d6tlingen davongefahren war. Der Zeuge folgte dem BMW, der in Schlangenlinien \u00fcber die Ulmer Stra\u00dfe, Wehrstra\u00dfe, Austra\u00dfe und Steinbacher Stra\u00dfe gefahren sein soll, ehe der Fahrer sein Fahrzeug in der Stra\u00dfe Im St\u00e4dtle abstellte. Dort konnte der 60-J\u00e4hrige von einer Streifenwagenbesatzung angetroffen und kontrolliert werden. Ein durchgef\u00fchrter Alkoholtest ergab einen vorl\u00e4ufigen Wert von etwa 2,5 Promille. Der Mann musste daraufhin sowohl eine Blutprobe als auch seinen F\u00fchrerschein abgeben. Zeugen, die Angaben zur Fahrweise des BMW machen k\u00f6nnen und insbesondere der Lenker eines schwarzen Jaguars, der in der Austra\u00dfe eine Bremsung einleiten musste, um einen Zusammensto\u00df zu verhindern, werden gebeten, sich unter Telefon 07021\/501-0, zu melden.<\/p>\n<p style=\"text-align: justify;\"><strong>Wendlingen: Rauch auch Wohnung<br \/>\n<\/strong>Rauch aus dem Fenster einer Wohnung in einem Mehrfamilienhaus hat am Mittwochmittag zum Einsatz der Rettungskr\u00e4fte in der Marktgasse gef\u00fchrt. Gegen zw\u00f6lf Uhr waren die Einsatzleitstellen von Feuerwehr und Polizei alarmiert worden, weil Zeugen Rauch aus einem gekippten K\u00fcchenfenster bemerkten. Vor Ort stellte sich heraus, dass die Bewohnerin einen kleinen Teppich auf dem Kochfeld abgelegt und beim Putzen versehentlich dann den Herd eingeschaltet hatte. Als sie ihr Missgeschick bemerkte, warf sie den bereits in Brand geratenen Teppich in die Sp\u00fcle und versuchte die kleinen Flammen auf dem Herd mit einem Handtuch auszuschlagen. Die Feuerwehr, die mit vier Fahrzeugen und 26 Feuerwehrleuten rasch vor Ort war, l\u00f6schte den kleinen Teppich ab und durchl\u00fcftete Wohnung und Geb\u00e4ude. Die bereits lebens\u00e4ltere Bewohnerin, die sich beim L\u00f6schen leichte Verletzungen zugezogen hatte, wurde vom Rettungsdienst, der mit drei Fahrzeugen, neun Rettungskr\u00e4ften und einem Notarzt vor Ort war, vorsorglich zur Untersuchung und Behandlung ins Krankenhaus gebracht. Dieses konnte sie aber am Nachmittag bereits wieder verlassen. Der entstandene Sachschaden wird auf etwa 2.000 Euro gesch\u00e4tzt.<\/p>\n<p style=\"text-align: justify;\"><strong>Leinfelden-Echterdingen: Auf Gegenfahrspur geraten<br \/>\n<\/strong>14 Personen sind bei einem Verkehrsunfall zwischen einem Linienbus und einem Pkw am Mittwochmorgen auf der B27b nach ersten Erkenntnissen leicht verletzt worden. Den derzeitigen verkehrspolizeilichen Ermittlungen zufolge bog ein 60-J\u00e4hriger gegen 7.40 Uhr mit einem mit rund 30 Fahrg\u00e4sten besetzten Linienbus links von der L1192 auf die B27b in Richtung Flughafenstra\u00dfe ab. Dabei geriet er auf die Gegenfahrspur und kollidierte frontal mit dem entgegenkommenden VW Touareg eines 31-J\u00e4hrigen. Der Bus kam daraufhin quer \u00fcber beide Fahrstreifen stehend zum Stillstand. Nach derzeitigem Kenntnisstand wurden sowohl der VW-Lenker als auch 13 Fahrg\u00e4ste im Linienbus im Alter zwischen 21 und 64 Jahren leicht verletzt. Drei der Fahrg\u00e4ste wurden vom Rettungsdienst in umliegende Krankenh\u00e4user gebracht. Der entstandene Sachschaden wird auf rund 40.000 Euro gesch\u00e4tzt. W\u00e4hrend der Bus fahrbereit blieb, war der VW nach dem Zusammensto\u00df nicht mehr betriebsbereit. Neben dem Rettungsdienst waren auch die Feuerwehr sowie die Stra\u00dfenmeisterei zur Unfallstelle ausger\u00fcckt.<\/p>\n<p style=\"text-align: justify;\"><strong>Esslingen: Tatverd\u00e4chtiger bei Einbruchsversuch festgenommen<\/strong><br \/>\nWegen des Verdachts des versuchten Wohnungseinbruchdiebstahls ermitteln die Staatsanwaltschaft Stuttgart und eine auf die Bek\u00e4mpfung von Eigentumsdelikten spezialisierte Ermittlungsgruppe der Kriminalpolizeidirektion Esslingen mit Sitz in T\u00fcbingen seit Montagabend (25.08.2025) gegen einen 28 Jahre alten Mann. Der Beschuldigte befindet sich zwischenzeitlich in Untersuchungshaft.<br \/>\nAm sp\u00e4ten Montagabend, gegen 22.50 Uhr, alarmierte eine Zeugin die Polizei, nachdem sie zwei unbekannte M\u00e4nner bemerkt hatte, die teils maskiert offenbar ein Wohnhaus in der M\u00fclbergerstra\u00dfe auskundschafteten.<br \/>\nDie erste vor Ort eintreffende Streifenwagenbesatzung entdeckte einen Mann, der sich zun\u00e4chst in einem Geb\u00fcsch versteckt hielt und schlie\u00dflich vor den Beamten fl\u00fcchtete. Als er nach Aufforderung und Androhung des Pfeffersprays nicht stehen blieb, wurde dieses eingesetzt. Der Fl\u00fcchtende st\u00fcrzte daraufhin und konnte von den Einsatzkr\u00e4ften vorl\u00e4ufig festgenommen werden. Seinem mutma\u00dflichen Komplizen war die Flucht gelungen. Eine eingeleitete Fahndung blieb ohne Erfolg.<br \/>\nDer festgenommene 28-J\u00e4hrige wurde zum Polizeirevier gebracht und dort vorsorglich vom Rettungsdienst untersucht. Er erlitt leichte Augenreizungen. Mehrere Schraubenzieher und eine Taschenlampe sowie die Maskierung des Mannes wurden im Zuge seiner Durchsuchung aufgefunden und sichergestellt.<br \/>\nBei einer \u00dcberpr\u00fcfung des Geb\u00e4udes in der M\u00fclbergerstra\u00dfe konnten Aufbruchsspuren an einer Kellert\u00fcr sowie umgeworfenes Mobiliar auf einem von au\u00dfen zug\u00e4nglichen Balkon festgestellt werden.<br \/>\nDer bislang noch nicht polizeilich in Erscheinung getretene 28-J\u00e4hrige wurde am Dienstagmittag dem Haftrichter beim Amtsgericht Esslingen vorgef\u00fchrt. Dieser erlie\u00df den von der Staatsanwaltschaft beantragten Haftbefehl und setzte ihn in Vollzug. Der kosovarische Staatsangeh\u00f6rige wurde daraufhin in eine Justizvollzugsanstalt gebracht.<br \/>\nDie weiteren Ermittlungen, auch zu dem m\u00f6glichen Komplizen des Tatverd\u00e4chtigen, dauern an.<\/p>\n<p style=\"text-align: justify;\"><strong>Leinfelden-Echterdingen: Unfall auf Parkplatz<br \/>\n<\/strong>Eine Person ist am Dienstag bei einem Verkehrsunfall auf einem Parkplatz in der Manosquer Stra\u00dfe in Leinfelden nach derzeitigem Kenntnisstand schwer verletzt worden. Den ersten verkehrspolizeilichen Ermittlungen zufolge befuhr eine 82-J\u00e4hrige gegen 10.30 Uhr mit einem Mazda 6 den Parkplatz des Waldfriedhofs mehrfach in Kreisen. Dabei sollen auch die Parkplatzbegrenzung und eine abfallende B\u00f6schung \u00fcberfahren worden sein. Der Mazda prallte im weiteren Verlauf mit der Front gegen die hintere rechte Fahrzeugseite eines geparkten BMW X1, dessen 53 Jahre alte Lenkerin sich zu diesem Zeitpunkt an der linken Seite ihres geparkten Wagens befand. Durch den Zusammensto\u00df wurde der BMW verschoben. Er erfasste die 53-J\u00e4hrige, die daraufhin zu Boden st\u00fcrzte. Mit schweren Verletzungen wurde sie vom Rettungsdienst ins Krankenhaus gebracht. Der Mazda fuhr nach der Kollision eine B\u00f6schung hinab und kam auf der Manosquer Stra\u00dfe zum Stehen. Auch die 82-J\u00e4hrige wurde vom Rettungsdienst ins Krankenhaus gebracht. Ersten Erkenntnissen zufolge blieb sie unverletzt. Der F\u00fchrerschein der Seniorin wurde einbehalten. Beide beteiligten Fahrzeuge waren nicht mehr fahrbereit. Der entstandene Sachschaden wird auf etwa 19.500 Euro gesch\u00e4tzt. St\u00e4dtische Mitarbeiter kamen aufgrund auslaufender Betriebsmittel vor Ort.<\/p>\n<p style=\"text-align: justify;\"><strong>Esslingen: Brand von M\u00fclltonnen<br \/>\n<\/strong>Zum Brand mehrerer M\u00fclltonnen ist es in der Nacht zum Dienstag im Goerdelerweg in St. Bernhardt gekommen. Anwohner h\u00f6rten kurz nach Mitternacht laute Knallger\u00e4usche und entdeckten mehrere brennende M\u00fclltonnen in einem Unterstand. Der sofort verst\u00e4ndigten Feuerwehr gelang es, rasch die M\u00fclltonnen zu l\u00f6schen und ein Ausbreiten der Flammen zu verhindern. Der Schaden wird auf etwa 3.000 Euro gesch\u00e4tzt. M\u00f6glicherweise war ein technisches Ger\u00e4t in einer der M\u00fclltonnen, das nicht artgerecht entsorgt worden war, in Brand geraten. Hinweise auf Brandstiftung liegen bislang nicht vor.<\/p>\n<p style=\"text-align: justify;\"><strong>Filderstadt: Rauchentwicklung<br \/>\n<\/strong>Feuerwehr und Polizei sind am Dienstag kurz nach Mitternacht wegen einem ausgel\u00f6sten Brandmeldealarm in eine Gemeinschaftsunterkunft in Bonlanden ausger\u00fcckt. Wie sich herausstelle war in der K\u00fcche in der Rain\u00e4ckerstra\u00dfe zuvor Essen zubereitet und infolge dessen der Brandalarm ausgel\u00f6st worden. Die gemeinsame K\u00fcche war bereits durch den unbekannten Verursacher aufger\u00e4umt worden.<\/p>\n<p style=\"text-align: justify;\"><strong>Esslingen: Fu\u00dfg\u00e4ngerin bel\u00e4stigt (Zeugenaufruf)<br \/>\n<\/strong>Das Polizeirevier Esslingen sucht Zeugen zu einem Vorfall am Montagmittag, bei dem ein Unbekannter eine Fu\u00dfg\u00e4ngerin auf einem Fu\u00dfweg zwischen dem Neckar und der Stra\u00dfe Entennest bel\u00e4stigt haben soll. Die Frau war gegen 12.30 Uhr zu Fu\u00df auf dem Fu\u00dfweg von der Zeppelinstra\u00dfe herkommend in Richtung Altbach unterwegs. Im Bereich eines dortigen Entsorgungsunternehmens kam ihr ein Mann entgegen, der sich zun\u00e4chst au\u00dferhalb der Kleidung im Schritt selbst ber\u00fchrt haben soll. Als die Fu\u00dfg\u00e4ngerin ihn passiert hatte, soll er der Frau an das Ges\u00e4\u00df gefasst haben. Die Gesch\u00e4digte schrie den Unbekannten daraufhin an. Dieser lief in Richtung Zeppelinstra\u00dfe davon. Eine eingeleitete Fahndung verlief ohne Erfolg. Der Mann wird als etwa 30 Jahre alt, rund 175 bis 180 Zentimeter gro\u00df und von sportlich-athletischer Statur beschrieben. Er hat einen dunklen Teint, schwarzes volles Haar und einen dunklen Vollbart. Bekleidet war er mit einer wei\u00dfen, kurzen Sporthose und einem wei\u00dfen, r\u00fcckenfreien Oberteil. Zudem soll er einen schwarzen und einen wei\u00dfen BH getragen haben. Zeugenhinweise nimmt das Polizeirevier Esslingen unter Telefon 0711\/3990-330 entgegen.<\/p>\n<p style=\"text-align: justify;\"><strong>Kirchheim: Radlerin gest\u00fcrzt<br \/>\n<\/strong>Nach ersten Erkenntnissen schwere Verletzungen hat eine 74 Jahre alte Radlerin bei einem Sturz am Samstagmittag in der Stra\u00dfe Heimenwiesen erlitten. Die Frau st\u00fcrzte dort kurz nach 12.20 Uhr wohl infolge eines Fahrfehlers. Der Rettungsdienst brachte sie zur weiteren Behandlung ins Krankenhaus.<\/p>\n<p style=\"text-align: justify;\"><strong>Plochingen: Gasflasche in Brand geraten<br \/>\n<\/strong>Zum Brand eines Gasgrills sind Feuerwehr und Polizei am Sonntagabend in die Burgstra\u00dfe ausger\u00fcckt. Gegen 19.40 Uhr war es dort beim Grillen zum Brand einer Gasflasche gekommen, in deren Folge auch der Grill in Flammen aufging. Die Feuerwehr, die mit vier Fahrzeugen und 22 Feuerwehrleuten im Einsatz war, konnte den Brand rasch l\u00f6schen. Verletzt wurde niemand. Der entstandene Sachschaden, der auf den Grill und die Gasflasche begrenzt werden konnte, wird auf etwa 500 Euro gesch\u00e4tzt. Ersten Ermittlungen zufolge d\u00fcrfte ein technischer Defekt an einem Verbindungsst\u00fcck zwischen Gasflasche zum Grill brandurs\u00e4chlich gewesen sein.<\/p>\n<hr \/>\n<p>&nbsp;<\/p>\n","protected":false},"excerpt":{"rendered":"<p>Quelle: ots Neckartailfingen: Bei Rotlicht in Kreuzungsbereich eingefahren Eine schwer verletzte Person und 20.000 Euro Sachschaden sind die Folgen eines Verkehrsunfalls, der sich auf der B 297 in Neckartailfingen am Samstagnachmittag ereignet hat. Ein 59-J\u00e4hriger befuhr gegen 16.45 Uhr mit seinem VW Caddy die B 297 von Neckartenzlingen in Richtung Neckarhausen. An der Kreuzung zur [&hellip;]<\/p>\n","protected":false},"author":4,"featured_media":152245,"comment_status":"closed","ping_status":"open","sticky":false,"template":"","format":"standard","meta":{"inline_featured_image":false,"_exactmetrics_skip_tracking":false,"_exactmetrics_sitenote_active":false,"_exactmetrics_sitenote_note":"","_exactmetrics_sitenote_category":0,"footnotes":""},"categories":[11240],"tags":[14857,14440,68,205,1625],"class_list":{"0":"post-157896","1":"post","2":"type-post","3":"status-publish","4":"format-standard","5":"has-post-thumbnail","7":"category-region-esslingen","8":"tag-die-webzeitung","9":"tag-esslingen","10":"tag-online-zeitung","11":"tag-polizei","12":"tag-report"},"image_feature":"https:\/\/die-webzeitung.de\/stuttgart\/wp-content\/uploads\/sites\/4\/2024\/02\/Polizei-Pix-scaled.jpg","author_name":"Redaktion","pure_taxonomies":{"categories":[{"term_id":11240,"name":"Polizei-Report Esslingen","slug":"region-esslingen","term_group":0,"term_taxonomy_id":11278,"taxonomy":"category","description":"Polizeiberichte aus der Region des Landkreises Esslingen","parent":1619,"count":69,"filter":"raw","image":""}],"tags":[{"term_id":14857,"name":"Die-Webzeitung","slug":"die-webzeitung","term_group":0,"term_taxonomy_id":14876,"taxonomy":"post_tag","description":"","parent":0,"count":3623,"filter":"raw","image":""},{"term_id":14440,"name":"Esslingen","slug":"esslingen","term_group":0,"term_taxonomy_id":3885,"taxonomy":"post_tag","description":"","parent":0,"count":202,"filter":"raw","image":""},{"term_id":68,"name":"Online-Zeitung","slug":"online-zeitung","term_group":0,"term_taxonomy_id":69,"taxonomy":"post_tag","description":"","parent":0,"count":3593,"filter":"raw","image":""},{"term_id":205,"name":"Polizei","slug":"polizei","term_group":0,"term_taxonomy_id":208,"taxonomy":"post_tag","description":"","parent":0,"count":277,"filter":"raw","image":""},{"term_id":1625,"name":"Report","slug":"report","term_group":0,"term_taxonomy_id":1634,"taxonomy":"post_tag","description":"","parent":0,"count":210,"filter":"raw","image":""}]},"_links":{"self":[{"href":"https:\/\/die-webzeitung.de\/stuttgart\/wp-json\/wp\/v2\/posts\/157896","targetHints":{"allow":["GET"]}}],"collection":[{"href":"https:\/\/die-webzeitung.de\/stuttgart\/wp-json\/wp\/v2\/posts"}],"about":[{"href":"https:\/\/die-webzeitung.de\/stuttgart\/wp-json\/wp\/v2\/types\/post"}],"author":[{"embeddable":true,"href":"https:\/\/die-webzeitung.de\/stuttgart\/wp-json\/wp\/v2\/users\/4"}],"replies":[{"embeddable":true,"href":"https:\/\/die-webzeitung.de\/stuttgart\/wp-json\/wp\/v2\/comments?post=157896"}],"version-history":[{"count":12,"href":"https:\/\/die-webzeitung.de\/stuttgart\/wp-json\/wp\/v2\/posts\/157896\/revisions"}],"predecessor-version":[{"id":157974,"href":"https:\/\/die-webzeitung.de\/stuttgart\/wp-json\/wp\/v2\/posts\/157896\/revisions\/157974"}],"wp:featuredmedia":[{"embeddable":true,"href":"https:\/\/die-webzeitung.de\/stuttgart\/wp-json\/wp\/v2\/media\/152245"}],"wp:attachment":[{"href":"https:\/\/die-webzeitung.de\/stuttgart\/wp-json\/wp\/v2\/media?parent=157896"}],"wp:term":[{"taxonomy":"category","embeddable":true,"href":"https:\/\/die-webzeitung.de\/stuttgart\/wp-json\/wp\/v2\/categories?post=157896"},{"taxonomy":"post_tag","embeddable":true,"href":"https:\/\/die-webzeitung.de\/stuttgart\/wp-json\/wp\/v2\/tags?post=157896"}],"curies":[{"name":"wp","href":"https:\/\/api.w.org\/{rel}","templated":true}]}}