{"id":157854,"date":"2025-08-19T09:26:08","date_gmt":"2025-08-19T08:26:08","guid":{"rendered":"https:\/\/die-webzeitung.de\/stuttgart\/?p=157854"},"modified":"2025-08-19T09:26:08","modified_gmt":"2025-08-19T08:26:08","slug":"stuttgart-bietet-gaesten-verlockenden-veranstaltungskalender","status":"publish","type":"post","link":"https:\/\/die-webzeitung.de\/stuttgart\/2025\/08\/19\/stuttgart-bietet-gaesten-verlockenden-veranstaltungskalender\/","title":{"rendered":"Stuttgart bietet G\u00e4sten verlockenden Veranstaltungskalender\u00a0"},"content":{"rendered":"<h4 style=\"text-align: justify;\"><strong>Halbjahresbilanz: Tourismus zeigt sich robust<\/strong><\/h4>\n<p style=\"text-align: justify;\">Stuttgart.| Der Stuttgart-Tourismus stand im ersten Halbjahr 2025 im Zeichen starker Messen, Kongresse und auch touristischer Veranstaltungen, die in einzelnen Monaten zu einer starken Nachfrage f\u00fchrten. Eine gute Prognose f\u00fcr den deutschen St\u00e4dtetourismus und weitere Veranstaltungs-Highlights im zweiten Halbjahr geben Anlass f\u00fcr einen positiven Blick auf das Tourismusjahr 2025.<\/p>\n<p style=\"text-align: justify;\">Von Januar bis Juni 2025 wurden in den 162 Stuttgarter Beherbergungsbetrieben mit rund 24.000\u00a0Betten (Gesamtregion Stuttgart: 763 Betriebe mit 65.000 Betten) insgesamt 2,17 Mio. \u00dcbernachtungen (Gesamtregion Stuttgart: 4,46 Mio.) gez\u00e4hlt. Das entspricht einem R\u00fcckgang von 2 Prozent bzw. 4 Prozent in der Gesamtregion gegen\u00fcber dem Vorjahreszeitraum. W\u00e4hrend der Inlandstourismus in Stuttgart um knapp 1 Prozent zulegte, gingen die \u00dcbernachtungen internationaler G\u00e4ste um 9 Prozent zur\u00fcck. Der Anteil an \u00dcbernachtungen aus dem Ausland liegt bei 27 Prozent. Die meisten \u00dcbernachtungen wurden von G\u00e4sten aus den USA, der Schweiz und Frankreich gebucht.<\/p>\n<p style=\"text-align: justify;\">Die ersten Monate des Jahres 2025 waren gepr\u00e4gt von besucherstarken Fachmessen aus den Branchen Medizin und Automobilindustrie. Sie sorgten im Januar, April und Mai f\u00fcr ein leichtes \u00dcbernachtungsplus in den Stuttgarter Beherbergungsbetrieben. Im Juni fiel die Bilanz hingegen deutlich schw\u00e4cher aus: Fast ein Drittel weniger \u00dcbernachtungen ausl\u00e4ndischer G\u00e4ste im<\/p>\n<p style=\"text-align: justify;\">Vergleich zum Juni 2024 verdeutlichen, wie au\u00dfergew\u00f6hnlich stark die UEFA EURO 2024 im Vorjahr die Hotellerie befl\u00fcgelt hatte.<\/p>\n<p style=\"text-align: justify;\">Veranstaltungen bleiben ein zentraler Anlass f\u00fcr \u00fcberregionale und internationale G\u00e4ste, Stuttgart zu besuchen. Der Sommer startete im Juni mit zwei ausverkauften Ed-Sheeran-Konzerten, gefolgt von einem Iron Maiden-Konzert im Juli. Beide Veranstaltungen sorgten f\u00fcr ausgepr\u00e4gte Hotelauslastungen von 80-85 Prozent. Ebenfalls im Juli begeisterten die jazzopen stuttgart mit Stars wie Lionel Richie Musikfans aus dem In- und Ausland und festigten damit Stuttgarts Ruf als Konzertmetropole. Insbesondere dieses renommierte Musikfestival oder auch die<\/p>\n<p style=\"text-align: justify;\">Jubil\u00e4umsausstellung \u201eDoppelk\u00e4seplatte\u201c im Kunstmuseum r\u00fcckte die Stuttgart-Marketing GmbH in den Fokus ihrer Marketingkampagne \u201eStuttgart-Champions\u201c. Im zweiten Halbjahr stellt sie die Publikumsmagnete Stuttgarter Weindorf, Wasen Stuttgart und Stuttgarter Weihnachtsmarkt in den Mittelpunkt.<\/p>\n<p style=\"text-align: justify;\">Ein neues Highlight im Eventkalender 2025 ist die Premiere des Football Championship Game der European League of Football (ELF) am 7. September in der MHP Arena. Durch die zeitliche N\u00e4he zum Weindorf bieten sich den G\u00e4sten attraktive Kombinationsm\u00f6glichkeiten.<\/p>\n<p style=\"text-align: justify;\">\u201eVeranstaltungen sind ein wesentlicher Treiber f\u00fcr den Tourismus nach Stuttgart \u2013 sowohl im Gesch\u00e4fts- als auch im Freizeittourismus. Gleichzeitig tragen sie entscheidend zur Lebensqualit\u00e4t unserer Einwohnerinnen und Einwohner bei. Um den Aufenthalt unserer Besuchenden perfekt abzurunden und den G\u00e4sten noch mehr von Stuttgart zu zeigen, entwickelt die Stuttgart-Marketing GmbH Produkte wie die StuttCard oder attraktive Touren wie die Stuttgart Citytour. Die Nachfrage ist gut. Unser Projekt Lieblingsviertel ist zu einem Lieblingsangebot geworden. Information und Verkauf erfolgen k\u00fcnftig an unserem neuen Standort am Marktplatz: Das Haus des Tourismus wird schon bald ein stark nachgefragter Treffpunkt f\u00fcr Stuttgart-Erlebnisse sein\u201c, so Armin Dellnitz, Gesch\u00e4ftsf\u00fchrer der Stuttgart-Marketing GmbH.<\/p>\n<p>Stuttgart: \u00dcbernachtungen Jan. &#8211; Juni 2.172.682 | Vergleich Vorjahr: &#8211; 2,1 %<br \/>\nRegion Stuttgart: \u00dcbernachtungen Jan. &#8211; Juni 4.460.316 | Vergleich Vorjahr: &#8211; 4,0 %<br \/>\n<em>Quelle: Stat.\u00a0Landesamt Baden-W\u00fcrttemberg<\/em><\/p>\n<hr \/>\n<p style=\"text-align: justify;\">\n","protected":false},"excerpt":{"rendered":"<p>Halbjahresbilanz: Tourismus zeigt sich robust Stuttgart.| Der Stuttgart-Tourismus stand im ersten Halbjahr 2025 im Zeichen starker Messen, Kongresse und auch touristischer Veranstaltungen, die in einzelnen Monaten zu einer starken Nachfrage f\u00fchrten. Eine gute Prognose f\u00fcr den deutschen St\u00e4dtetourismus und weitere Veranstaltungs-Highlights im zweiten Halbjahr geben Anlass f\u00fcr einen positiven Blick auf das Tourismusjahr 2025. Von [&hellip;]<\/p>\n","protected":false},"author":4,"featured_media":157855,"comment_status":"closed","ping_status":"open","sticky":false,"template":"","format":"standard","meta":{"inline_featured_image":false,"_exactmetrics_skip_tracking":false,"_exactmetrics_sitenote_active":false,"_exactmetrics_sitenote_note":"","_exactmetrics_sitenote_category":0,"footnotes":""},"categories":[2239],"tags":[14857,68,275,10098],"class_list":{"0":"post-157854","1":"post","2":"type-post","3":"status-publish","4":"format-standard","5":"has-post-thumbnail","7":"category-stuttgart-lokal","8":"tag-die-webzeitung","9":"tag-online-zeitung","10":"tag-stuttgart","11":"tag-tourismus"},"image_feature":"https:\/\/die-webzeitung.de\/stuttgart\/wp-content\/uploads\/sites\/4\/2025\/08\/Stuttgart_Schlossplatz_c_Stuttgart-Marketing-GmbH_Sarah-Schmid-scaled.jpg","author_name":"Redaktion","pure_taxonomies":{"categories":[{"term_id":2239,"name":"Stuttgart","slug":"stuttgart-lokal","term_group":0,"term_taxonomy_id":2252,"taxonomy":"category","description":"Berichte und Informationen aus Stuttgart","parent":1433,"count":941,"filter":"raw","image":""}],"tags":[{"term_id":14857,"name":"Die-Webzeitung","slug":"die-webzeitung","term_group":0,"term_taxonomy_id":14876,"taxonomy":"post_tag","description":"","parent":0,"count":3623,"filter":"raw","image":""},{"term_id":68,"name":"Online-Zeitung","slug":"online-zeitung","term_group":0,"term_taxonomy_id":69,"taxonomy":"post_tag","description":"","parent":0,"count":3593,"filter":"raw","image":""},{"term_id":275,"name":"Stuttgart","slug":"stuttgart","term_group":0,"term_taxonomy_id":281,"taxonomy":"post_tag","description":"","parent":0,"count":1194,"filter":"raw","image":""},{"term_id":10098,"name":"Tourismus","slug":"tourismus","term_group":0,"term_taxonomy_id":10129,"taxonomy":"post_tag","description":"","parent":0,"count":6,"filter":"raw","image":""}]},"_links":{"self":[{"href":"https:\/\/die-webzeitung.de\/stuttgart\/wp-json\/wp\/v2\/posts\/157854","targetHints":{"allow":["GET"]}}],"collection":[{"href":"https:\/\/die-webzeitung.de\/stuttgart\/wp-json\/wp\/v2\/posts"}],"about":[{"href":"https:\/\/die-webzeitung.de\/stuttgart\/wp-json\/wp\/v2\/types\/post"}],"author":[{"embeddable":true,"href":"https:\/\/die-webzeitung.de\/stuttgart\/wp-json\/wp\/v2\/users\/4"}],"replies":[{"embeddable":true,"href":"https:\/\/die-webzeitung.de\/stuttgart\/wp-json\/wp\/v2\/comments?post=157854"}],"version-history":[{"count":1,"href":"https:\/\/die-webzeitung.de\/stuttgart\/wp-json\/wp\/v2\/posts\/157854\/revisions"}],"predecessor-version":[{"id":157856,"href":"https:\/\/die-webzeitung.de\/stuttgart\/wp-json\/wp\/v2\/posts\/157854\/revisions\/157856"}],"wp:featuredmedia":[{"embeddable":true,"href":"https:\/\/die-webzeitung.de\/stuttgart\/wp-json\/wp\/v2\/media\/157855"}],"wp:attachment":[{"href":"https:\/\/die-webzeitung.de\/stuttgart\/wp-json\/wp\/v2\/media?parent=157854"}],"wp:term":[{"taxonomy":"category","embeddable":true,"href":"https:\/\/die-webzeitung.de\/stuttgart\/wp-json\/wp\/v2\/categories?post=157854"},{"taxonomy":"post_tag","embeddable":true,"href":"https:\/\/die-webzeitung.de\/stuttgart\/wp-json\/wp\/v2\/tags?post=157854"}],"curies":[{"name":"wp","href":"https:\/\/api.w.org\/{rel}","templated":true}]}}