{"id":157841,"date":"2025-08-18T16:13:26","date_gmt":"2025-08-18T15:13:26","guid":{"rendered":"https:\/\/die-webzeitung.de\/stuttgart\/?p=157841"},"modified":"2025-08-24T20:39:30","modified_gmt":"2025-08-24T19:39:30","slug":"polizei-report-kreis-esslingen-woche-34-4","status":"publish","type":"post","link":"https:\/\/die-webzeitung.de\/stuttgart\/2025\/08\/18\/polizei-report-kreis-esslingen-woche-34-4\/","title":{"rendered":"Polizei-Report Kreis Esslingen | Woche 34"},"content":{"rendered":"<p><em>Quelle: ots<\/em><\/p>\n<p style=\"text-align: justify;\"><strong>Esslingen: Zusammensto\u00df zwischen Pkw und Linienbus<br \/>\n<\/strong>Aufgrund einer Vorfahrtsverletzung ist es am Samstagvormittag gegen 11.35 Uhr in der Esslinger Stra\u00dfe \/ Kohlerweg zu einem Verkehrsunfall mit zwei leichtverletzten Personen gekommen. Ein 45-J\u00e4hriger befuhr mit seinem Pkw Polestar den Kohlerweg, wollte nach links in die Esslinger Stra\u00dfe abbiegen und missachtete die Vorfahrt eines 31-J\u00e4hrigen, der mit dem Linienbus bevorrechtigt unterwegs war. Durch die starke Bremsung des Linienbusfahrers verletzten sich zwei 5- und 68-Jahre alte Fahrg\u00e4ste leicht. Es entstand ein Sachschaden von ca. 10.000 Euro.<\/p>\n<p style=\"text-align: justify;\"><strong>Hochdorf: Autofahrer \u00fcbersieht Motorrad, zwei Verletzte<br \/>\n<\/strong>Zu einem Zusammensto\u00df zwischen einem Ford Focus und einem Motorrad ist es am Samstagmittag, gegen 13.25 Uhr gekommen. Ein 38-J\u00e4hriger hat beim Ausfahren aus einer Tiefgarage auf die Bachstra\u00dfe (K1207) den 61-j\u00e4rhigen Motorradfahrer \u00fcbersehen, woraufhin dieser auf seiner Yamaha zu Boden geschleudert wurde. Hierbei erlitt er sowie seine 14-j\u00e4hrige Mitfahrerin leichte bis mittelschwere Verletzungen. Beide wurden nach einer medizinischen Erstversorgung durch den Rettungsdienst in eine Klinik gebracht. An beiden Fahrzeugen entstand ein Sachschaden von mehreren tausend Euro. F\u00fcr die Dauer der Unfallaufnahme war die Bachstra\u00dfe komplett gesperrt. Der Verkehr wurde inner\u00f6rtlich umgeleitet. Es kam zu geringf\u00fcgigen Verkehrsbeeintr\u00e4chtigungen.<\/p>\n<p style=\"text-align: justify;\"><strong>Wernau: Alkoholisierter Radfahrer st\u00fcrzt und verletzt sich schwer<br \/>\n<\/strong>Am Samstagabend, gegen 21.30 Uhr, hat ein 53-j\u00e4hriger Radfahrer auf dem absch\u00fcssigen Herdweg, unterhalb des Sportgel\u00e4ndes &#8220;Auf dem Kehlenberg&#8221;, die Kontrolle \u00fcber sein Fahrrad verloren, worauf er von der Stra\u00dfe abkam und st\u00fcrzte. Er zog sich diverse Verletzungen zu und wurde durch den Rettungsdienst in eine Klinik eingeliefert. Da bei der Unfallaufnahme eine deutliche Alkoholisierung bei dem Radfahrer festgestellt werden konnte, musste er eine Blutentnahme \u00fcber sich ergehen lassen. An seinem Mountainbike entstand nur geringer Sachschaden in Form von Kratzern.<\/p>\n<p style=\"text-align: justify;\"><strong>Ostifldern-Ruit: Trotz \u00dcberholverbot \u00fcberholt und Unfall verursacht<br \/>\n<\/strong>Am Samstagabend ist es gegen 20.10 Uhr zu einem Verkehrsunfall zwischen einem Audi Q3 und einem Motorrad gekommen. Ein 37-j\u00e4hriger Audi-Fahrer befuhr die Kirchheimer Stra\u00dfe in Richtung Ruit und wollte, wegen dem erh\u00f6hten Verkehrsaufkommen aufgrund einer Veranstaltung, auf H\u00f6he der Zinsholzstra\u00dfe wenden. Ein, ebenfalls in Richtung Ruit fahrender 21-J\u00e4hriger \u00fcberholte trotz bestehenden Verbotes mit seiner Yamaha mehrere Fahrzeuge und prallte schlie\u00dflich gegen die Fahrzeugfront des Audis, welcher bereits gewendet hatte. Im weiteren Verlauf wurde der Kradfahrer nach links in einen Gr\u00fcnstreifen abgewiesen wodurch er sich leicht verletzte. Der 21-J\u00e4hrige wurde durch den Rettungsdienst in eine Klinik gebracht. W\u00e4hrend der Unfallaufnahme stellte sich heraus, dass an der Yamaha nicht ausgegebene Kennzeichen angebracht und das Krad somit nicht zugelassen war. Ob der 21-J\u00e4hrige im Besitz einer g\u00fcltigen Fahrerlaubnis war, ist Gegenstand weiterer Ermittlungen. Der durch den Unfall entstandene Schaden wird auf ca. 3.000 Euro gesch\u00e4tzt.<\/p>\n<p style=\"text-align: justify;\"><strong>Kirchheim unter Teck: K\u00f6rperliche Auseinandersetzung (Zeugenaufruf)<br \/>\n<\/strong>Zu einer handfesten Auseinandersetzung ist es am Samstagvormittag um 9.30 Uhr in der Plochinger Stra\u00dfe gekommen. Hierbei wurde ein 27-J\u00e4hriger nach derzeitigem Stand der Ermittlungen von zwei 56- und 37-J\u00e4hrigen M\u00e4nnern abwechselnd geschlagen. Das Polizeirevier Kirchheim\/Teck sucht diesbez\u00fcglich Zeugen, insbesondere einen unbekannten Fahrzeugf\u00fchrer, welcher zur Tatzeit an der Personengruppe vorbeigefahren ist. Personen, welche die Tat beobachtet haben, werden gebeten, sich unter Tel.: 07021\/501-0 bei der Polizei zu melden.<\/p>\n<p style=\"text-align: justify;\"><strong>Leonberg: Ein Schwerverletzter nach Wohnungsbrand<\/strong><br \/>\nAm Sonntagmorgen, 24.08.2025 um 02:37 Uhr, wurde durch einen Anwohner eine Rauchentwicklung aus einer Wohnung in einem Mehrfamilienhaus in der Ostertagstra\u00dfe gemeldet. Aus bislang ungekl\u00e4rter Ursache brach das Feuer im Bereich des Bettes der betroffenen Wohnung aus. Das brennende Bett konnte durch die Feuerwehr gel\u00f6scht werden, bevor sich das Feuer in der Wohnung ausbreitete; weitere Wohnungen waren vom Brand nicht betroffen. Der 80-j\u00e4hrige Bewohner der betroffenen Wohnung wurde infolge des Brandes schwer verletzt und kam in ein umliegendes Krankenhaus. Weitere Bewohner des Mehrfamilienhauses mussten zwar betreut werden, Verletzte gab es sonst jedoch keine. Es entstand ein gesch\u00e4tzter Sachschaden in H\u00f6he eines mittleren dreistelligen Betrags. Vor Ort befand sich ein Gro\u00dfaufgebot an Polizei-, Feuerwehr- sowie Rettungskr\u00e4ften.<\/p>\n<p style=\"text-align: justify;\"><strong>Aichtal: Unfall mit zwei Verletzten<br \/>\n<\/strong>Zu einem Verkehrsunfall mit zwei Leichtverletzten und Sachschaden in H\u00f6he von mehreren tausend Euro ist es am Freitagmittag in Aichtal gekommen. Eine 62-j\u00e4hrige Opel-Fahrerin, die vom Sulzweg in die Gr\u00f6tzinger Stra\u00dfe einbiegen wollte missachtete gegen 12.30 Uhr die mittels Stoppschild gekennzeichnete Vorfahrt eines 56-j\u00e4hrigen Rennradfahrers, welcher auf der Gr\u00f6tzinger Stra\u00dfe in Richtung Neuenhaus fuhr. Es kam zum Zusammensto\u00df der beiden Verkehrsteilnehmer, wodurch der Radfahrer vom Pkw abgewiesen und sein Rennrad gegen einen 61-j\u00e4hrigen Pedelec-Fahrer geschleudert wurde, der auf der Gegenfahrbahn in Richtung Gr\u00f6tzingen unterwegs war. Beide Radler wurden durch das Verkehrsunfallgeschehen verletzt, wobei der 56-J\u00e4hrige vom Rettungsdienst in eine Klinik gebracht werden musste. An den drei Fahrzeugen entstand Sachschaden in H\u00f6he von etwa 8.000 Euro.<\/p>\n<p style=\"text-align: justify;\"><strong>Beuren: Gartenfackel verursacht Brand auf Balkon<br \/>\n<\/strong>Zum Einsatz der Feuerwehr und des Rettungsdienstes ist es in der Nacht von Freitag auf Samstag in der Goethestra\u00dfe in Beuren gekommen. Auf dem Balkon einer Apartmentanlage gerieten gegen 23 Uhr mehrere Gegenst\u00e4nde in Brand, nachdem ein 50-j\u00e4hriger Bewohner eine Gartenfackel nicht ordnungsgem\u00e4\u00df abgel\u00f6scht hatte. Ein aufmerksamer Nachbar stellte das Feuer fest und weckte den bereits schlafenden Verursacher. Der 50-J\u00e4hrige, welcher unverletzt blieb, konnte den Brand schlie\u00dflich mit eigenen Mitteln l\u00f6schen. Durch die Feuerwehr, welche mit vier Fahrzeugen und 29 Einsatzkr\u00e4ften anr\u00fcckte, erfolgten lediglich Nachl\u00f6scharbeiten. Der Rettungsdienst r\u00fcckte vorsorglich mit zwei Fahrzeugen und vier Einsatzkr\u00e4ften aus. Da neben diversen Gegenst\u00e4nden auch die Geb\u00e4udefassade, sowie der Balkon oberhalb des Apartments in Mitleidenschaft gezogen wurden, wird der entstandene Sachschaden auf circa 10.000 Euro gesch\u00e4tzt.<\/p>\n<p style=\"text-align: justify;\"><strong>Wernau: Nach Unfall weggefahren &#8211; Zeugenaufruf<br \/>\n<\/strong>Das Polizeirevier Kirchheim hat die Ermittlungen zu einem Verkehrsunfallgeschehen aufgenommen, welches sich am Freitagabend in der Ortsdurchfahrt Wernau zugetragen hat. Gegen 18.20 Uhr befuhr ein 58-j\u00e4hriger Toyota-Fahrer die Kirchheimer Stra\u00dfe in Fahrtrichtung Kirchheim. Hierbei hatte er einen aufgrund technischen Defektes nicht mehr fahrbereiten Audi mittels Abschleppstange im Schlepptau. In H\u00f6he der Albrechtstra\u00dfe soll schlie\u00dflich der unbekannte Fahrer eines roten BMW, unter Missachtung der Vorfahrt aus seiner Sicht nach rechts in die Kirchheimer Stra\u00dfe eingebogen sein. Um einen Zusammensto\u00df zu vermeiden soll der Toyota-Fahrer schlie\u00dflich eine Gefahrenbremsung durchgef\u00fchrt haben, was dazu f\u00fchrte, dass die Schleppstange verbog und das geschleppte Fahrzeug auffuhr. Der BMW soll anschlie\u00dfend seine Fahrt fortgesetzt haben, ohne sich um die Unfallfolgen zu k\u00fcmmern. An dem Audi entstand Sachschaden in H\u00f6he von etwa 2.000 Euro. Der 24 Jahre alte Lenker des abgeschleppten Pkw blieb unverletzt. Zwischen dem BMW und dem Toyota kam es zu keiner Ber\u00fchrung, ein Sachschaden war am Toyota nicht entstanden. Zeugen, die sachdienliche Hinweise zum Unfallgeschehen geben k\u00f6nnen, werden gebeten sich unter der Telefonnummer: 07021\/501-0 an das Polizeirevier Kirchheim zu wenden.<\/p>\n<p style=\"text-align: justify;\"><strong>Wernau: Essen auf Herd l\u00f6st Feuerwehreinsatz aus<br \/>\n<\/strong>Feuerwehr, Rettungsdienst und Polizei sind am Freitagnachmittag zu einem vermeintlichen Geb\u00e4udebrand in der Hauptstra\u00dfe ausger\u00fcckt. \u00dcber die Integrierte Leitstelle des Landkreises Esslingen gingen gegen 15.25 Uhr Anrufe \u00fcber einen m\u00f6glichen Geb\u00e4udebrand ein. Vor Ort konnte eine verqualmte Wohnung im Obergeschoss des Mehrfamilienhauses festgestellt werden. Die Bewohner hatten sich noch vor Eintreffen der Feuerwehr nach drau\u00dfen begeben. Nach ersten Erkenntnissen hatten angebrannte Speisen in der Wohnung einer 90-J\u00e4hrigen die Heimrauchmelder ausgel\u00f6st, was die Bewohner auf die entstandene Rauchentwicklung aufmerksam machte. Die Alarmausl\u00f6sende Pfanne konnte durch die Feuerwehr abgel\u00f6scht werden, nach Bel\u00fcftung der Wohnung war diese dennoch vorerst unbewohnbar. Die 90-j\u00e4hrige Frau musste vorsorglich mit dem Rettungsdienst in eine Klinik gebracht werden. Durch den Brand entstand Inventarschaden in H\u00f6he von etwa 5.000 Euro.<\/p>\n<p style=\"text-align: justify;\"><strong>Filderstadt: Unfall mit M\u00fcllfahrzeug<br \/>\n<\/strong>Zwei Personen sind bei einem Verkehrsunfall mit einem M\u00fcllfahrzeug am Freitagvormittag in Plattenhardt verletzt worden. Ein 30-J\u00e4hriger hielt kurz nach 10.30 Uhr in der aufsteigenden R\u00f6merstra\u00dfe mit dem Lkw der Marke Arocs an, damit sein Kollege die M\u00fclltonnen einsammeln und leeren konnte. Ersten Ermittlungen der Esslinger Verkehrspolizei nach, stieg der Fahrer des 32-Tonners ebenfalls aus. Hierbei unterlie\u00df er es, den Laster ordnungsgem\u00e4\u00df zu sichern, so dass der Lkw r\u00fcckw\u00e4rts losrollte. Der 30-J\u00e4hrige bemerkte dies noch und sprang in das F\u00fchrerhaus zur\u00fcck. Er konnte jedoch nicht verhindern, dass der M\u00fcllwagen gegen den dahinterstehenden VW eines 50 Jahre alten Mannes stie\u00df. Anschlie\u00dfend wurde der Golf knapp 20 Meter nach unten bis zur Einm\u00fcndung Uhlbergstra\u00dfe geschoben, wo beide Fahrzeuge zum Stehen kamen. Beim Zur\u00fcckrollen kollidierte der Lkw noch mit einem Mercedes-Benz AMG einer 75-J\u00e4hrigen, die nicht mehr ausweichen konnte. Der Golffahrer und seine 15 Jahre alte Beifahrerin zogen sich ersten Erkenntnissen nach leichte Verletzungen zu. Sie wurden mit einem Rettungswagen in eine Klinik gebracht. Der VW musste abgeschleppt werden. Zur Unterst\u00fctzung war die Feuerwehr ebenfalls an die Unfallstelle ausger\u00fcckt. \u00dcber die Schadensh\u00f6he liegen noch keine konkreten Angaben vor. Sie d\u00fcrfte bei mehreren zehntausend Euro liegen.<\/p>\n<p style=\"text-align: justify;\"><strong>N\u00fcrtingen: Schadenstr\u00e4chtiger Verkehrsunfall<br \/>\n<\/strong>Ein Schaden in hohem f\u00fcnfstelligen Bereich ist am Donnerstagnachmitag bei einem Verkehrsunfall in Neckarhausen entstanden. Eine 71-J\u00e4hrige wollte gegen 16.40 Uhr mit einem Mercedes-Benz in der Neckartailfinger Stra\u00dfe vor Geb\u00e4ude Nr. 4 einparken. Vermutlich aufgrund einer medizinischen Ursache verlor die Seniorin die Kontrolle \u00fcber ihren Wagen und trat auf das Gaspedal. Ihr Mercedes kollidierte daraufhin mit einem geparkten Nissan und schob diesen vor sich her. Der Micra wurde hierbei nach links abgewiesen und kam vor der Einm\u00fcndung Harzstra\u00dfe zum Stehen. Im weiteren Verlauf stie\u00df das Fahrzeug der Frau gegen eine Hauswand, worauf die Fensterscheiben einer Fahrschule zu Bruch gingen. Letztendlich krachte der Mercedes noch gegen einen weiteren abgestellten Audi Q3, der in einen Gr\u00fcnstreifen geschoben wurde. Das Auto der Unfallverursacherin kam auf dem Gehweg zum Stillstand. Die 71-J\u00e4hrige zog sich bei dem Unfall ersten Erkenntnissen nach leichte Verletzungen zu und musste mit einem Rettungswagen in eine Klinik gebracht werden. Der Mercedes und der Audi waren nicht mehr fahrbereit. Sie mussten abgeschleppt werden. Zur Unterst\u00fctzung war die Feuerwehr ebenfalls an die Unfallstelle ausger\u00fcckt.<\/p>\n<p style=\"text-align: justify;\"><strong>Wendlingen: Lkw in Schlangenlinien auf der B 313 unterwegs<br \/>\n<\/strong>Mehreren Zeugen ist am Donnerstagnachmittag ein in Schlangenlinien fahrender Lkw auf der B 313 aufgefallen. Kurz vor 16.30 Uhr war der Laster auf der Bundesstra\u00dfe von Plochingen herkommend in Richtung N\u00fcrtingen unterwegs. Verkehrsteilnehmer bemerkten, dass der Fahrer des 26 Tonner beide Fahrspuren ben\u00f6tigte und riefen daraufhin bei der Polizei an. Eine Streife des Polizeireviers N\u00fcrtingen konnte den Lkw an der Anschlussstelle K\u00f6ngen-S\u00fcd stoppen. Bei der anschlie\u00dfenden Kontrolle stellte sich heraus, dass der 50 Jahre alte Fahrer zu tief ins Glas geschaut hatte. Ein Test ergab einen vorl\u00e4ufigen Wert von rund zwei Promille. Nach der f\u00e4lligen Blutentnahme musste der Mann seine Fahrerlaubnis aush\u00e4ndigen.<\/p>\n<p style=\"text-align: justify;\"><strong>Dettingen: Mann mit Messer unterwegs<br \/>\n<\/strong>Ein Mann musste am Donnerstagnachmittag aufgrund seines Zustands in eine Klinik gebracht werden. Gegen 15.15 Uhr gingen bei der Polizei mehrere Notrufe ein, dass ein Mann mit einem Messer auf dem Parkplatz eines Lebensmittelgesch\u00e4fts in der Kirchheimer Stra\u00dfe unterwegs w\u00e4re. Dieser w\u00fcrde Drohungen aussprechen. Sofort fuhren mehrere Streifenwagen sowie Beamte des Fahndungstrupps und der Hundef\u00fchrerstaffel zu dem Parkplatz. Kunden des Supermarkts und eines sich ebenfalls dort befindlichen Drogeriemarktes hatten sich in den Gesch\u00e4ften in Sicherheit gebracht. Der Mann war zun\u00e4chst nicht mehr dort anzutreffen. W\u00e4hrend der Anzeigenaufnahme konnte der 29-j\u00e4hrige, polizeibekannte Tatverd\u00e4chtige in der N\u00e4he gesichtet werden. Er wurde im Anschluss widerstandslos festgenommen. Das Messer konnte in einem M\u00fclleimer aufgefunden und sichergestellt werden. Der 29-J\u00e4hrige wurde im Anschluss in die psychiatrische Abteilung des Krankenhauses eingeliefert. Gegen ihn wurde ein entsprechendes Ermittlungsverfahren eingeleitet.<\/p>\n<p style=\"text-align: justify;\"><strong>Dettingen: Radfahrer gest\u00fcrzt<br \/>\n<\/strong>Mit schweren Verletzungen musste ein gest\u00fcrzter Radfahrer am Mittwochnachmittag in eine Klinik eingeliefert werden. Gegen 15.30 Uhr war der Integrierten Leitstelle ein verungl\u00fcckter Radler auf einem Feldweg in Verl\u00e4ngerung der Stra\u00dfe Burghof in der N\u00e4he der dortigen Kleingartenanlage gemeldet worden. Beim Eintreffen der Rettungskr\u00e4fte am Unfallort fanden sie einen schwerverletzten, 62 Jahre alten Mann vor, der kopf\u00fcber zu Boden gest\u00fcrzt war. \u00dcber die genaue Unfallzeit liegen noch keine Erkenntnisse vor. Der Verungl\u00fcckte wurde zun\u00e4chst von einem Notarzt versorgt und im Anschluss mit einem Rettungswagen in das Krankenhaus gebracht. Der Mann hatte keinen Fahrradhelm getragen.<\/p>\n<p style=\"text-align: justify;\"><strong>Neuffen: M\u00fclltonnen angez\u00fcndet<br \/>\n<\/strong>Zum Brand zweier M\u00fclltonnen sind die Einsatzkr\u00e4fte am Mittwochabend in die Hauffstra\u00dfe ausger\u00fcckt. Gegen 19.30 Uhr waren die Einsatzleitstellen von Feuerwehr und Polizei von einem Zeugen alarmiert worden, der beobachtet hatte, wie drei Kinder eine an einer Garage platzierte Altpapiertonne in Brand gesteckt hatten, die sofort in Flammen aufging. Geistesgegenw\u00e4rtig war es einem weiteren Zeugen noch gelungen, zwei der dort abgestellten vier Tonnen in Sicherheit zu bringen. Bis zum Eintreffen der Feuerwehr, die mit drei Fahrzeugen und 18 Feuerwehrleuten im Einsatz war, hatten die Flammen bereits auf die danebenstehende Tonne \u00fcbergegriffen und die Fassade des angrenzenden Hauses in Mitleidenschaft gezogen. Durch den raschen und professionellen Einsatz der Feuerwehr konnte ein \u00dcbergreifen des Feuers auf das Geb\u00e4ude verhindert werden, die beiden M\u00fclltonnen waren aber nicht mehr zu retten. Die unmittelbar darauf eingeleiteten Fahndungsma\u00dfnahmen f\u00fchrten die Ermittler in der Folge auf die Spur der drei acht und neun Jahre alten Jungs, die die Tonnen mutma\u00dflich in Brand gesetzt hatten. Zur H\u00f6he des entstandenen Sachschadens liegen noch keine Informationen vor.<\/p>\n<p style=\"text-align: justify;\"><strong>Esslingen: Fehler beim Fahrstreifenwechsel<br \/>\n<\/strong>Eine kurze Unaufmerksamkeit d\u00fcrfte die Ursache eines Verkehrsunfalls gewesen sein, der sich am Mittwochnachmittag auf der Adenauerbr\u00fccke ereignet hat. Ein 27-J\u00e4hriger war dort kurz nach 14 Uhr mit seinem Lkw Daimler-Benz Atego auf dem linken der beiden Fahrstreifen unterwegs. Vor der Kreuzung bemerkte der ortsunkundige Fahrer, dass es sich bei seinem Fahrstreifen um die Linksabbiegespur handelte. Weil er geradeaus weiterfahren wollte, wechselte er auf die rechte Spur und \u00fcbersah dabei einen dort fahrenden 60-J\u00e4hrigen mit seinem BMW X7. Bei der nachfolgenden Kollision wurde niemand verletzt, allerdings wurde der BMW so schwer besch\u00e4digt, dass er nachfolgend von einem Abschleppdienst geborgen werden musste. Der entstandene Sachschaden am Lkw wird auf rund 500 Euro gesch\u00e4tzt. Der Sachschaden am BMW, an dem nahezu die ganze Fahrerseite aufgerissen wurde, d\u00fcrfte sich auf rund 20.000 Euro belaufen.<\/p>\n<p style=\"text-align: justify;\"><strong>Esslingen: Nach besonders schwerem Fall des Fahrzeugdiebstahls in Haft<\/strong><br \/>\nWegen des Verdachts des schweren Fahrzeugdiebstahls, Fahrens ohne Fahrerlaubnis und weiteren Verkehrsdelikten ermitteln die Staatsanwaltschaft Stuttgart und der Polizeiposten Berkheim gegen einen 38-j\u00e4hrigen Mann. Dieser wurde am Freitagabend nach einem Zeugenhinweis im Rahmen einer Verkehrskontrolle festgenommen und befindet sich zwischenzeitlich in Untersuchungshaft.<br \/>\nEinem Verkehrsteilnehmer war am Freitagabend, gegen 18.45 Uhr, auf der B 14 bei Stuttgart-Bad Cannstatt und nachfolgend auf der B 10 ein in Richtung Plochingen fahrender Toyota aufgefallen. Weil an dem Fahrzeug kein Kennzeichen angebracht und das Warnblinklicht eingeschaltet war, wurde die Polizei verst\u00e4ndigt, wonach im Stadtteil Berkheim eine Verkehrskontrolle des Pkw und dessen 38-j\u00e4hrigen Fahrers erfolgte.<br \/>\nErsten Feststellungen zufolge war der Toyota mutma\u00dflich durch den alleine im Fahrzeug sitzenden 38-J\u00e4hrigen mit einem elektronischen Ger\u00e4t in Gang gesetzt und gefahren worden. Ferner ergaben sich bei dem Fahrer Anhaltspunkte auf eine Beeinflussung von Bet\u00e4ubungsmitteln und Alkohol. Einen F\u00fchrerschein konnte er nicht vorweisen. Eine weitere \u00dcberpr\u00fcfung ergab, dass das Hybridfahrzeug aufgrund einer in Frankreich vorliegenden Diebstahlsanzeige zur Fahndung ausgeschrieben war. Der Fahrer wurde daraufhin noch an Ort und Stelle vorl\u00e4ufig festgenommen und der Pkw im Gesamtwert von rund 30.000 Euro sichergestellt.<br \/>\nDer 38-j\u00e4hrige Mann wurde am Samstag dem Haftrichter beim Amtsgericht Esslingen vorgef\u00fchrt, der den von der Staatsanwaltschaft Stuttgart beantragten Haftbefehl in Vollzug setzte. Der gambische Staatsangeh\u00f6rige wurde in eine Justizvollzugsanstalt verbracht. Die weiteren Ermittlungen dauern an.<\/p>\n<p style=\"text-align: justify;\"><strong>Aichtal: Nach mutma\u00dflichem Raub erheblichen Widerstand geleistet<br \/>\n<\/strong>Unter anderem wegen des Verdachts des Raubes ermittelt die Kriminalpolizei seit Dienstagvormittag gegen einen 35 Jahre alten Mann. Zwischen diesem und einer 38-J\u00e4hrigen soll es in den sp\u00e4ten Morgenstunden mutma\u00dflich gegen Bezahlung unter einer Br\u00fccke in der Neckartailfinger Stra\u00dfe zum Geschlechtsverkehr gekommen sein. Anschlie\u00dfend soll der 35-J\u00e4hrige die Gesch\u00e4digte eine dortige Treppe hinuntergesto\u00dfen und offenbar das zuvor bezahlte Bargeld aus deren Handtasche entnommen haben. Die 38-J\u00e4hrige erlitt nach ersten Erkenntnissen leichte Verletzungen, eine \u00e4rztliche Versorgung war nicht erforderlich. Der 35-J\u00e4hrige konnte sp\u00e4ter an seiner Aicher Wohnanschrift von den Einsatzkr\u00e4ften festgenommen werden. Dabei leistete er erheblichen Widerstand und biss unter anderem nach den eingesetzten Kr\u00e4ften. Zwei Polizeibeamte mussten sich im Anschluss zur weiteren Behandlung ins Krankenhaus begeben und konnten ihren Dienst danach nicht mehr fortsetzen. Auch der Beschuldigte wurde zur ambulanten Behandlung ins Krankenhaus gebracht. Das mutma\u00dflich abhanden gekommene Bargeld konnte bislang nicht aufgefunden werden. Der 35-J\u00e4hrige sieht nun einer ganzen Reihe von Strafanzeigen entgegen. Die Ermittlungen der Kriminalpolizei Esslingen dauern an.<\/p>\n<p style=\"text-align: justify;\"><strong>Esslingen: Von der Fahrbahn abgekommen<br \/>\n<\/strong>In der Zollbergstra\u00dfe ist am fr\u00fchen Mittwochmorgen ein Pkw von der Fahrbahn abgekommen. Ein 20-J\u00e4hriger befuhr gegen 1.20 Uhr mit seinem 1er BMW die Zollbergstra\u00dfe in Richtung Stadtmitte, wobei er seinen Angaben zufolge in einer Linkskurve einem Tier ausweichen musste. Dabei verlor er die Kontrolle \u00fcber seinen Wagen, kam ins Schleudern und nachfolgend nach rechts von der Fahrbahn ab. Verletzt wurde niemand, allerdings war der BMW nach dem Unfall so schwer besch\u00e4digt, dass er abgeschleppt werden musste. Der Sachschaden bel\u00e4uft sich auf etwa 3.000 Euro.<\/p>\n<p style=\"text-align: justify;\"><strong>Kirchheim unter Teck: Mit Pkw \u00fcberschlagen<br \/>\n<\/strong>Wirtschaftlicher Totalschaden in H\u00f6he von etwa 5.000 Euro und zwei leichtverletzte Mitfahrer sind die Bilanz eines Verkehrsunfalls, der sich am sp\u00e4ten Dienstagabend auf der K 1204 zwischen Lindorf und der B 297 ereignet hat. Nach eigenen Angaben war der 18-j\u00e4hrige BMW-Lenker gegen 23.20 Uhr einem querenden Wildtier ausgewichen und infolge der Gegenlenkung nach links von der Fahrbahn abgekommen. Hierbei fuhr der BMW die steile B\u00f6schung hinab und \u00fcberschlug sich. Von den drei Insassen im Pkw wurde eine 19-J\u00e4hrige aufgrund ihrer leichten Verletzungen mit dem Rettungsdienst in ein Krankenhaus verbracht, eine 17-J\u00e4hrige wollte sich selbstst\u00e4ndig in \u00e4rztliche Behandlung begeben. Der ebenfalls 17 Jahre alte Beifahrer blieb unverletzt.<\/p>\n<p style=\"text-align: justify;\"><strong>Owen: Rotlicht an Bahn\u00fcbergang missachtet und gefl\u00fcchtet (Zeugenaufruf)<br \/>\n<\/strong>Die Verkehrspolizei Esslingen fahndet derzeit nach dem Lenker eines Sattelzuges, der am Dienstagmorgen trotz Rotlicht den Bahn\u00fcbergang zwischen Unterleningen und Brucken \u00fcberqueren wollte. Gegen 8.50 Uhr befuhr der bislang unbekannte Lenker des Sattelzuges mit Auflieger die B 465 von Kirchheim in Richtung Unterlenningen und versuchte trotz Rotlicht den Bahn\u00fcbergang bei Brucken zu \u00fcberqueren. Die sich senkende Bahnschranke blieb im weiteren Verlauf zwischen der Zugmaschine und dem Auflieger h\u00e4ngen, \u00f6ffnete sich jedoch anschlie\u00dfend wieder. Ein heranfahrender Zug aus Richtung Kirchheim musste daraufhin anhalten. Nachdem der Zugf\u00fchrer den Lkw-Lenker angewiesen hatte, sein Fahrzeug abzustellen und zu warten, fuhr dieser weiter und fl\u00fcchtete vom Unfallort. Der Fahrer wird mit einem dunklen Teint beschrieben. Er soll eine wei\u00dfe Zugmaschine, Marke Mercedes Actros, mit einem Berliner Kennzeichen und einem angeh\u00e4ngten, grau-rotem Auflieger gefahren haben. Zeugenhinweise bitte an die Verkehrspolizei Esslingen unter Telefon 0711\/3990-0.<\/p>\n<p style=\"text-align: justify;\"><strong>Esslingen: Mann bei Auseinandersetzung verletzt (Zeugenaufruf)<br \/>\n<\/strong>Ein Mann musste am Montagnachmittag nach einer Auseinandersetzung in eine Klinik eingeliefert werden. Nach derzeitigem Ermittlungsstand wurde der 40-J\u00e4hrige gegen 15.30 Uhr unvermittelt von einem bislang unbekannten Mann im Bereich der Zufahrt zum Parkhaus an der Kollwitzstra\u00dfe angegangen. Hierbei f\u00fcgte der T\u00e4ter dem 40-J\u00e4hrigen mutma\u00dflich mit einem Messer mehrere Verletzungen zu. Als Passanten auf die Auseinandersetzung aufmerksam wurden, fl\u00fcchtete der Angreifer zu Fu\u00df in Richtung Fleischmannstra\u00dfe. Trotz einer Fahndung mit mehreren Polizeistreifen konnte er unerkannt entkommen. Der Verletzte musste mit einem Rettungswagen in eine Klinik gebracht und dort station\u00e4r aufgenommen werden. Von dem Unbekannten liegt folgende Beschreibung vor: Er ist zirka 50 Jahre alt, von schlanker Statur und hat schulterlange, wellige, dunkelblonde Haare. Zudem schielt der T\u00e4ter. \u00dcber die Bekleidung liegen bislang unterschiedliche Beschreibungen vor. Das Polizeirevier Esslingen hat die Ermittlungen aufgenommen und bittet unter Telefon 0711\/3990-0 um sachdienliche Hinweise.<\/p>\n<p style=\"text-align: justify;\"><strong>Kirchheim: Radlerin bei Sturz schwer verletzt<br \/>\n<\/strong>Mit einer schweren Verletzung musste eine gest\u00fcrzte Radfahrerin am Dienstagmorgen in eine Klinik gebracht werden. Die 51-J\u00e4hrige war mit ihrem Pedelec gegen 8.30 Uhr an der Einm\u00fcndung von den B\u00fcrgerseen herkommend nach links auf die B 297 Richtung Reudern abgebogen. Hierbei st\u00fcrzte sie aus bislang ungekl\u00e4rter Ursache zu Boden und blieb auf der Bundesstra\u00dfe liegen. Passanten k\u00fcmmerten sich bis zum Eintreffen der Rettungskr\u00e4fte um die Verungl\u00fcckte. Mit einem Rettungswagen wurde sie in das Krankenhaus gebracht. Der Schaden an ihrem Fahrrad bel\u00e4uft sich auf zirka 200 Euro.<\/p>\n<p style=\"text-align: justify;\"><strong>Notzingen: Von der Stra\u00dfe abgekommen<br \/>\n<\/strong>Nach ersten Erkenntnissen leichte Verletzungen hat ein 19 Jahre alter Autofahrer bei einem Verkehrsunfall am Montagnachmittag auf der K1205 erlitten. Der Mann befuhr gegen 14.30 Uhr mit einem BMW die Kreisstra\u00dfe von Ro\u00dfw\u00e4lden herkommend in Richtung Notzingen. Kurz nach einer scharfen Linkskurve kam er mit dem Wagen ins rechte Bankett und anschlie\u00dfend in den dortigen Graben. Der 19-J\u00e4hrige wurde vor Ort von einer Rettungswagenbesatzung versorgt und wollte sich anschlie\u00dfend selbst in \u00e4rztliche Behandlung begeben. An dem Fahrzeug entstand wirtschaftlicher Totalschaden. Es musste abgeschleppt werden. Auch die Feuerwehr war mit zwei Fahrzeugen und neun Einsatzkr\u00e4ften zur Unfallstelle ausger\u00fcckt.<\/p>\n<p style=\"text-align: justify;\"><strong>N\u00fcrtingen: Zeugen zu Vorfall an ZOB gesucht<br \/>\n<\/strong>Einsatzkr\u00e4fte der Polizei sind am Montagabend zum ZOB in die Bahnhofstra\u00dfe ausger\u00fcckt. Mehrere Anrufer hatten gegen 22.10 Uhr eine Auseinandersetzung zwischen 15 bis 20 Jugendlichen am Treppenaufgang in Richtung Oberboihinger Stra\u00dfe gemeldet, bei der von einem der Beteiligten offenbar drei Sch\u00fcsse abgegeben wurden. Anschlie\u00dfend waren alle Jugendlichen in unterschiedliche Richtungen gefl\u00fcchtet. Beim Eintreffen der ersten Streifenwagenbesatzung befanden sich keine Personen mehr vor Ort. Im Zuge einer eingeleiteten Fahndung mit mehreren Streifenwagenbesatzungen konnten in der R\u00fcmelinstra\u00dfe ein 17- und ein 18-J\u00e4hriger kontrolliert werden, die sich hinter einem dortigen Imbisswagen versteckt hielten. Eigenen Angaben zufolge waren die beiden infolge der Schussabgaben vom ZOB gefl\u00fcchtet. Inwieweit sie zuvor an der Auseinandersetzung beteiligt gewesen sein k\u00f6nnten, bedarf weiterer Ermittlungen. Diese hat das Polizeirevier N\u00fcrtingen aufgenommen. Zeugen, die der Polizei noch nicht bekannt sind, werden gebeten, sich unter Telefon 07022\/9224-0 zu melden.<\/p>\n<p style=\"text-align: justify;\"><strong>Kirchheim\/Teck: Frau tot aufgefunden -Tatverd\u00e4chtiger in Haft<\/strong><br \/>\nWegen des Verdachts eines T\u00f6tungsdeliktes ermitteln die Staatsanwaltschaft Stuttgart und die Kriminalpolizeidirektion Esslingen gegen einen 26-J\u00e4hrigen, in dessen Wohnung am Sonntagmittag die Leiche einer Frau gefunden wurde. Der polizeibekannte und vorbestrafte Mann, der in dringendem Verdacht steht, seine 30 Jahre alte Freundin get\u00f6tet zu haben, befindet sich zwischenzeitlich in Untersuchungshaft.<br \/>\nAm Sonntagmittag, gegen 12.30 Uhr, war die Polizei telefonisch von einer Angeh\u00f6rigen informiert worden, die \u00fcber einen Messengerdienst eine Nachricht des 26-J\u00e4hrigen erhalten hatte. An dessen Wohnung trafen die Polizeibeamten auf den mutma\u00dflich unter dem Einfluss berauschender Mittel stehenden 26-J\u00e4hrigen. Zudem fanden sie den Leichnam der 30-J\u00e4hrigen in der Wohnung, woraufhin der dringend tatverd\u00e4chtige Mann widerstandslos festgenommen wurde.<br \/>\nDie Kriminalpolizei hat unmittelbar die Ermittlungen zu den Umst\u00e4nden aufgenommen, die zu dem offenbar gewaltsamen Tod der Frau gef\u00fchrt haben.<br \/>\nDer beschuldigte 26-j\u00e4hrige Deutsche wurde am Montagnachmittag dem Haftrichter beim Amtsgericht Stuttgart vorgef\u00fchrt. Dieser erlie\u00df den von der Staatsanwaltschaft Stuttgart beantragten Haftbefehl und setzte ihn in Vollzug. Der Mann wurde in eine Justizvollzugsanstalt eingeliefert. Die Ermittlungen der Kriminalpolizei dauern an.<\/p>\n<p style=\"text-align: justify;\"><strong>Esslingen: \u00dcber rote Ampel gefahren? (Zeugenaufruf)<br \/>\n<\/strong>Zeugen zu einem Verkehrsunfall, der sich am Montagvormittag an der Kreuzung Stuttgarter Stra\u00dfe \/ Uhlandstra\u00dfe im Stadtteil Pliensauvorstadt ereignet hat, sucht die Verkehrspolizei Esslingen. Den Ermittlungen der Verkehrsunfallspezialisten zufolge war ein 79-J\u00e4hriger gegen 11.50 Uhr mit seiner Mercedes A-Klasse auf der Stuttgarter Stra\u00dfe in Richtung Berkheimer Stra\u00dfe unterwegs. An der Kreuzung zur Uhlandstra\u00dfe wollte er dem Stra\u00dfenverlauf geradeaus folgen, als es hinter der Einm\u00fcndung zur Kollision mit einer Fu\u00dfg\u00e4ngerin kam, die die Stuttgarter Stra\u00dfe auf der dortigen Fu\u00dfg\u00e4ngerfurt bei Gr\u00fcn aus Sicht des Fahrers von rechts nach links \u00fcberquerte. Die 37 Jahre alte Frau wurde bei dem Unfall so schwer verletzt, dass sie vom Rettungsdienst ins Krankenhaus gebracht werden musste. Der entstandene Sachschaden wird auf rund 3.000 Euro gesch\u00e4tzt. Die Verkehrspolizei sucht nach Zeugen, die den Unfall beobachtet haben. Insbesondere werden Zeugen gesucht, die Angaben zur Ampelschaltung f\u00fcr den Fahrzeugverkehr auf der Stuttgarter Stra\u00dfe machen k\u00f6nnen. Hinweise bitte an die Verkehrspolizei Esslingen, Telefon 0711\/3990-420.<\/p>\n<p style=\"text-align: justify;\"><strong>Esslingen: M\u00fclltonne in Brand gesetzt<br \/>\n<\/strong>Zu einem Kleinbrand im Bernhard-Denzel-Weg sind Feuerwehr und Polizei am Montag gegen 1.40 Uhr ausger\u00fcckt. Ein Anwohner hatte auf einem Parkplatz im Bereich der dortigen Schulen eine brennende M\u00fclltonne mitgeteilt. Durch das sofortige Abl\u00f6schen durch die Feuerwehr konnte ein \u00dcbergreifen auf die Vegetation verhindert werden. Der entstandene Sachschaden konnte bislang noch nicht beziffert werden.<\/p>\n<p style=\"text-align: justify;\"><strong>Esslingen: Brand an Hausfassade<br \/>\n<\/strong>Vermutlich aufgrund eines technischen Defekts an einem Stromkabel ist es am sp\u00e4ten Sonntagabend zum Brand einer Hausfassade in der Obertorstra\u00dfe gekommen. Gegen 22.15 Uhr r\u00fcckten Feuerwehr und Polizei an die Einsatzstelle aus, die Flammen waren jedoch von Anwohnern bereits gel\u00f6scht worden. Der Sachschaden bel\u00e4uft sich nach ersten Sch\u00e4tzungen auf mehrere hundert Euro. Personen wurden nicht verletzt.<\/p>\n<p style=\"text-align: justify;\"><strong>Ostfildern: Vor Kindern entbl\u00f6\u00dft<br \/>\n<\/strong>Wegen des Verdachts des sexuellen Missbrauchs von Kindern ermittelt das Polizeirevier Filderstadt gegen einen 52-J\u00e4hrigen, der sich am Sonntagnachmittag an einem Spielplatz in der Gabriele-M\u00fcnter-Stra\u00dfe vor Kindern entbl\u00f6\u00dft haben soll. Der Mann hatte sich gegen 17.15 Uhr auf einer Parkbank am Kinderwasserspielplatz aufgehalten, wobei sich zwischen ihm und mehreren Eltern ein Streit entwickelt hatte. Im Verlauf dieses Streites soll es nicht nur zu Beleidigungen gekommen sein, sondern der Mann soll sich auch entbl\u00f6\u00dft und onaniert haben, bevor er die Flucht ergriff. Das Polizeirevier Filderstadt hat die Ermittlungen gegen den zwischenzeitlich zweifelsfrei identifizierten Mann aufgenommen.<\/p>\n<p style=\"text-align: justify;\"><strong>Reichenbach: Mit Lichtmast kollidiert und davongefahren<br \/>\n<\/strong>Nach einem Verkehrsunfall am Sonntagabend am Kreisverkehr Stuttgarter Stra\u00dfe musste eine 40-J\u00e4hriger seinen F\u00fchrerschein abgeben. Ein zun\u00e4chst Unbekannter war gegen 19.50 Uhr mit einem Ford Transit im dortigen Kreisverkehr frontal gegen einen Lichtmast geprallt und anschlie\u00dfend davongefahren. Ein Zeuge, der sich das Kennzeichen des Fahrzeugs gemerkt hatte, alarmierte die Polizei. Die Einsatzkr\u00e4fte konnten den mutma\u00dflichen, 40 Jahre alten Fahrzeuglenker daraufhin an seiner Wohnanschrift antreffen. Ein Alkoholtest ergab einen vorl\u00e4ufigen Wert von \u00fcber zwei Promille. Der Mann musste daraufhin nicht nur eine Blutprobe, sondern auch seinen F\u00fchrerschein abgeben.<\/p>\n<hr \/>\n<p style=\"text-align: justify;\">\n","protected":false},"excerpt":{"rendered":"<p>Quelle: ots Esslingen: Zusammensto\u00df zwischen Pkw und Linienbus Aufgrund einer Vorfahrtsverletzung ist es am Samstagvormittag gegen 11.35 Uhr in der Esslinger Stra\u00dfe \/ Kohlerweg zu einem Verkehrsunfall mit zwei leichtverletzten Personen gekommen. Ein 45-J\u00e4hriger befuhr mit seinem Pkw Polestar den Kohlerweg, wollte nach links in die Esslinger Stra\u00dfe abbiegen und missachtete die Vorfahrt eines 31-J\u00e4hrigen, [&hellip;]<\/p>\n","protected":false},"author":4,"featured_media":152245,"comment_status":"closed","ping_status":"open","sticky":false,"template":"","format":"standard","meta":{"inline_featured_image":false,"_exactmetrics_skip_tracking":false,"_exactmetrics_sitenote_active":false,"_exactmetrics_sitenote_note":"","_exactmetrics_sitenote_category":0,"footnotes":""},"categories":[11240],"tags":[14857,14440,68,205,1625],"class_list":{"0":"post-157841","1":"post","2":"type-post","3":"status-publish","4":"format-standard","5":"has-post-thumbnail","7":"category-region-esslingen","8":"tag-die-webzeitung","9":"tag-esslingen","10":"tag-online-zeitung","11":"tag-polizei","12":"tag-report"},"image_feature":"https:\/\/die-webzeitung.de\/stuttgart\/wp-content\/uploads\/sites\/4\/2024\/02\/Polizei-Pix-scaled.jpg","author_name":"Redaktion","pure_taxonomies":{"categories":[{"term_id":11240,"name":"Polizei-Report Esslingen","slug":"region-esslingen","term_group":0,"term_taxonomy_id":11278,"taxonomy":"category","description":"Polizeiberichte aus der Region des Landkreises Esslingen","parent":1619,"count":69,"filter":"raw","image":""}],"tags":[{"term_id":14857,"name":"Die-Webzeitung","slug":"die-webzeitung","term_group":0,"term_taxonomy_id":14876,"taxonomy":"post_tag","description":"","parent":0,"count":3623,"filter":"raw","image":""},{"term_id":14440,"name":"Esslingen","slug":"esslingen","term_group":0,"term_taxonomy_id":3885,"taxonomy":"post_tag","description":"","parent":0,"count":202,"filter":"raw","image":""},{"term_id":68,"name":"Online-Zeitung","slug":"online-zeitung","term_group":0,"term_taxonomy_id":69,"taxonomy":"post_tag","description":"","parent":0,"count":3593,"filter":"raw","image":""},{"term_id":205,"name":"Polizei","slug":"polizei","term_group":0,"term_taxonomy_id":208,"taxonomy":"post_tag","description":"","parent":0,"count":277,"filter":"raw","image":""},{"term_id":1625,"name":"Report","slug":"report","term_group":0,"term_taxonomy_id":1634,"taxonomy":"post_tag","description":"","parent":0,"count":210,"filter":"raw","image":""}]},"_links":{"self":[{"href":"https:\/\/die-webzeitung.de\/stuttgart\/wp-json\/wp\/v2\/posts\/157841","targetHints":{"allow":["GET"]}}],"collection":[{"href":"https:\/\/die-webzeitung.de\/stuttgart\/wp-json\/wp\/v2\/posts"}],"about":[{"href":"https:\/\/die-webzeitung.de\/stuttgart\/wp-json\/wp\/v2\/types\/post"}],"author":[{"embeddable":true,"href":"https:\/\/die-webzeitung.de\/stuttgart\/wp-json\/wp\/v2\/users\/4"}],"replies":[{"embeddable":true,"href":"https:\/\/die-webzeitung.de\/stuttgart\/wp-json\/wp\/v2\/comments?post=157841"}],"version-history":[{"count":14,"href":"https:\/\/die-webzeitung.de\/stuttgart\/wp-json\/wp\/v2\/posts\/157841\/revisions"}],"predecessor-version":[{"id":157900,"href":"https:\/\/die-webzeitung.de\/stuttgart\/wp-json\/wp\/v2\/posts\/157841\/revisions\/157900"}],"wp:featuredmedia":[{"embeddable":true,"href":"https:\/\/die-webzeitung.de\/stuttgart\/wp-json\/wp\/v2\/media\/152245"}],"wp:attachment":[{"href":"https:\/\/die-webzeitung.de\/stuttgart\/wp-json\/wp\/v2\/media?parent=157841"}],"wp:term":[{"taxonomy":"category","embeddable":true,"href":"https:\/\/die-webzeitung.de\/stuttgart\/wp-json\/wp\/v2\/categories?post=157841"},{"taxonomy":"post_tag","embeddable":true,"href":"https:\/\/die-webzeitung.de\/stuttgart\/wp-json\/wp\/v2\/tags?post=157841"}],"curies":[{"name":"wp","href":"https:\/\/api.w.org\/{rel}","templated":true}]}}