{"id":157839,"date":"2025-08-18T16:10:48","date_gmt":"2025-08-18T15:10:48","guid":{"rendered":"https:\/\/die-webzeitung.de\/stuttgart\/?p=157839"},"modified":"2025-08-23T10:08:48","modified_gmt":"2025-08-23T09:08:48","slug":"polizei-report-kreis-boeblingen-woche-34-4","status":"publish","type":"post","link":"https:\/\/die-webzeitung.de\/stuttgart\/2025\/08\/18\/polizei-report-kreis-boeblingen-woche-34-4\/","title":{"rendered":"Polizei-Report Kreis B\u00f6blingen | Woche 34"},"content":{"rendered":"<p><em>Quelle: ots<\/em><\/p>\n<p style=\"text-align: justify;\"><strong>Sindelfingen: Fahrzeugbrand nach Verkehrsunfall<\/strong><br \/>\nIn Sindelfingen ereignete sich am Freitag, 22.08.2025, gegen 21:35 Uhr, an der Einm\u00fcndung der Kreisstra\u00dfe 1000 in die Kreisstra\u00dfe 1066 ein Verkehrsunfall mit einem gesch\u00e4tzten Gesamtsachschaden von 65.000 Euro. Der 22-j\u00e4hrige Fahrer eines Jaguar F-Type befuhr die K 1000 von Ehningen kommend und \u00fcbersah an der Einm\u00fcndung den bevorrechtigten 60-j\u00e4hrigen Fahrer eines Hyundai I10. Dieser befuhr die K 1066 aus Aidlingen kommend in Richtung Dagersheim. Durch den Verkehrsunfall wurden keine Personen verletzt, jedoch geriet der Jaguar kurze Zeit nach der Kollision in Brand. Die Feuerwehren B\u00f6blingen und Dagersheim waren mit starken Kr\u00e4ften vor Ort. F\u00fcr die L\u00f6scharbeiten und die Unfallaufnahme waren die K 1000 und die K 1066 in diesem Bereich f\u00fcr etwa eineinhalb Stunden gesperrt.<\/p>\n<p style=\"text-align: justify;\"><strong>Herrenberg-G\u00fclstein: Frontalzusammensto\u00df fordert zwei Schwerverletzte<\/strong><br \/>\nAm Mittwoch (20.08.2025) kam es gegen 12:00 Uhr auf der Kreisstra\u00dfe 1036 (K 1036) bei G\u00fclstein zu einem Frontalzusammensto\u00df zweier Fahrzeuge. Eine 38-j\u00e4hrige BMW-Lenkerin war auf der K 1036 von G\u00fclstein kommend unterwegs, als sie vor der Einm\u00fcndung zur Kreisstra\u00dfe 1037, welche in Richtung G\u00e4ufelden-Tailfingen f\u00fchrt, einen 34-j\u00e4hrigen Traktor-Lenker \u00fcberholte. Hierbei \u00fcbersah sie mutma\u00dflich eine 78-j\u00e4hrige Opel-Lenkerin, die auf der K 1036 in Richtung G\u00fclstein fuhr. Bei der anschlie\u00dfenden Kollision wurde der BMW abgewiesen, kippte auf die Seite und kam auf dem Dach zum Liegen. Beide Fahrzeug-Lenkerinnen erlitten schwere Verletzungen und wurden vom Rettungsdienst in Krankenh\u00e4user gebracht. Ein Rettungshubschrauber war vorsorglich vor Ort. Beide Fahrzeuge mussten abgeschleppt werden. Der Gesamtsachschaden bel\u00e4uft sich auf rund 30.000 Euro. F\u00fcr die Dauer der Unfallaufnahme und die Stra\u00dfenreinigung war die K 1036 zwischen dem Kreisverkehr Altinger Stra\u00dfe (K 1039) und der Einm\u00fcndung zur K 1037 bis etwa 15:00 Uhr gesperrt. Eine \u00f6rtliche Umleitung wurde eingerichtet.<\/p>\n<p style=\"text-align: justify;\"><strong>Herrenberg-Kayh\/Ammerbuch-Altingen: Jugendlicher liefert sich Rennen mit der Polizei<\/strong><br \/>\nWegen verbotenem Kraftfahrzeugrennen, Fahrens ohne Fahrerlaubnis und Fahrens ohne Versicherungsschutz ermittelt die Polizei derzeit gegen einen 17 Jahre alten Motorrollerfahrer, der am Dienstag (19.08.2025) gegen 22:30 Uhr auf der Bundesstra\u00dfe 296 (B 296) bei Kayh auffiel. Ein Zeuge meldete einen in Schlangenlinien fahrenden Motorroller ohne Kennzeichen in T\u00fcbingen-Unterjesingen, der nach einiger Zeit mit \u00fcberh\u00f6hter Geschwindigkeit \u00fcber die B 296 in Richtung Kayh gefahren sein soll. Im Rahmen einer sofort einleiteten Fahndung waren mehrere Streifen des Polizeipr\u00e4sidiums Reutlingen auf dem Weg zu der gemeldeten \u00d6rtlichkeit. Eine im Bereich Kayh fahndende Streifenwagenbesatzung des Polizeireviers Herrenberg entdeckte den aus Unterjesingen kommenden Motorroller. Bei Erblicken des Streifenwagens bog der Jugendliche abrupt nach links in die Gipswerkstra\u00dfe ein. Er fuhr auf der Gipswerkstra\u00dfe \u00fcber einen Gr\u00fcnstreifen und versuchte \u00fcber einen Radweg zu entkommen. Der Jugendliche ignorierte bei der anschlie\u00dfenden Verfolgung s\u00e4mtliche Anhaltesignale und fuhr weiter in Richtung Ammerbuch-Altingen. Am Ortseingang von Altingen lenkte der Fl\u00fcchtige sein Zweirad unvermittelt wieder auf die Fahrbahn, so dass die Lenkerin des Streifenwagens eine Vollbremsung einleiten musste, um eine Kollision mit dem Motoroller zu verhindern. Der 17-J\u00e4hrige setzte seine Flucht fort, indem er durch eine Baustellabsperrung fuhr und die Einsatzkr\u00e4fte ihn zun\u00e4chst aus den Augen verloren. Nach mehreren Zeugenhinweisen von Passanten im Ortsgebiet Altingen stellte die Streifenwagenbesatzung den Jugendlichen auf einem Tankstellengel\u00e4nde in der Lettenstra\u00dfe fest. Dort konnte der 17-J\u00e4hrige den Motorroller nicht mehr starten und rannte vor den Einsatzkr\u00e4ften weg. Diese konnten den Fl\u00fcchtigen nach kurzer Verfolgung zu Fu\u00df einholen. Um ihn vorl\u00e4ufig festnehmen zu k\u00f6nnen, brachten die Einsatzkr\u00e4fte den Jugendlichen zu Boden. Hierbei erlitt eine Polizeibeamtin leichte Verletzungen. Der Jugendliche wurde nach Abschluss der Ma\u00dfnahmen in die Obhut einer Erziehungsberechtigten \u00fcbergeben. Die Ermittlungen dauern an.<\/p>\n<p style=\"text-align: justify;\"><strong>A81 Sindelfingen: r\u00fccksichtsloser Motorradfahrer gef\u00e4hrdet Verkehrsteilnehmende<\/strong><br \/>\nDie Verkehrspolizeiinspektion Ludwigsburg sucht Zeugen, die am Sonntag (17.08.2025) gegen 12.20 Uhr einen auff\u00e4llig fahrenden Motorradlenker auf der Bundesautobahn 81 zwischen der Anschlussstelle Sindelfingen-Ost und dem Autobahnkreuz Stuttgart beobachtet haben. Gem\u00e4\u00df den Angaben eines 34 Jahre alten PKW-Fahrers soll der Unbekannte, der eine Harley-Davidson lenkte, mehrfach rechts \u00fcberholt und beim anschlie\u00dfenden Wiedereinscheren Verkehrsteilnehmende zum Abbremsen gezwungen haben. Hierbei habe er alle vorhandenen Fahrstreifen genutzt. An dem Motorrad sei ein B\u00f6blinger Kennzeichen (BB-) angebracht gewesen sein und der Fahrer habe einen Helm, eine Jeans und wei\u00dfe Turnschuhe getragen. Hinweise nimmt die Polizei unter Tel. 0711 6869-0 oder E-Mail: <a href=\"mailto:stuttgart-vaihingen.vpi@polizei.bwl.de\" target=\"_blank\" rel=\"noopener\">stuttgart-vaihingen.vpi@polizei.bwl.de<\/a> entgegen.<\/p>\n<p style=\"text-align: justify;\"><strong>Holzgerlingen: Motorradfahrer fl\u00fcchtet nach Unfall<\/strong><br \/>\nWegen Verkehrsunfallflucht ermittelt das Polizeirevier B\u00f6blingen gegen einen noch unbekannten Motorradfahrer, der am Dienstag (19.08.2025) gegen 08.40 Uhr in der Ahornstra\u00dfe in Holzgerlingen in einen Unfall verwickelt war. Eine 39 Jahre alte Peugeot-Fahrerin war vor dem Motorradfahrer unterwegs und musste auf H\u00f6he des Sonnenrainwegs verkehrsbedingt anhalten. Dies \u00fcbersah der Unbekannte vermutlich und fuhr auf den Peugeot auf. Anstatt sich nun um den entstandenen Sachschaden in H\u00f6he von etwa 4.000 Euro zu k\u00fcmmern, wendete der Motorradfahrer und fl\u00fcchtete in Richtung der Stra\u00dfe &#8220;Wengertsteige&#8221;. Zeugen, die Hinweise zu dem Motorrad oder dem Fahrer geben k\u00f6nnen, wenden sich unter Tel. 07031 13-2500 oder per E-Mail: <a href=\"mailto:boeblingen.prev@polizei.bwl.de\" target=\"_blank\" rel=\"noopener\">boeblingen.prev@polizei.bwl.de<\/a> an das Polizeirevier B\u00f6blingen.<\/p>\n<p style=\"text-align: justify;\"><strong>Aidlingen-Dachtel: Gasverpuffung in Wohnhaus<\/strong><br \/>\nAm Dienstag (19.08.2025) gegen 15:45 Uhr r\u00fcckten Einsatzkr\u00e4fte von Feuerwehr, Rettungsdienst, technischem Hilfswerk und Polizei in den Finkenweg in Dachtel aus, nachdem ein lauter Knall und mehrere zersplitterte Fensterscheiben eines Wohnhauses gemeldet worden waren. Gem\u00e4\u00df den ersten Ermittlungen d\u00fcrfte es in der Erdgeschosswohnung des Hauses aus bislang ungekl\u00e4rter Ursache zu einer Gasverpuffung gekommen sein. Durch die Verpuffung d\u00fcrfte es eine Stichflamme gegeben haben. Ein Brand entstand nicht. Auch bestand keine Gefahr f\u00fcr die umliegenden H\u00e4user. Im Inneren der Wohnung hielt sich zu diesem Zeitpunkt ein 51 Jahre alter Bewohner auf. Dieser erlitt schwere Verletzungen und musste mit einem Rettungshubschrauber in ein Krankenhaus geflogen werden. Weitere Personen befanden sich weder in der betreffenden Wohnung, noch in anderen Teilen des Geb\u00e4udes. Nach erster Einsch\u00e4tzung eines Statikers besteht keine Einsturzgefahr f\u00fcr das Wohngeb\u00e4ude. Der Sachschaden wird auf mindestens 50.000 Euro gesch\u00e4tzt. Die Ermittlungen dauern an.<\/p>\n<p style=\"text-align: justify;\"><strong>Aidlingen: 22-j\u00e4hriger Opel-Fahrer \u00fcberschl\u00e4gt sich<\/strong><br \/>\nLeichte Verletzungen erlitt ein 22 Jahre alter Opel-Fahrer am Montag (18.08.2025) bei einem Unfall, der sich kurz nach 14.00 Uhr auf der Kreisstra\u00dfe 1063 zwischen D\u00e4tzingen und Lehenweiler ereignete. Vermutlich kam der junge Fahrer aus noch unbekannter Ursache zun\u00e4chst nach rechts in den Gr\u00fcnstreifen ab. Ruckartige Lenkbewegungen d\u00fcrften dann dazu gef\u00fchrt haben, dass der Opel ins Wanken geriet und sich einmal vollst\u00e4ndig \u00fcberschlug, so dass er wieder auf den R\u00e4dern landete. Der 22-J\u00e4hrige konnte den PKW selbstst\u00e4ndig verlassen und wurde vom Rettungsdienst in ein Krankenhaus gebracht. Der entstandene Sachschaden wurde auf rund 8.000 Euro gesch\u00e4tzt. Der Opel war nicht mehr fahrbereit und musste abgeschleppt werden.<\/p>\n<p style=\"text-align: justify;\"><strong>Weil der Stadt-Merklingen: Ohne Kennzeichen unterwegs &#8211; Zeugen gesucht<\/strong><br \/>\nDas Polizeirevier Leonberg ermittelt gegen einen noch unbekannten jungen Mann, der am Samstagabend (16.08.2025) mit einem Motocross-Motorrad ohne Kennzeichen in Merklingen unterwegs war. Der Unbekannte war mit dem Zweirad auf der Kreisstra\u00dfe 1014 von Renningen-Malmsheim kommend in Richtung Merklingen unterwegs. Im Ortsbereich von Merklingen fuhr er zun\u00e4chst durch mehrere Stra\u00dfen, bevor er dann in der Hausener Stra\u00dfe einer Kontrolle unterzogen werden sollte. Der Unbekannte beschleunigte sein Zweirad jedoch und fuhr durch die Paulinenstra\u00dfe und im Anschluss \u00fcber einen Fu\u00dfweg in den Ursprungsweg, worauf ihn die Polizei aus den Augen verlor. Eine sofort eingeleitete Fahndung f\u00fchrte bislang nicht zur Identifizierung des Fahrers. Der Unbekannte war auf einer wei\u00dfen Motocross-Maschine mit orangefarbenen Felgen unterwegs. Der Fahrer wurde beschrieben als etwa 13-17 Jahre alt, schlank und 165 bis 175 Zentimeter gro\u00df. Er soll mit einer blauen Jeans, einer wei\u00dfen Jacke und wei\u00dfen Schuhe bekleidet gewesen sein. Weiter habe er noch einen schwarzen Helm und einen schwarzen Rucksack getragen. Zeugen, die sachdienliche Angaben zu dem Motorrad oder zum Fahrer machen k\u00f6nnen, werden gebeten, sich bei der Polizei unter Tel. 07152 605-0 oder per E-Mail an <a href=\"mailto:leonberg.prev@polizei.bwl.de\" target=\"_blank\" rel=\"noopener\">leonberg.prev@polizei.bwl.de<\/a> zu melden.<\/p>\n<p style=\"text-align: justify;\"><strong>Leonberg: Verkehrsunfall mit einer schwer- und einer leicht verletzten Person<\/strong><br \/>\nZwei verletzte Personen und ein Sachschaden von rund 43.000 Euro sind die Bilanz eines Verkehrsunfalls, der sich am Sonntag (17.08.2025) gegen 20:00 Uhr im Einm\u00fcndungsbereich der S\u00fcdrandstra\u00dfe und der Neuen Ramtelstra\u00dfe in Leonberg ereignete. Eine 36-j\u00e4hrige Opel-Lenkerin wollte von der Neuen Ramtelstra\u00dfe nach links in die S\u00fcdrandstra\u00dfe in Richtung Glemstal abbiegen. Hierbei \u00fcbersah sie mutma\u00dflich den 29 Jahre alten Lenker eines Honda-Motorrades, der auf der S\u00fcdrandstra\u00dfe aus Richtung Glemstal kommend weiter geradeaus fahren wollte. Bei der Kollision im Einm\u00fcndungsbereich erlitt der 29-J\u00e4hrige schwere Verletzungen und wurde vom Rettungsdienst in ein Krankenhaus gebracht. Die 36-j\u00e4hrige Opel-Lenkerin erlitt leichte Verletzungen. Sowohl der Opel als auch die Honda waren nicht mehr fahrbereit und mussten abgeschleppt werden. Zur Kl\u00e4rung des genauen Unfallhergangs wurde von der Staatsanwaltschaft Stuttgart ein Gutachter beauftragt. Der Einm\u00fcndungsbereich war f\u00fcr die Dauer der Unfallaufnahme und der Fahrbahnreinigung bis nach Mitternacht gesperrt.<\/p>\n<p style=\"text-align: justify;\"><strong>Herrenberg: Renitenter Mann beleidigt Polizeibeamte und leistet Widerstand<\/strong><br \/>\nMit einem renitenten 57-j\u00e4hrigen Mann hatten es am Samstag (16.08.2025) gegen 11:50 Uhr Beamte und Beamtinnen des Polizeireviers Herrenberg zu tun. Nachdem Zeugen der Integrierten Leitstelle (ILS) gemeldet hatten, dass ein Mann auf dem Parkplatz eines Discounters in der Kalkofenstra\u00dfe von einer Mauer in ein Geb\u00fcsch gefallen sei und sich seitdem nicht mehr r\u00fchre, stellten die Mitarbeitenden des Rettungsdienstes fest, dass der 57-J\u00e4hrige mutma\u00dflich erheblich unter dem Einfluss berauschender Mittel stand. Nach Eintreffen der Streifenwagenbesatzungen konnte der 57-J\u00e4hrige geweckt werden. Er verhielt sich zugleich aggressiv gegen\u00fcber den Einsatzkr\u00e4ften und dem Rettungsdienst. Beim Versuch ihn nach einem Ausweis zu durchsuchen, leistete der Mann Widerstand. Weiterhin beleidigte er die Einsatzkr\u00e4fte fortlaufend. Nachdem die Beamtinnen und Beamten dem Mann b\u00e4ndigen konnten, wurde er vom Rettungsdienst in ein Krankenhaus gefahren. Das Polizeirevier Herrenberg ermittelt nun gegen den 57-J\u00e4hrigen wegen Widerstands gegen Vollstreckungsbeamte und Beleidigung.<\/p>\n<hr \/>\n<p style=\"text-align: justify;\">\n","protected":false},"excerpt":{"rendered":"<p>Quelle: ots Sindelfingen: Fahrzeugbrand nach Verkehrsunfall In Sindelfingen ereignete sich am Freitag, 22.08.2025, gegen 21:35 Uhr, an der Einm\u00fcndung der Kreisstra\u00dfe 1000 in die Kreisstra\u00dfe 1066 ein Verkehrsunfall mit einem gesch\u00e4tzten Gesamtsachschaden von 65.000 Euro. Der 22-j\u00e4hrige Fahrer eines Jaguar F-Type befuhr die K 1000 von Ehningen kommend und \u00fcbersah an der Einm\u00fcndung den bevorrechtigten [&hellip;]<\/p>\n","protected":false},"author":4,"featured_media":152245,"comment_status":"closed","ping_status":"open","sticky":false,"template":"","format":"standard","meta":{"inline_featured_image":false,"_exactmetrics_skip_tracking":false,"_exactmetrics_sitenote_active":false,"_exactmetrics_sitenote_note":"","_exactmetrics_sitenote_category":0,"footnotes":""},"categories":[11239],"tags":[3061,14857,68,205,1625],"class_list":{"0":"post-157839","1":"post","2":"type-post","3":"status-publish","4":"format-standard","5":"has-post-thumbnail","7":"category-region-boblingen-leonberg","8":"tag-boblingen","9":"tag-die-webzeitung","10":"tag-online-zeitung","11":"tag-polizei","12":"tag-report"},"image_feature":"https:\/\/die-webzeitung.de\/stuttgart\/wp-content\/uploads\/sites\/4\/2024\/02\/Polizei-Pix-scaled.jpg","author_name":"Redaktion","pure_taxonomies":{"categories":[{"term_id":11239,"name":"Polizei-Report B\u00f6blingen","slug":"region-boblingen-leonberg","term_group":0,"term_taxonomy_id":11277,"taxonomy":"category","description":"Polizeiberichte aus der Region des Landkreises B\u00f6blingen","parent":1619,"count":68,"filter":"raw","image":""}],"tags":[{"term_id":3061,"name":"B\u00f6blingen","slug":"boblingen","term_group":0,"term_taxonomy_id":3075,"taxonomy":"post_tag","description":"","parent":0,"count":260,"filter":"raw","image":""},{"term_id":14857,"name":"Die-Webzeitung","slug":"die-webzeitung","term_group":0,"term_taxonomy_id":14876,"taxonomy":"post_tag","description":"","parent":0,"count":3623,"filter":"raw","image":""},{"term_id":68,"name":"Online-Zeitung","slug":"online-zeitung","term_group":0,"term_taxonomy_id":69,"taxonomy":"post_tag","description":"","parent":0,"count":3593,"filter":"raw","image":""},{"term_id":205,"name":"Polizei","slug":"polizei","term_group":0,"term_taxonomy_id":208,"taxonomy":"post_tag","description":"","parent":0,"count":277,"filter":"raw","image":""},{"term_id":1625,"name":"Report","slug":"report","term_group":0,"term_taxonomy_id":1634,"taxonomy":"post_tag","description":"","parent":0,"count":210,"filter":"raw","image":""}]},"_links":{"self":[{"href":"https:\/\/die-webzeitung.de\/stuttgart\/wp-json\/wp\/v2\/posts\/157839","targetHints":{"allow":["GET"]}}],"collection":[{"href":"https:\/\/die-webzeitung.de\/stuttgart\/wp-json\/wp\/v2\/posts"}],"about":[{"href":"https:\/\/die-webzeitung.de\/stuttgart\/wp-json\/wp\/v2\/types\/post"}],"author":[{"embeddable":true,"href":"https:\/\/die-webzeitung.de\/stuttgart\/wp-json\/wp\/v2\/users\/4"}],"replies":[{"embeddable":true,"href":"https:\/\/die-webzeitung.de\/stuttgart\/wp-json\/wp\/v2\/comments?post=157839"}],"version-history":[{"count":7,"href":"https:\/\/die-webzeitung.de\/stuttgart\/wp-json\/wp\/v2\/posts\/157839\/revisions"}],"predecessor-version":[{"id":157888,"href":"https:\/\/die-webzeitung.de\/stuttgart\/wp-json\/wp\/v2\/posts\/157839\/revisions\/157888"}],"wp:featuredmedia":[{"embeddable":true,"href":"https:\/\/die-webzeitung.de\/stuttgart\/wp-json\/wp\/v2\/media\/152245"}],"wp:attachment":[{"href":"https:\/\/die-webzeitung.de\/stuttgart\/wp-json\/wp\/v2\/media?parent=157839"}],"wp:term":[{"taxonomy":"category","embeddable":true,"href":"https:\/\/die-webzeitung.de\/stuttgart\/wp-json\/wp\/v2\/categories?post=157839"},{"taxonomy":"post_tag","embeddable":true,"href":"https:\/\/die-webzeitung.de\/stuttgart\/wp-json\/wp\/v2\/tags?post=157839"}],"curies":[{"name":"wp","href":"https:\/\/api.w.org\/{rel}","templated":true}]}}