{"id":157820,"date":"2025-08-14T16:32:51","date_gmt":"2025-08-14T15:32:51","guid":{"rendered":"https:\/\/die-webzeitung.de\/stuttgart\/2025\/08\/14\/aris-malaj-wechsel-zum-fc-augsburg\/"},"modified":"2025-08-14T16:32:51","modified_gmt":"2025-08-14T15:32:51","slug":"aris-malaj-wechsel-zum-fc-augsburg","status":"publish","type":"post","link":"https:\/\/die-webzeitung.de\/stuttgart\/2025\/08\/14\/aris-malaj-wechsel-zum-fc-augsburg\/","title":{"rendered":"Aris Malaj: Wechsel zum FC Augsburg"},"content":{"rendered":"<p style=\"text-align: justify;\">Was f\u00fcr eine Erfolgsgeschichte! Nur sechs Wochen nach seinem Wechsel von der U19 des SV Sandhausen zum SGV Freiberg steht f\u00fcr Aris Malaj bereits das n\u00e4chste Kapitel seiner jungen Karriere an: Der talentierte Mittelfeldspieler schlie\u00dft sich mit sofortiger Wirkung dem Bundesligisten FC Augsburg an.<\/p>\n<p style=\"text-align: justify;\">Mit beeindruckenden Auftritten in der Vorbereitung und herausragenden Leistungen in den ersten Ligaspielen hat Aris nicht nur seine Trainer, sondern auch die Scouts des FC Augsburg \u00fcberzeugt.<\/p>\n<p style=\"text-align: justify;\">F\u00fcr den SGV Freiberg bedeutet sein Abschied sportlich einen herben\u00a0Verlust \u2013 doch ist man stolz, ihm diesen gro\u00dfen Schritt in Richtung Profifu\u00dfball zu erm\u00f6glichen. Aris hat sich diesen Moment durch harte Arbeit und au\u00dfergew\u00f6hnlichen Einsatz mehr als verdient.<\/p>\n<p style=\"text-align: justify;\">\u00dcber die genauen Transfermodalit\u00e4ten wurde Stillschweigen vereinbart.<\/p>\n<hr \/>\n<p style=\"text-align: justify;\">\n","protected":false},"excerpt":{"rendered":"<p>Was f\u00fcr eine Erfolgsgeschichte! Nur sechs Wochen nach seinem Wechsel von der U19 des SV Sandhausen zum SGV Freiberg steht f\u00fcr Aris Malaj bereits das n\u00e4chste Kapitel seiner jungen Karriere an: Der talentierte Mittelfeldspieler schlie\u00dft sich mit sofortiger Wirkung dem Bundesligisten FC Augsburg an. Mit beeindruckenden Auftritten in der Vorbereitung und herausragenden Leistungen in den [&hellip;]<\/p>\n","protected":false},"author":4,"featured_media":0,"comment_status":"closed","ping_status":"open","sticky":false,"template":"","format":"standard","meta":{"inline_featured_image":false,"_exactmetrics_skip_tracking":false,"_exactmetrics_sitenote_active":false,"_exactmetrics_sitenote_note":"","_exactmetrics_sitenote_category":0,"footnotes":""},"categories":[110],"tags":[14857,80,129,68,119],"class_list":{"0":"post-157820","1":"post","2":"type-post","3":"status-publish","4":"format-standard","6":"category-sport","7":"tag-die-webzeitung","8":"tag-freiberger-seite","9":"tag-fusball","10":"tag-online-zeitung","11":"tag-sgv"},"image_feature":null,"author_name":"Redaktion","pure_taxonomies":{"categories":[{"term_id":110,"name":"Sport","slug":"sport","term_group":0,"term_taxonomy_id":112,"taxonomy":"category","description":"Sportberichte","parent":0,"count":1043,"filter":"raw","image":""}],"tags":[{"term_id":14857,"name":"Die-Webzeitung","slug":"die-webzeitung","term_group":0,"term_taxonomy_id":14876,"taxonomy":"post_tag","description":"","parent":0,"count":3623,"filter":"raw","image":""},{"term_id":80,"name":"Freiberg","slug":"freiberger-seite","term_group":0,"term_taxonomy_id":95,"taxonomy":"post_tag","description":"","parent":0,"count":78,"filter":"raw","image":""},{"term_id":129,"name":"Fu\u00dfball","slug":"fusball","term_group":0,"term_taxonomy_id":131,"taxonomy":"post_tag","description":"","parent":0,"count":171,"filter":"raw","image":""},{"term_id":68,"name":"Online-Zeitung","slug":"online-zeitung","term_group":0,"term_taxonomy_id":69,"taxonomy":"post_tag","description":"","parent":0,"count":3593,"filter":"raw","image":""},{"term_id":119,"name":"SGV","slug":"sgv","term_group":0,"term_taxonomy_id":121,"taxonomy":"post_tag","description":"","parent":0,"count":66,"filter":"raw","image":""}]},"_links":{"self":[{"href":"https:\/\/die-webzeitung.de\/stuttgart\/wp-json\/wp\/v2\/posts\/157820","targetHints":{"allow":["GET"]}}],"collection":[{"href":"https:\/\/die-webzeitung.de\/stuttgart\/wp-json\/wp\/v2\/posts"}],"about":[{"href":"https:\/\/die-webzeitung.de\/stuttgart\/wp-json\/wp\/v2\/types\/post"}],"author":[{"embeddable":true,"href":"https:\/\/die-webzeitung.de\/stuttgart\/wp-json\/wp\/v2\/users\/4"}],"replies":[{"embeddable":true,"href":"https:\/\/die-webzeitung.de\/stuttgart\/wp-json\/wp\/v2\/comments?post=157820"}],"version-history":[{"count":0,"href":"https:\/\/die-webzeitung.de\/stuttgart\/wp-json\/wp\/v2\/posts\/157820\/revisions"}],"wp:attachment":[{"href":"https:\/\/die-webzeitung.de\/stuttgart\/wp-json\/wp\/v2\/media?parent=157820"}],"wp:term":[{"taxonomy":"category","embeddable":true,"href":"https:\/\/die-webzeitung.de\/stuttgart\/wp-json\/wp\/v2\/categories?post=157820"},{"taxonomy":"post_tag","embeddable":true,"href":"https:\/\/die-webzeitung.de\/stuttgart\/wp-json\/wp\/v2\/tags?post=157820"}],"curies":[{"name":"wp","href":"https:\/\/api.w.org\/{rel}","templated":true}]}}