{"id":157803,"date":"2025-08-16T19:46:56","date_gmt":"2025-08-16T18:46:56","guid":{"rendered":"https:\/\/die-webzeitung.de\/stuttgart\/?p=157803"},"modified":"2025-08-17T10:17:26","modified_gmt":"2025-08-17T09:17:26","slug":"schutz-vor-hitze-jetzt-massnahmen-ergreifen","status":"publish","type":"post","link":"https:\/\/die-webzeitung.de\/stuttgart\/2025\/08\/16\/schutz-vor-hitze-jetzt-massnahmen-ergreifen\/","title":{"rendered":"Schutz vor Hitze \u2013 Jetzt Ma\u00dfnahmen ergreifen!"},"content":{"rendered":"<p style=\"text-align: justify;\">Stuttgart.| Die Temperaturen in Stuttgart steigen in den kommenden Tagen weiter an und erreichen Spitzenwerte von deutlich \u00fcber 30\u00b0C. Das Gesundheitsamt warnt vor einer erh\u00f6hten Belastung f\u00fcr Gesundheit und Wohlbefinden \u2013 besonders gef\u00e4hrdet sind \u00e4ltere Menschen, Kinder und chronisch Kranke.<\/p>\n<p style=\"text-align: justify;\">Hohe Temperaturen k\u00f6nnen zu ernsthaften gesundheitlichen Problemen\u00a0f\u00fchren und erfordern fr\u00fchzeitige, einfache aber wirkungsvolle\u00a0Schutzma\u00dfnahmen. Die Stadt Stuttgart ruft daher alle B\u00fcrgerinnen und B\u00fcrger dazu auf, sich und andere zu sch\u00fctzen:<\/p>\n<p style=\"text-align: justify;\"><strong>Konkrete Verhaltensempfehlungen: <\/strong><\/p>\n<ul style=\"text-align: justify;\">\n<li>Aufenthalte im Freien m\u00f6glichst auf die k\u00fchlen Morgen- oder Abendstunden verschieben, die Mittagssonne von 11 bis 16 Uhr meiden<\/li>\n<li>Sonnenschutz durch Sonnencreme und Kopfbedeckung<\/li>\n<li>Leichte, helle Kleidung<\/li>\n<li>Ausreichend trinken, idealerweise Wasser oder unges\u00fc\u00dften Tee<\/li>\n<li>Leicht und ausgewogen essen, um den K\u00f6rper nicht zus\u00e4tzlich zu belasten<\/li>\n<li>Wohnr\u00e4ume morgens und abends gut l\u00fcften, tags\u00fcber abdunkeln und geschlossen halten<\/li>\n<\/ul>\n<p style=\"text-align: justify;\">Nutzen Sie die Stuttgarter Trinkbrunnen und k\u00fchlen Orte, um w\u00e4hrend der Hitzeperioden Erfrischung zu finden. \u00dcbersichtskarten dazu finden Sie online:<\/p>\n<ul style=\"text-align: justify;\">\n<li><a href=\"https:\/\/maps.stuttgart.de\/brunnen\/\" target=\"_blank\" rel=\"noopener\">Karte der Trinkbrunnen<\/a><\/li>\n<li><a href=\"https:\/\/maps.stuttgart.de\/kuehle_orte\/\" target=\"_blank\" rel=\"noopener\">Karte der k\u00fchlen Orte<\/a><\/li>\n<\/ul>\n<p style=\"text-align: justify;\">Weitere Infos zu Hitzeschutz sind zu finden unter: <a href=\"http:\/\/www.stuttgart.de\/hitze\" target=\"_blank\" rel=\"noopener\">www.stuttgart.de\/hitze<\/a><\/p>\n<hr \/>\n<p style=\"text-align: justify;\">\n","protected":false},"excerpt":{"rendered":"<p>Stuttgart.| Die Temperaturen in Stuttgart steigen in den kommenden Tagen weiter an und erreichen Spitzenwerte von deutlich \u00fcber 30\u00b0C. Das Gesundheitsamt warnt vor einer erh\u00f6hten Belastung f\u00fcr Gesundheit und Wohlbefinden \u2013 besonders gef\u00e4hrdet sind \u00e4ltere Menschen, Kinder und chronisch Kranke. Hohe Temperaturen k\u00f6nnen zu ernsthaften gesundheitlichen Problemen\u00a0f\u00fchren und erfordern fr\u00fchzeitige, einfache aber wirkungsvolle\u00a0Schutzma\u00dfnahmen. Die Stadt [&hellip;]<\/p>\n","protected":false},"author":4,"featured_media":157804,"comment_status":"closed","ping_status":"open","sticky":false,"template":"","format":"standard","meta":{"inline_featured_image":false,"_exactmetrics_skip_tracking":false,"_exactmetrics_sitenote_active":false,"_exactmetrics_sitenote_note":"","_exactmetrics_sitenote_category":0,"footnotes":""},"categories":[2239],"tags":[11315,14857,10978,68,1561,275,11189],"class_list":{"0":"post-157803","1":"post","2":"type-post","3":"status-publish","4":"format-standard","5":"has-post-thumbnail","7":"category-stuttgart-lokal","8":"tag-brunnen","9":"tag-die-webzeitung","10":"tag-hitze","11":"tag-online-zeitung","12":"tag-schutz","13":"tag-stuttgart","14":"tag-trinken"},"image_feature":"https:\/\/die-webzeitung.de\/stuttgart\/wp-content\/uploads\/sites\/4\/2025\/08\/drinking-fountain-1340243_1280-scaled.jpg","author_name":"Redaktion","pure_taxonomies":{"categories":[{"term_id":2239,"name":"Stuttgart","slug":"stuttgart-lokal","term_group":0,"term_taxonomy_id":2252,"taxonomy":"category","description":"Berichte und Informationen aus Stuttgart","parent":1433,"count":941,"filter":"raw","image":""}],"tags":[{"term_id":11315,"name":"Brunnen","slug":"brunnen","term_group":0,"term_taxonomy_id":11353,"taxonomy":"post_tag","description":"","parent":0,"count":2,"filter":"raw","image":""},{"term_id":14857,"name":"Die-Webzeitung","slug":"die-webzeitung","term_group":0,"term_taxonomy_id":14876,"taxonomy":"post_tag","description":"","parent":0,"count":3623,"filter":"raw","image":""},{"term_id":10978,"name":"Hitze","slug":"hitze","term_group":0,"term_taxonomy_id":11016,"taxonomy":"post_tag","description":"","parent":0,"count":7,"filter":"raw","image":""},{"term_id":68,"name":"Online-Zeitung","slug":"online-zeitung","term_group":0,"term_taxonomy_id":69,"taxonomy":"post_tag","description":"","parent":0,"count":3593,"filter":"raw","image":""},{"term_id":1561,"name":"Schutz","slug":"schutz","term_group":0,"term_taxonomy_id":1570,"taxonomy":"post_tag","description":"","parent":0,"count":11,"filter":"raw","image":""},{"term_id":275,"name":"Stuttgart","slug":"stuttgart","term_group":0,"term_taxonomy_id":281,"taxonomy":"post_tag","description":"","parent":0,"count":1194,"filter":"raw","image":""},{"term_id":11189,"name":"trinken","slug":"trinken","term_group":0,"term_taxonomy_id":11227,"taxonomy":"post_tag","description":"","parent":0,"count":1,"filter":"raw","image":""}]},"_links":{"self":[{"href":"https:\/\/die-webzeitung.de\/stuttgart\/wp-json\/wp\/v2\/posts\/157803","targetHints":{"allow":["GET"]}}],"collection":[{"href":"https:\/\/die-webzeitung.de\/stuttgart\/wp-json\/wp\/v2\/posts"}],"about":[{"href":"https:\/\/die-webzeitung.de\/stuttgart\/wp-json\/wp\/v2\/types\/post"}],"author":[{"embeddable":true,"href":"https:\/\/die-webzeitung.de\/stuttgart\/wp-json\/wp\/v2\/users\/4"}],"replies":[{"embeddable":true,"href":"https:\/\/die-webzeitung.de\/stuttgart\/wp-json\/wp\/v2\/comments?post=157803"}],"version-history":[{"count":1,"href":"https:\/\/die-webzeitung.de\/stuttgart\/wp-json\/wp\/v2\/posts\/157803\/revisions"}],"predecessor-version":[{"id":157805,"href":"https:\/\/die-webzeitung.de\/stuttgart\/wp-json\/wp\/v2\/posts\/157803\/revisions\/157805"}],"wp:featuredmedia":[{"embeddable":true,"href":"https:\/\/die-webzeitung.de\/stuttgart\/wp-json\/wp\/v2\/media\/157804"}],"wp:attachment":[{"href":"https:\/\/die-webzeitung.de\/stuttgart\/wp-json\/wp\/v2\/media?parent=157803"}],"wp:term":[{"taxonomy":"category","embeddable":true,"href":"https:\/\/die-webzeitung.de\/stuttgart\/wp-json\/wp\/v2\/categories?post=157803"},{"taxonomy":"post_tag","embeddable":true,"href":"https:\/\/die-webzeitung.de\/stuttgart\/wp-json\/wp\/v2\/tags?post=157803"}],"curies":[{"name":"wp","href":"https:\/\/api.w.org\/{rel}","templated":true}]}}