{"id":157780,"date":"2025-08-11T12:37:11","date_gmt":"2025-08-11T11:37:11","guid":{"rendered":"https:\/\/die-webzeitung.de\/stuttgart\/?p=157780"},"modified":"2025-08-11T12:37:11","modified_gmt":"2025-08-11T11:37:11","slug":"ubbo-grassmann-ist-neuer-direktor-des-carl-zeiss-planetariums","status":"publish","type":"post","link":"https:\/\/die-webzeitung.de\/stuttgart\/2025\/08\/11\/ubbo-grassmann-ist-neuer-direktor-des-carl-zeiss-planetariums\/","title":{"rendered":"Ubbo Grassmann ist neuer Direktor des Carl-Zeiss-Planetariums"},"content":{"rendered":"<h4 style=\"text-align: justify;\"><strong>Seit dem 1. August ist Ubbo Grassmann neuer Direktor des Carl-Zeiss-Planetariums<\/strong><\/h4>\n<p style=\"text-align: justify;\">Stuttgart.| Er trat die Nachfolge von Dr. Uwe Lemmer an, der nach 16 Jahren erfolgreicher Leitung des Planetariums in den Ruhestand verabschiedet wurde. Die Entscheidung \u00fcber die Nachbesetzung f\u00e4llte der Gemeinderat in seiner letzten Sitzung vor der Sommerpause.<\/p>\n<p style=\"text-align: justify;\">Ubbo Grassmann ist schon seit \u00fcber zehn Jahren stellvertretender Direktor des Planetariums und leitete dieses seit dem 1. Juni 2025 auch kommissarisch. In den vergangenen Jahren setzte er zahlreiche Impulse f\u00fcr die weitere Entwicklung. So \u00f6ffnete er das Programm \u00fcber die weiterhin im Fokus stehenden Kernthemen Astronomie, Raumfahrt und<\/p>\n<p style=\"text-align: justify;\">Weltraumforschung hin zu anderen Kultur- und Musikformaten. Ein Beispiel daf\u00fcr ist der sogenannte \u201eTunesday\u201c: Einmal im Montag spielen Musikerinnen und Musiker live im Sternensaal, dazu werden Bilder, Videos und Lichteffekte an die Kuppel projiziert. Ubbo Grassmann war auch ma\u00dfgeblich beteiligt an der Einf\u00fchrung des Online-Kartenverkaufs.<\/p>\n<p style=\"text-align: justify;\">Erster B\u00fcrgermeister Dr. Fabian Mayer freut sich \u00fcber die Entscheidung des Gemeinderats: \u201eIch kenne Herrn Grassmann aus seiner bisherigen Arbeit und bin davon \u00fcberzeugt, dass er das Planetarium hervorragend in die Zukunft f\u00fchren wird. Herr Grassmann verfolgt die Vision des modernen Planetariums als \u201aTreffpunkt der Wissenschaften\u2018. Wissenschaftliche Fakten werden von ihm in inspirierende, erlebbare Geschichten verwandelt &#8211; verst\u00e4ndlich, greifbar und generations\u00fcbergreifend.\u201c Auch Kulturamtsleiter Marc Gegenfurtner begr\u00fc\u00dft die<\/p>\n<p style=\"text-align: justify;\">Entscheidung: \u201eUbbo Grassmann steht f\u00fcr innovative Formate. Mit ihm an der Spitze setzt das Planetarium seine inhaltliche und technische Weiterentwicklung fort \u2013 als Ort der\u00a0Bildung, Faszination und Gemeinschaft.\u201c<\/p>\n<p style=\"text-align: justify;\">Ubbo Grassmann wurde 1981 in Kiel geboren. Er studierte Design mit Schwerpunkt Motion-Grafik und schrieb seine Diplomarbeit 2009 am Planetarium Hamburg \u00fcber die CassiniSaturn-Mission. Das daraus entwickelte Lernkonzept mit Modulen vom Klassenzimmer bis unter die Kuppel war ein Wegbereiter interaktiver Vermittlungsformate.<\/p>\n<hr \/>\n<p style=\"text-align: justify;\">\n","protected":false},"excerpt":{"rendered":"<p>Seit dem 1. August ist Ubbo Grassmann neuer Direktor des Carl-Zeiss-Planetariums Stuttgart.| Er trat die Nachfolge von Dr. Uwe Lemmer an, der nach 16 Jahren erfolgreicher Leitung des Planetariums in den Ruhestand verabschiedet wurde. Die Entscheidung \u00fcber die Nachbesetzung f\u00e4llte der Gemeinderat in seiner letzten Sitzung vor der Sommerpause. Ubbo Grassmann ist schon seit \u00fcber [&hellip;]<\/p>\n","protected":false},"author":4,"featured_media":157781,"comment_status":"closed","ping_status":"open","sticky":false,"template":"","format":"standard","meta":{"inline_featured_image":false,"_exactmetrics_skip_tracking":false,"_exactmetrics_sitenote_active":false,"_exactmetrics_sitenote_note":"","_exactmetrics_sitenote_category":0,"footnotes":""},"categories":[2239],"tags":[14857,68,6658,275],"class_list":{"0":"post-157780","1":"post","2":"type-post","3":"status-publish","4":"format-standard","5":"has-post-thumbnail","7":"category-stuttgart-lokal","8":"tag-die-webzeitung","9":"tag-online-zeitung","10":"tag-planetarium","11":"tag-stuttgart"},"image_feature":"https:\/\/die-webzeitung.de\/stuttgart\/wp-content\/uploads\/sites\/4\/2025\/08\/Portraet_Ubbo-Grassmann_Planetarium-FotoRechte-privat-scaled.jpg","author_name":"Redaktion","pure_taxonomies":{"categories":[{"term_id":2239,"name":"Stuttgart","slug":"stuttgart-lokal","term_group":0,"term_taxonomy_id":2252,"taxonomy":"category","description":"Berichte und Informationen aus Stuttgart","parent":1433,"count":941,"filter":"raw","image":""}],"tags":[{"term_id":14857,"name":"Die-Webzeitung","slug":"die-webzeitung","term_group":0,"term_taxonomy_id":14876,"taxonomy":"post_tag","description":"","parent":0,"count":3623,"filter":"raw","image":""},{"term_id":68,"name":"Online-Zeitung","slug":"online-zeitung","term_group":0,"term_taxonomy_id":69,"taxonomy":"post_tag","description":"","parent":0,"count":3593,"filter":"raw","image":""},{"term_id":6658,"name":"Planetarium","slug":"planetarium","term_group":0,"term_taxonomy_id":6679,"taxonomy":"post_tag","description":"","parent":0,"count":3,"filter":"raw","image":""},{"term_id":275,"name":"Stuttgart","slug":"stuttgart","term_group":0,"term_taxonomy_id":281,"taxonomy":"post_tag","description":"","parent":0,"count":1194,"filter":"raw","image":""}]},"_links":{"self":[{"href":"https:\/\/die-webzeitung.de\/stuttgart\/wp-json\/wp\/v2\/posts\/157780","targetHints":{"allow":["GET"]}}],"collection":[{"href":"https:\/\/die-webzeitung.de\/stuttgart\/wp-json\/wp\/v2\/posts"}],"about":[{"href":"https:\/\/die-webzeitung.de\/stuttgart\/wp-json\/wp\/v2\/types\/post"}],"author":[{"embeddable":true,"href":"https:\/\/die-webzeitung.de\/stuttgart\/wp-json\/wp\/v2\/users\/4"}],"replies":[{"embeddable":true,"href":"https:\/\/die-webzeitung.de\/stuttgart\/wp-json\/wp\/v2\/comments?post=157780"}],"version-history":[{"count":1,"href":"https:\/\/die-webzeitung.de\/stuttgart\/wp-json\/wp\/v2\/posts\/157780\/revisions"}],"predecessor-version":[{"id":157782,"href":"https:\/\/die-webzeitung.de\/stuttgart\/wp-json\/wp\/v2\/posts\/157780\/revisions\/157782"}],"wp:featuredmedia":[{"embeddable":true,"href":"https:\/\/die-webzeitung.de\/stuttgart\/wp-json\/wp\/v2\/media\/157781"}],"wp:attachment":[{"href":"https:\/\/die-webzeitung.de\/stuttgart\/wp-json\/wp\/v2\/media?parent=157780"}],"wp:term":[{"taxonomy":"category","embeddable":true,"href":"https:\/\/die-webzeitung.de\/stuttgart\/wp-json\/wp\/v2\/categories?post=157780"},{"taxonomy":"post_tag","embeddable":true,"href":"https:\/\/die-webzeitung.de\/stuttgart\/wp-json\/wp\/v2\/tags?post=157780"}],"curies":[{"name":"wp","href":"https:\/\/api.w.org\/{rel}","templated":true}]}}