{"id":157769,"date":"2025-08-11T09:53:47","date_gmt":"2025-08-11T08:53:47","guid":{"rendered":"https:\/\/die-webzeitung.de\/stuttgart\/?p=157769"},"modified":"2025-08-16T09:28:35","modified_gmt":"2025-08-16T08:28:35","slug":"polizei-report-stuttgart-woche-33-2","status":"publish","type":"post","link":"https:\/\/die-webzeitung.de\/stuttgart\/2025\/08\/11\/polizei-report-stuttgart-woche-33-2\/","title":{"rendered":"Polizei-Report Stuttgart | Woche 33"},"content":{"rendered":"<p><em>Quelle: ots<\/em><\/p>\n<p style=\"text-align: justify;\"><strong>Stuttgart-Bad Cannstatt: Tatverd\u00e4chtigen nach Raub festgenommen &#8211; Zeugen gesucht<\/strong><br \/>\nPolizeibeamte haben am Freitagabend (15.08.2025) einen 38-j\u00e4hrigen Mann an der Marktstra\u00dfe festgenommen, der im Verdacht steht, einem 37-J\u00e4hrigen dessen Handy geraubt zu haben. Zwischen den Beiden kam es bereits im Verlauf des Tages zu einer k\u00f6rperlichen Auseinandersetzung. Als sie am Abend gegen 22.20 Uhr erneut an der Marktstra\u00dfe aufeinandertrafen, versuchte der 38-J\u00e4hrige dem J\u00fcngeren das Mobiltelefon aus der Hand zu rei\u00dfen. Zudem soll er mehrfach mit den F\u00e4usten in dessen Gesicht geschlagen haben. Der 37-J\u00e4hrige wurde bei der Auseinandersetzung leicht verletzt. Hinzugekommene Passanten trennten die beiden Streitenden und hielten beide bis zum Eintreffen der Polizeibeamten fest. Beide wurden nach Durchf\u00fchrung der polizeilichen Ma\u00dfnahmen auf die Stra\u00dfe entlassen. Zeugen des Vorfalls werden gebeten, sich unter der Rufnummer +4971189905778 bei der Kriminalpolizei zu melden.<\/p>\n<p style=\"text-align: justify;\"><strong>Stuttgart-S\u00fcd: Fahrzeuglenker vor Kontrolle gefl\u00fcchtet &#8211; Zeugen gesucht<\/strong><br \/>\nEin unbekannter Fahrer eines wei\u00dfen 5er BMW Kombi ist am Freitagabend (15.08.2025) vor einer Verkehrskontrolle gefl\u00fcchtet. Eine Polizeistreife wollte den BMW-Fahrer, der in der B\u00f6heimstra\u00dfe unterwegs war, gegen 23.55 Uhr einer Verkehrskontrolle unterziehen. Der Autofahrer missachtete daraufhin zwei rote Ampeln und fuhr ohne anzuhalten in den Heslacher Tunnel. Dort beschleunigte der BMW-Fahrer stark und \u00fcberholte mehrere Fahrzeuge. Aufgrund seiner riskanten Fahrweise und der hohen Geschwindigkeit konnte der Unbekannte im Bereich Schattenring unerkannt fl\u00fcchten. Gegen den Unbekannten wird nun wegen des Verdachts der Stra\u00dfenverkehrsgef\u00e4hrdung und eines verbotenen Kraftfahrzeugrennens ermittelt. Zeugen und m\u00f6gliche Verkehrsteilnehmer, die durch die Fahrweise des BMW-Fahrers gef\u00e4hrdet wurden, werden gebeten, sich unter der Rufnummer +4971189903300 an das Polizeirevier 3 Gutenbergstra\u00dfe zu wenden.<\/p>\n<p style=\"text-align: justify;\"><strong>Stuttgart-Vaihingen: In den Gegenverkehr geraten &#8211; Acht Verletzte<\/strong><br \/>\nEine lebensgef\u00e4hrlich verletzte, eine schwerverletzte, sowie sechs leichtverletzte Personen, sind die Bilanz eines Verkehrsunfalles, der sich am Freitag (15.08.2025) in der Magstadter Stra\u00dfe ereignet hat. Ein 57 Jahre alter Mann war gegen 14.25 Uhr mit seinem Peugeot in der Magstadter Stra\u00dfe unterwegs. Auf H\u00f6he B\u00fcsnau geriet er aus bislang unbekannter Ursache in den Gegenverkehr. Hierbei stie\u00df er mit einem VW Transporter, welcher in Richtung Schattenring unterwegs war, zusammen. Der 57-j\u00e4hrige Peugeot-Fahrer erlitt lebensgef\u00e4hrliche Verletzungen. Die 36-j\u00e4hrige Beifahrerin des VW Transporters wurde beim Unfall schwer verletzt. Der 38-j\u00e4hrige Fahrer, sowie f\u00fcnf Kinder, welche sich ebenfalls im Fahrzeug befanden, verletzten sich leicht. Rettungskr\u00e4fte k\u00fcmmerten sich um die Verletzten und brachten sie in Krankenh\u00e4user. Beide Fahrzeuge waren nicht mehr fahrbereit und mussten abgeschleppt werden. Der entstandene Gesamtschaden wird auf zirka 50.000 Euro gesch\u00e4tzt. W\u00e4hrend der Unfallaufnahme war die Landstra\u00dfe in beide Richtungen gesperrt.<\/p>\n<p style=\"text-align: justify;\"><strong>Stuttgart-S\u00fcd: Polizistin leicht verletzt &#8211; Tatverd\u00e4chtigen festgenommen<\/strong><br \/>\nEin 56 Jahre alter Mann und ein weiterer Mann sind am Donnerstag (14.08.2025) im Bereich des Rupert-Mayer-Platzes in einen Streit geraten. Als Beamte gegen 12.45 Uhr den Streit schlichten wollten und einen Platzverweis erteilten, griff der 56-J\u00e4hrige zwei Beamte k\u00f6rperlich an, in dessen Verlauf eine Polizistin leicht verletzt wurde. Der 56-j\u00e4hrige Mann zog sich bei der anschlie\u00dfenden Festnahme leichte Verletzungen zu. Der 56-J\u00e4hrige mit deutscher Staatsangeh\u00f6rigkeit wurde am Freitag (15.08.2025) auf Antrag der Staatsanwaltschaft Stuttgart einem Haftrichter vorgef\u00fchrt, welcher Haftbefehl erlie\u00df und in Vollzug setzte.<\/p>\n<p style=\"text-align: justify;\"><strong>Stuttgart-Mitte: Tasche geraubt &#8211; Polizisten nehmen Tatverd\u00e4chtigen vorl\u00e4ufig fest<\/strong><br \/>\nPolizeibeamte haben am Donnerstagabend (14.08.2025) einen 37 Jahre alten Mann festgenommen, der im Verdacht steht, am Arnulf-Klett-Platz die Tasche einer 63 Jahre alten Frau geraubt und bei der Festnahme einen Polizeibeamten geschlagen zu haben. Der Tatverd\u00e4chtige sa\u00df gegen 20.20 Uhr an der Bushaltestelle neben der Frau auf einer Bank. Pl\u00f6tzlich soll er die Jutetasche, die sich auf der Parkbank befand, an sich genommen haben. Die 63-J\u00e4hrige versuchte noch vehement, die Tasche festzuhalten und wurde dabei \u00fcber den Boden gezogen. Als der Tragegriff riss, fl\u00fcchtete der Tatverd\u00e4chtige mit der Tasche in die Stephanspassage. Polizeibeamte, die die Tat beobachtet hatten, nahmen den Tatverd\u00e4chtigen kurz darauf in der Passage fest. Dabei soll der 37-J\u00e4hrige sich gewehrt und einen Polizeibeamten geschlagen haben. Nach Abschluss der polizeilichen Ma\u00dfnahmen wurde der Mann wieder auf freien Fu\u00df gesetzt.<\/p>\n<p style=\"text-align: justify;\"><strong>Stuttgart-Feuerbach: 20-J\u00e4hriger fl\u00fcchtet nach Unfall &#8211; Zeugen und weitere m\u00f6gliche Gesch\u00e4digte gesucht<\/strong><br \/>\nPolizeibeamte haben am Donnerstagmorgen (14.08.2025) einen 20 Jahre alten Mann vorl\u00e4ufig festgenommen, der im Verdacht steht, auf der Bundesstra\u00dfe 10\/27 zwei Unf\u00e4lle verursacht zu haben und anschlie\u00dfend davongefahren zu sein, ohne sich um den Schaden zu k\u00fcmmern. Der 20-J\u00e4hrige war gegen 07.30 Uhr mit einem Peugeot auf der Bundesstra\u00dfe 10\/27 unterwegs Richtung Heilbronner Stra\u00dfe. Im Bereich Friedrichswahl verursachte er zwei Auffahrunf\u00e4lle, bei denen ein Opel Corsa und eine Mercedes A-Klasse besch\u00e4digt wurden. Danach fuhr er weiter, ohne sich um den Schaden zu k\u00fcmmern. Alarmierte Polizeibeamte entdeckten den Peugeot im Leuzetunnel und forderten den 20-J\u00e4hrigen auf, anzuhalten. Der Fahrer missachtete die Anhalte Signale und fl\u00fcchtete Richtung Kappelbergtunnel. Auf der Auffahrtsrampe zur Bundesstra\u00dfe 14 gelang es den Beamten, den Peugeot zu stoppen und den Fahrer vorl\u00e4ufig festzunehmen. Dabei bemerkten sie, dass der Fahrer unter Alkohol- und Drogeneinfluss steht. Er musste eine Blutprobe abgeben, sein F\u00fchrerschein wurde beschlagnahmt. Weitere Ermittlungen ergaben, dass der Tatverd\u00e4chtige nicht im Besitz einer Fahrerlaubnis ist. Er wurde nach Abschluss der polizeilichen Ma\u00dfnahmen wieder auf freien Fu\u00df gesetzt. Zeugen und m\u00f6gliche weitere Gesch\u00e4digte werden gebeten, sich unter der Rufnummer +4971189903700 beim Polizeirevier 7 Ludwigsburger Stra\u00dfe zu melden.<\/p>\n<p style=\"text-align: justify;\"><strong>Stuttgart-Obert\u00fcrkheim: Mutma\u00dflich betrunkener Autofahrer gef\u00e4hrdet Fu\u00dfg\u00e4nger &#8211; Zeugen und Gesch\u00e4digte gesucht<\/strong><br \/>\nPolizeibeamte haben am Dienstagabend (12.08.2025) einen 43 Jahre alten Mann vorl\u00e4ufig festgenommen, der in der Augsburger Stra\u00dfe auf seiner Fahrt Fu\u00dfg\u00e4nger gef\u00e4hrdet haben soll. Ein 46-j\u00e4hriger Mann beobachtete, wie der 43-J\u00e4hrige mit seinem Mercedes in der Augsburger Stra\u00dfe aus Richtung Esslingen gefahren ist. Auf H\u00f6he der Hausnummer 691 beobachtete er, wie eine Frau mit Kinderwagen die Stra\u00dfe \u00fcberqueren wollte. Sie musste zur Seite springen, um nicht vom Mercedes erfasst zu werden. Auch der 46-J\u00e4hrige musste zur Seite springen. Der 46-J\u00e4hrige hielt den Mercedesfahrer dann fest, bis die alarmierten Beamten eintrafen. Die Polizisten stellten fest, dass der 43-J\u00e4hrige mutma\u00dflich unter Alkoholeinwirkung und m\u00f6glicherweise auch unter Medikamenteneinfluss stand. Er musste eine Blutprobe abgeben, sein F\u00fchrerschein wurde beschlagnahmt. Der Mercedes hatte auf der rechten Seite zwei platte Reifen und einen Unfallschaden. Eine m\u00f6gliche Unfallstelle konnte bislang nicht gefunden werden. Der 43-J\u00e4hrige wurde nach Abschluss der polizeilichen Ma\u00dfnahmen wieder auf freien Fu\u00df gesetzt. Zeugen und Gesch\u00e4digte, insbesondere die unbekannte Frau mit dem Kinderwagen werden gebeten, sich bei den Beamtinnen und Beamten des Polizeireviers 5 Ostendstra\u00dfe unter der Rufnummer +4971189903500 zu melden.<\/p>\n<p style=\"text-align: justify;\"><strong>Stuttgart-Mitte: Mutma\u00dflicher Rauschgifth\u00e4ndler leistet Widerstand<\/strong><br \/>\nPolizeibeamte haben am Mittwoch (13.08.2025) bei der Durchsuchung einer Wohnung eines 22 Jahre alten Mannes an der Katharinenstra\u00dfe verschiedene Bet\u00e4ubungsmittel gefunden. Ermittlungen f\u00fchrten auf die Spur des Tatverd\u00e4chtigen. Als die Beamten die Wohnung gegen 09.15 Uhr durchsuchten, entdeckten sie Kokain, Ecstasy, Amphetamin und Ketamin. Das Rauschgift mit einem Gesamtgewicht von \u00fcber 180 Gramm war zum gr\u00f6\u00dften Teil bereits in Verkaufseinheiten verpackt. Mutma\u00dflich zur Verteidigung der Bet\u00e4ubungsmittel lagen in der Wohnung des Beschuldigten zudem zwei Baseballschl\u00e4ger bereit. Dar\u00fcber hinaus fanden die Beamten noch rund 11.500 Euro mutma\u00dfliches Dealergeld. Als die Beamten das Mobiltelefon beschlagnahmen wollten, soll der 22-J\u00e4hrige Widerstand geleistet haben. Der Tatverd\u00e4chtige mit deutscher Staatsangeh\u00f6rigkeit wird im Laufe des Donnerstags (14.08.2025) auf Antrag der Staatsanwaltschaft Stuttgart einem Haftrichter vorgef\u00fchrt.<\/p>\n<p style=\"text-align: justify;\"><strong>Stuttgart-Mitte: Mutma\u00dflichen Rauschgifth\u00e4ndler festgenommen<\/strong><br \/>\nPolizeibeamte haben am Mittwochabend (13.08.2025) am Leonhardsplatz einen 23 Jahre alten Mann festgenommen, der im Verdacht steht, mit Rauschgift gehandelt zu haben. Die Beamten nahmen den Tatverd\u00e4chtigen gegen 21.30 Uhr fest, nachdem sie ihn bei einem Rauschgifthandel beobachtet hatten. Bei ihm fanden sie noch rund 140 Euro mutma\u00dfliches Dealergeld. Der Tatverd\u00e4chtige mit tunesischer Staatsangeh\u00f6rigkeit wird im Laufe des Donnerstags (14.08.2025) auf Antrag der Staatsanwaltschaft Stuttgart einem Haftrichter vorgef\u00fchrt.<\/p>\n<p style=\"text-align: justify;\"><strong>Stuttgart-Sillenbuch: Aufsitzrasenm\u00e4her gestohlen &#8211; Zeugen gesucht<\/strong><br \/>\nUnbekannte haben zwischen Sonntagmittag (10.08.2025) und Mittwochmittag (13.08.2025) an der Eichenparkstra\u00dfe einen roten Aufsitzrasenm\u00e4her der Marke Toro Groundmaster 3500 D im Wert von rund 35.000 Euro gestohlen. Der Besitzer des Rasenm\u00e4hers entdeckte den Diebstahl am Mittwoch und alarmierte die Polizei. Zeugen sahen am Sonntag, gegen 11.00 Uhr, einen identischen Aufsitzrasenm\u00e4her, der im Bereich Ruit\/Sillenbuch die Felder auf und abgefahren und schlie\u00dflich Richtung Ruit verschwunden ist. Am Steuer des Rasenm\u00e4hers sa\u00df ein junger Mann mit braunen Haaren. Zeugen werden gebeten, sich unter der Rufnummer +4971189903400 beim Polizeirevier 4 Balinger Stra\u00dfe zu melden.<\/p>\n<p style=\"text-align: justify;\"><strong>Stuttgart-Zuffenhausen: Falsche Polizeibeamte erbeuten mehrere 10.000 Euro<\/strong><br \/>\nUnbekannte Telefontrickbetr\u00fcger haben einen 75 Jahre alten Mann dazu gebracht, ihnen mehrere 10.000 Euro zu \u00fcbergeben. Die T\u00e4ter riefen den Senior seit Anfang August mehrfach an, gaben sich als Polizeibeamte aus und brachten ihn durch geschickte Gespr\u00e4chsf\u00fchrung dazu, mehrfach Bargeld an Abholer zu \u00fcbergeben. Als Grund nannten die Telefontrickbetr\u00fcger die bekannte Masche, dass der Name des Seniors auf einer Einbruchsliste stehen w\u00fcrde. Eine aufmerksame Bankmitarbeiterin sch\u00f6pfte am Dienstag (12.08.2025) Verdacht, nachdem der 75-J\u00e4hrige erneut einen gr\u00f6\u00dferen Bargeldbetrag abheben wollte, und alarmierte die Polizei.<\/p>\n<p style=\"text-align: justify;\"><strong>Stuttgart-Weilimdorf: Frau sexuell bedr\u00e4ngt &#8211; Zeugen gesucht<\/strong><br \/>\nEin unbekannter Mann hat in der Nacht zum Donnerstag (14.08.2025) eine 23 Jahre alte Frau an der Engelbergstra\u00dfe sexuell bedr\u00e4ngt. Die 23-J\u00e4hrige fuhr gegen 00.15 Uhr mit einem Bus der Linie 90 vom Bahnhof Weilimdorf zur Haltestelle Giebel. Im Bus befand sich bereits der unbekannte Mann. Er sprach sie an und forderte die Frau auf, sich neben ihn zu setzen. Die 23-J\u00e4hrige lehnte dies ab und stieg an der Haltestelle Giebel aus. Der T\u00e4ter folgte ihr und zog sie im Bereich eines Kinderspielplatzes an einer Parkbank zu sich auf den Scho\u00df. Dort ber\u00fchrte er sie unsittlich und k\u00fcsste sie gegen ihren Willen. Nachdem es der Frau gelang, sich von dem T\u00e4ter zu l\u00f6sen, fl\u00fcchtete sie in Richtung Kr\u00f6tenweg. Dort traf sie auf mehrere Zeugen, die sie auf die Situation aufmerksam machte. Als der T\u00e4ter dies erkannte, fl\u00fcchtete er in Richtung Haltestelle Wolfbusch. Eine Fahndung der alarmierten Polizisten verlief ohne Ergebnis. Der T\u00e4ter ist etwa 30 Jahre alt, rund 175 Zentimeter gro\u00df und hat eine athletische Figur. Er hat dunkle kurze Haare, einen Dreitagebart und sprach gebrochen deutsch. Zur Tatzeit trug er ein wei\u00dfes T-Shirt, eine kurze dunkle Hose und hatte eine schwarze Umh\u00e4ngetasche dabei. Zeugen werden gebeten, sich unter der Rufnummer +4971189905778 bei der Kriminalpolizei zu melden.<\/p>\n<p style=\"text-align: justify;\"><strong>Stuttgart-Mitte: 24-J\u00e4hrigen ausgeraubt &#8211; Zeugen gesucht<\/strong><br \/>\nZwei unbekannte M\u00e4nner haben am Dienstag (12.08.2025) einen 24 Jahre alten Mann an der K\u00f6nigstra\u00dfe ausgeraubt. Die T\u00e4ter sprachen den Mann gegen 21.30 Uhr an und schlugen ihm unvermittelt ins Gesicht. Als der 24-J\u00e4hrige daraufhin zu Boden fiel, stahlen sie ihm seinen Geldbeutel und sein Mobiltelefon. Anschlie\u00dfend fl\u00fcchteten die T\u00e4ter in Richtung Hauptbahnhof. Der eine T\u00e4ter war zirka 40 bis 50 Jahre alt und rund 170 Zentimeter gro\u00df. Er hatte eine Glatze und war bekleidet mit einem wei\u00dfen Oberteil und einer dunkelgr\u00fcnen Jeans. Der andere T\u00e4ter war etwa 30 Jahre alt und zirka 180 Zentimeter gro\u00df. Er hatte schwarze kurze Haare und einen Dreitagebart. Er war bekleidet mit einem wei\u00dfen Polo-Shirt und einer dunklen kurzen Hose. Zeugen werden gebeten, sich unter der Rufnummer +4971189905778 beim Raubdezernat zu melden.<\/p>\n<p style=\"text-align: justify;\"><strong>Stuttgart-Nord: Mann bel\u00e4stigt Kinder &#8211; Zeugen gesucht<\/strong><br \/>\nEin 28 Jahre alter Mann steht im Verdacht, am Dienstag (12.08.2025) in einem Schwimmbad an der Stra\u00dfe Beim H\u00f6henfreibad zwei Kinder im Alter von zw\u00f6lf Jahren sexuell bel\u00e4stigt zu haben. Der Mann soll sich gegen 16.50 Uhr im Wasser den beiden M\u00e4dchen gen\u00e4hert und sie am Ges\u00e4\u00df angefasst haben. Alarmierte Polizeibeamte nahmen den Mann kurz darauf vorl\u00e4ufig fest und setzten ihn nach Durchf\u00fchrung der polizeilichen Ma\u00dfnahmen wieder auf freien Fu\u00df. Zeugen und m\u00f6gliche weitere Gesch\u00e4digte werden gebeten, sich unter der Rufnummer +4971189905778 bei der Kriminalpolizei zu melden.<\/p>\n<p style=\"text-align: justify;\"><strong>Stuttgart-Ost: Zwei 15-J\u00e4hrige sexuell bedr\u00e4ngt &#8211; Zeugen gesucht<\/strong><br \/>\nPolizeibeamte haben am Dienstag (12.08.2025) einen 42 Jahre alten Mann vorl\u00e4ufig festgenommen, der im Verdacht steht, in einem Schwimmbad an der Stra\u00dfe Inselbad zwei 15-J\u00e4hrige sexuell bel\u00e4stigt zu haben. Der 42-j\u00e4hrige Mann soll sich gegen 15.25 Uhr im Wasser den beiden M\u00e4dchen gen\u00e4hert und sie am Ges\u00e4\u00df angefasst haben. Das alarmierte Badepersonal hielt den Tatverd\u00e4chtigen bis zum Eintreffen der Polizeibeamten fest. Nach Abschluss der polizeilichen Ma\u00dfnahmen setzten sie ihn auf freien Fu\u00df Zeugen und m\u00f6gliche weitere Gesch\u00e4digte werden gebeten, sich unter der Rufnummer +4971189905778 an die Kriminalpolizei zu wenden.<\/p>\n<p style=\"text-align: justify;\"><strong>Stuttgart: Fund Weltkriegsbombe in Untert\u00fcrkheim erfolgreich entsch\u00e4rft<\/strong><br \/>\nDen bei Bauarbeiten in Stuttgart-Untert\u00fcrkheim heute gefundenen Blindg\u00e4nger konnte der Kampfmittelbeseitigungsdienst erfolgreich entsch\u00e4rfen. Aus Sicherheitsgr\u00fcnden musste dies bei der besch\u00e4digten Bombe unverz\u00fcglich geschehen. Die rund 1.000 aus dem Sperrbereich evakuierten Personen k\u00f6nnen nun zur\u00fcckkehren.<br \/>\nGegen 15 Uhr am Dienstagmittag war bei Arbeiten auf einer Baustelle im Bereich der Augsburger Stra\u00dfe in Untert\u00fcrkheim eine nicht explodierte Weltkriegsbombe entdeckt worden. Die Bergung und Entsch\u00e4rfung des circa 250 Kilogramm schweren Sprengk\u00f6rpers mit abgebrochenem Z\u00fcnder musste durch den Kampfmittelbeseitigungsdienst im Regierungspr\u00e4sidium Stuttgart unmittelbar vor Ort erfolgen.<br \/>\nUm Gef\u00e4hrdungen f\u00fcr die Stuttgarter Bev\u00f6lkerung auszuschlie\u00dfen, wurde vom Amt f\u00fcr \u00f6ffentliche Ordnung eine Sperrzone mit einem Sicherheitsradius von zun\u00e4chst rund 400 Metern um den Fundort in der Augsburger Stra\u00dfe eingerichtet. Sie konnte im Zuge der Ma\u00dfnahme verkleinert werden, umfasste aber sowohl ein Wohngebiet als auch Bahngleise und ein Gewerbegebiet. Betroffen waren damit insgesamt knapp 1.000 Personen. Die Evakuierung begann um 15.30 Uhr und konnte bis 19.30 Uhr abgeschlossen werden. Anschlie\u00dfend begann der Kampfmittelbeseitigungsdienst mit der Entsch\u00e4rfung des Blindg\u00e4ngers.<br \/>\nDie erfolgreiche Entsch\u00e4rfung der Weltkriegsbombe wurde um 19.47 Uhr gemeldet. Im Anschluss wurde der Sprengk\u00f6rper Kampfmittelbeseitigungsdienst im Regierungspr\u00e4sidium Stuttgart sicher verladen und abtransportiert.<br \/>\nKr\u00e4fte des Bev\u00f6lkerungsschutzes haben in der Sporthalle der Linden-Realschule in der Lindenschulstra\u00dfe in Untert\u00fcrkheim eine Notunterkunft eingerichtet und Personen betreut, die ihr Zuhause verlassen mussten. Im Rahmen der Evakuierung mussten mehrere Personen mit k\u00f6rperlichen Einschr\u00e4nkungen durch die Einsatzkr\u00e4fte des Bev\u00f6lkerungsschutzes in die Betreuungsstelle begleitet werden. Im Verlauf der Ma\u00dfnahmen wurden rund 40 Personen betreut.<br \/>\nDas Amt f\u00fcr \u00f6ffentliche Ordnung richtete f\u00fcr telefonische Anfragen aus der Bev\u00f6lkerung \u00fcber die Zeit der Evakuierung ein B\u00fcrgertelefon ein. Hier gingen mehr als 100 Anrufe ein.<br \/>\nZur Information der Bev\u00f6lkerung wurde ein Notfall-Leuchtturm am Feuerwehrger\u00e4tehaus Untert\u00fcrkheim in der Hindelanger Stra\u00dfe 6 in Betrieb genommen. N\u00e4here Informationen zur Funktion der Notfall-Leuchtt\u00fcrme sind unter <a href=\"https:\/\/feuerwehr.stuttgart.de\/sicherheit\/buergerinformationen\/notfall-anlaufstellen\" target=\"_blank\" rel=\"noopener\">https:\/\/feuerwehr.stuttgart.de\/sicherheit\/buergerinformationen\/notfall-anlaufstellen<\/a> zu finden.<br \/>\nF\u00fcr die Durchf\u00fchrung der Ma\u00dfnahmen waren zirka 90 Einsatzkr\u00e4fte der nichtpolizeilichen Gefahrenabwehr im Einsatz. Die Polizei selbst war mit zahlreichen Einsatzkr\u00e4ften vor Ort und f\u00fchrte die Evakuierungsma\u00dfnahmen durch.<\/p>\n<p style=\"text-align: justify;\"><strong>Stuttgart-Hedelfingen: Nach Wildunfall &#8211; Zeugen gesucht<\/strong><br \/>\nDie Polizei sucht Zeugen zu einem Wildunfall, bei dem am Montag (11.08.2025) ein 39 Jahre alter Fahrer eines grauen VW Sharan auf der Bundesstra\u00dfe 10 in eine Leitplanke gefahren sein soll. Der 39-J\u00e4hrige fuhr zwischen 15.40 Uhr und 16.05 Uhr von der Bundesstra\u00dfe 14 auf die Bundesstra\u00dfe 10 Richtung Esslingen. Zwischen dem Dreieck Neckarpark und der Ausfahrt Hedelfingen soll ein Reh die Fahrbahn gekreuzt haben. Der 39-J\u00e4hrige soll infolgedessen mit seinem grauen Sahran gegen die linke Leitplanke gefahren sein. Anschlie\u00dfend fuhr er in Hedelfingen von der Bundesstra\u00dfe und alarmierte die Polizei. Die genaue Unfall\u00f6rtlichkeit ist nicht bekannt. Zeugen werden gebeten, sich unter der Rufnummer +4971189903500 beim Polizeirevier 5 Ostendstra\u00dfe zu melden.<\/p>\n<p style=\"text-align: justify;\"><strong>Stuttgart-Bad Cannstatt: Pedelecfahrerin gest\u00fcrzt &#8211; 49-J\u00e4hrige schwer verletzt<\/strong><br \/>\nEine 49 Jahre alte Frau hat sich bei einem Sturz von ihrem Pedelec schwere Verletzungen zugezogen. Die 49-J\u00e4hrige fuhr gegen 18.15 Uhr mit ihrem Zweirad die Sommerrainstra\u00dfe entlang und wollte nach rechts in den Narzissenweg abbiegen. Dabei blieb sie am Bordstein h\u00e4ngen und st\u00fcrzte. Rettungskr\u00e4fte k\u00fcmmerten sich um die Frau und brachten sie in ein Krankenhaus.<\/p>\n<p style=\"text-align: justify;\"><strong>Stuttgart-Vaihingen: Von der Fahrbahn abgekommen<\/strong><br \/>\nEin 20 Jahre alter Autofahrer ist in der Nacht zum Dienstag (12.08.2025) in der Robert-Leicht-Stra\u00dfe mit einem Mercedes von der Fahrbahn abgekommen und hat einen Schaden von rund 30.000 Euro verursacht. Der 20-J\u00e4hrige fuhr kurz vor 01.00 Uhr in der Robert-Leicht-Stra\u00dfe aus Richtung Hauptstra\u00dfe in Richtung des Kreisverkehrs Zusestra\u00dfe. Bei der Einfahrt in den Kreisverkehr kam der Mercedes mutma\u00dflich aufgrund \u00fcberh\u00f6hter Geschwindigkeit von der Fahrbahn ab, fuhr in die Gr\u00fcnfl\u00e4che des Kreisverkehrs und prallte gegen einen Baum. Rettungskr\u00e4fte k\u00fcmmerten sich um den leichtverletzten Fahrer und brachten ihn vorsorglich in ein Krankenhaus.<\/p>\n<p style=\"text-align: justify;\"><strong>Stuttgart-S\u00fcd: Zwei Frauen sexuell bel\u00e4stigt &#8211; Zeugen gesucht<\/strong><br \/>\nEin unbekannter Mann hat am fr\u00fchen Sonntagmorgen (10.08.2025) an der Stadtbahnhaltestelle Waldeck zwei 20 Jahre alte Frauen sexuell bel\u00e4stigt. Die beiden Frauen hielten sich gegen 03.00 Uhr an der Haltestelle auf, als der Unbekannte auf sie zukam, beide an den Handgelenken festhielt und ansprach. Nachdem er die beiden 20-J\u00e4hrigen wieder losgelassen hatte, gingen sie weiter. Der T\u00e4ter folgte ihnen und fasste beiden unter dem Rock in den Intimbereich. Anschlie\u00dfend rannte er zu einem Auto mit Heilbronner Kennzeichen, stieg auf der Beifahrerseite ein und das Auto fuhr davon. Die beiden Frauen erstatteten erst am Sonntagnachmittag Anzeige bei der Polizei. Der Unbekannte ist etwa 25 bis 30 Jahre alt, rund 175 bis 180 Zentimeter gro\u00df und auffallend dick. Er hat braune Augen, einen dunklen kurzen Vollbart und kurze dunkle Haare. Zeugen werden gebeten, sich unter der Rufnummer +4971189905778 bei der Kriminalpolizei zu melden.<\/p>\n<p style=\"text-align: justify;\"><strong>Stuttgart-Bad Cannstatt: Kind von Auto \u00fcberrollt und schwer verletzt<\/strong><br \/>\nEin einj\u00e4hriger Junge ist am Freitag (08.08.2025) bei einem Verkehrsunfall in der Lehmfeldstra\u00dfe schwer verletzt worden. Ein 58 Jahre alter Mann fuhr gegen 19.10 Uhr mit seinem Audi Q3 in der Lehmfeldstra\u00dfe r\u00fcckw\u00e4rts in eine Hofeinfahrt. Dabei soll er den Jungen erfasst und \u00fcberrollt haben. Rettungskr\u00e4fte, darunter ein Notarzt versorgten das Kind und brachten es in ein Krankenhaus.<\/p>\n<p style=\"text-align: justify;\"><strong>Stuttgart-Mitte: Reifen an Streifenwagen zerstochen &#8211; Tatverd\u00e4chtigen vorl\u00e4ufig festgenommen<\/strong><br \/>\nPolizeibeamte haben am Freitag (08.08.2025) einen 57 Jahre alten Mann vorl\u00e4ufig festgenommen, der im Verdacht steht, in der Theodor-Heuss-Stra\u00dfe an einem Streifenwagen einen Reifen zerstochen zu haben. Ein Zeuge beobachtete den Tatverd\u00e4chtigen gegen 17.00 Uhr, wie dieser vor dem Polizeirevier 1 in der Theodor-Heuss-Stra\u00dfe den vorderen linken Reifen eines Mercedes Vito zerstach. Der Zeuge alarmierte die Polizisten, die den 57-J\u00e4hrigen kurz darauf in der Calwer Stra\u00dfe vorl\u00e4ufig festnahmen. Nach Abschluss der polizeilichen Ma\u00dfnahmen brachten sie den Tatverd\u00e4chtigen in eine psychiatrische Einrichtung<\/p>\n<hr \/>\n<p>&nbsp;<\/p>\n","protected":false},"excerpt":{"rendered":"<p>Quelle: ots Stuttgart-Bad Cannstatt: Tatverd\u00e4chtigen nach Raub festgenommen &#8211; Zeugen gesucht Polizeibeamte haben am Freitagabend (15.08.2025) einen 38-j\u00e4hrigen Mann an der Marktstra\u00dfe festgenommen, der im Verdacht steht, einem 37-J\u00e4hrigen dessen Handy geraubt zu haben. Zwischen den Beiden kam es bereits im Verlauf des Tages zu einer k\u00f6rperlichen Auseinandersetzung. Als sie am Abend gegen 22.20 Uhr [&hellip;]<\/p>\n","protected":false},"author":4,"featured_media":152245,"comment_status":"closed","ping_status":"open","sticky":false,"template":"","format":"standard","meta":{"inline_featured_image":false,"_exactmetrics_skip_tracking":false,"_exactmetrics_sitenote_active":false,"_exactmetrics_sitenote_note":"","_exactmetrics_sitenote_category":0,"footnotes":""},"categories":[11241],"tags":[14857,68,205,1625,275],"class_list":{"0":"post-157769","1":"post","2":"type-post","3":"status-publish","4":"format-standard","5":"has-post-thumbnail","7":"category-region-stuttgart","8":"tag-die-webzeitung","9":"tag-online-zeitung","10":"tag-polizei","11":"tag-report","12":"tag-stuttgart"},"image_feature":"https:\/\/die-webzeitung.de\/stuttgart\/wp-content\/uploads\/sites\/4\/2024\/02\/Polizei-Pix-scaled.jpg","author_name":"Redaktion","pure_taxonomies":{"categories":[{"term_id":11241,"name":"Polizei-Report Stuttgart","slug":"region-stuttgart","term_group":0,"term_taxonomy_id":11279,"taxonomy":"category","description":"Polizeiberichte aus der Region Stuttgart","parent":1619,"count":68,"filter":"raw","image":""}],"tags":[{"term_id":14857,"name":"Die-Webzeitung","slug":"die-webzeitung","term_group":0,"term_taxonomy_id":14876,"taxonomy":"post_tag","description":"","parent":0,"count":3623,"filter":"raw","image":""},{"term_id":68,"name":"Online-Zeitung","slug":"online-zeitung","term_group":0,"term_taxonomy_id":69,"taxonomy":"post_tag","description":"","parent":0,"count":3593,"filter":"raw","image":""},{"term_id":205,"name":"Polizei","slug":"polizei","term_group":0,"term_taxonomy_id":208,"taxonomy":"post_tag","description":"","parent":0,"count":277,"filter":"raw","image":""},{"term_id":1625,"name":"Report","slug":"report","term_group":0,"term_taxonomy_id":1634,"taxonomy":"post_tag","description":"","parent":0,"count":210,"filter":"raw","image":""},{"term_id":275,"name":"Stuttgart","slug":"stuttgart","term_group":0,"term_taxonomy_id":281,"taxonomy":"post_tag","description":"","parent":0,"count":1194,"filter":"raw","image":""}]},"_links":{"self":[{"href":"https:\/\/die-webzeitung.de\/stuttgart\/wp-json\/wp\/v2\/posts\/157769","targetHints":{"allow":["GET"]}}],"collection":[{"href":"https:\/\/die-webzeitung.de\/stuttgart\/wp-json\/wp\/v2\/posts"}],"about":[{"href":"https:\/\/die-webzeitung.de\/stuttgart\/wp-json\/wp\/v2\/types\/post"}],"author":[{"embeddable":true,"href":"https:\/\/die-webzeitung.de\/stuttgart\/wp-json\/wp\/v2\/users\/4"}],"replies":[{"embeddable":true,"href":"https:\/\/die-webzeitung.de\/stuttgart\/wp-json\/wp\/v2\/comments?post=157769"}],"version-history":[{"count":14,"href":"https:\/\/die-webzeitung.de\/stuttgart\/wp-json\/wp\/v2\/posts\/157769\/revisions"}],"predecessor-version":[{"id":157834,"href":"https:\/\/die-webzeitung.de\/stuttgart\/wp-json\/wp\/v2\/posts\/157769\/revisions\/157834"}],"wp:featuredmedia":[{"embeddable":true,"href":"https:\/\/die-webzeitung.de\/stuttgart\/wp-json\/wp\/v2\/media\/152245"}],"wp:attachment":[{"href":"https:\/\/die-webzeitung.de\/stuttgart\/wp-json\/wp\/v2\/media?parent=157769"}],"wp:term":[{"taxonomy":"category","embeddable":true,"href":"https:\/\/die-webzeitung.de\/stuttgart\/wp-json\/wp\/v2\/categories?post=157769"},{"taxonomy":"post_tag","embeddable":true,"href":"https:\/\/die-webzeitung.de\/stuttgart\/wp-json\/wp\/v2\/tags?post=157769"}],"curies":[{"name":"wp","href":"https:\/\/api.w.org\/{rel}","templated":true}]}}