{"id":157767,"date":"2025-08-11T09:51:57","date_gmt":"2025-08-11T08:51:57","guid":{"rendered":"https:\/\/die-webzeitung.de\/stuttgart\/?p=157767"},"modified":"2025-08-17T10:38:00","modified_gmt":"2025-08-17T09:38:00","slug":"polizei-report-kreis-esslingen-woche-33-2","status":"publish","type":"post","link":"https:\/\/die-webzeitung.de\/stuttgart\/2025\/08\/11\/polizei-report-kreis-esslingen-woche-33-2\/","title":{"rendered":"Polizei-Report Kreis Esslingen | Woche 33"},"content":{"rendered":"<p><em>Quelle: ots<\/em><\/p>\n<p style=\"text-align: justify;\"><strong>Wendlingen am Neckar: Chlorgasaustritt f\u00fchrt zu Sperrung des Freibads am Sonntag<br \/>\n<\/strong>Nach einem Chlorgasaustritt am fr\u00fchen Sonntagmorgen ist es zu einer Sperrung des Freibads Wendlingen gekommen. Nach derzeitigem Ermittlungsstand bemerkte eine Mitarbeiterin gegen 05.30 Uhr, dass der Alarm in einem Technikraum des Freibads ausgel\u00f6st hatte. Die verst\u00e4ndigte Feuerwehr r\u00fcckte daraufhin mit einem Gro\u00dfaufgebot aus und konnte feststellen, dass es mutma\u00dflich aufgrund eines technischen Defekts zu einem zeitweiligen Austritt des Gefahrstoffs kam. Zum Zeitpunkt des Austritts hatte das Bad noch geschlossen und es waren keine Besucher anwesend. Eine Gefahr f\u00fcr die Bev\u00f6lkerung bestand nicht. Verletzt wurde nach bisherigen Erkenntnissen niemand. Aufgrund der andauernden Reparaturarbeiten durch eine Fachfirma wurde auf Entscheidung der Stadt Wendlingen der Betrieb des Freibads f\u00fcr Sonntag, den 17.08.2025, untersagt und das Bad f\u00fcr Besucher gesperrt.<\/p>\n<p style=\"text-align: justify;\"><strong>Esslingen am Neckar: K\u00fcchenbrand<br \/>\n<\/strong>Angebranntes Essen auf dem Herd hat am Samstagabend in der Stra\u00dfe Mittlere Beutau zu einem Einsatz von Feuerwehr, Rettungsdienst und Polizei gef\u00fchrt. Gegen 19.20 Uhr wurden die Einsatzkr\u00e4fte \u00fcber dichten schwarzen Rauch informiert, der aus einem Fenster drang. Den Bewohnern des Geb\u00e4udes gelang es das Feuer bis zum Eintreffen der Feuerwehr weitestgehend zu l\u00f6schen. Personen kamen dabei nicht zu Schaden. An der nun vor\u00fcbergehend nicht nutzbaren Wohnung entstand ein Sachschaden in H\u00f6he von circa 40.000 Euro. Die Feuerwehr war mit sechs Fahrzeugen und 24 Einsatzkr\u00e4ften vor Ort.<\/p>\n<p style=\"text-align: justify;\"><strong>Deizisau: Ein Leichtverletzter nach K\u00fcchenbrand<br \/>\n<\/strong>Ein leicht verletzter Bewohner und Sachschaden in H\u00f6he von circa 200.000 Euro sind die Folgen eines K\u00fcchenbrands in einem Mehrfamilienhaus am Samstagmorgen. Gegen 08.15 Uhr teilte ein Anwohner \u00fcber die Rettungsleitstelle eine Rauchentwicklung in der Hohenstaufenstra\u00dfe mit. S\u00e4mtliche Bewohner wurden durch den ausgel\u00f6sten Rauchmelder auf die Rauchentwicklung aufmerksam und hatten das Geb\u00e4ude noch vor dem Eintreffen der Rettungskr\u00e4fte bereits selbstst\u00e4ndig verlassen. Das Feuer konnte anschlie\u00dfend durch die Feuerwehr rasch gel\u00f6scht werden. Da ein 33-j\u00e4hriger Hausbewohner \u00fcber Unwohlsein klagte, wurde er zur weiteren Untersuchung durch den Rettungsdienst in ein Klinikum gebracht. Bis auf die betroffene Wohnung, die weiterhin unbewohnbar bleibt, konnten die Bewohner nach Beendigung der L\u00f6sch- und Bel\u00fcftungsma\u00dfnahmen durch die Feuerwehr wieder in ihre Wohnungen zur\u00fcckkehren. Ob m\u00f6glicherweise ein technischer Defekt an einem K\u00fcchenger\u00e4t Ausl\u00f6ser f\u00fcr den Brand war, bedarf weiterer Ermittlungen, welche vom Polizeirevier Esslingen \u00fcbernommen wurden. Die Feuerwehr war mit etwa 50 Einsatzkr\u00e4ften und sieben Fahrzeugen und der Rettungsdienst mit zwei Fahrzeugen vor Ort.<\/p>\n<p style=\"text-align: justify;\"><strong>Altbach: Polizeibeamte t\u00e4tlich angegriffen, bedroht und beleidigt<br \/>\n<\/strong>F\u00fcr einen 63-J\u00e4hrigen ist der Freitagabend in der Gewahrsamseinrichtung des Polizeireviers Esslingen zu Ende gegangen. Gegen 22.50 Uhr meldeten Passanten \u00fcber den Polizei-Notruf eine vermeintlich stark alkoholisierte und p\u00f6belnde Person in der Neckarstra\u00dfe in Altbach. Bei der anschlie\u00dfenden \u00dcberpr\u00fcfung durch eine Streife des Polizeireviers Esslingen konnte die gemeldete Person auf dem Boden liegend angetroffen und einer Personenkontrolle unterzogen werden. Da der 63-J\u00e4hrige erheblich alkoholisiert und zuvor bereits mehrfach durch Ordnungsst\u00f6rungen in Erscheinung getreten war, wurde er zur Abwendung weiterer St\u00f6rungen in Gewahrsam genommen. Bei der anschlie\u00dfenden \u00e4rztlichen Untersuchung beleidigte und bedrohte der 63 Jahre alte Mann die eingesetzten Beamten mit nicht zitierf\u00e4higen Worten. Zudem versuchte der 63-j\u00e4hrige, einen Polizeibeamten zu treten, was ihm jedoch nicht gelang. Der Mann sieht nun mehreren Strafanzeigen entgegen. Die weiteren Ermittlungen werden vom Polizeirevier Esslingen \u00fcbernommen.<\/p>\n<p style=\"text-align: justify;\"><strong>Kirchheim unter Teck: K\u00f6rperliche Auseinandersetzung vor Gastst\u00e4tte<br \/>\n<\/strong>Gl\u00fccklicherweise nur leichte Verletzungen hat ein 32-j\u00e4hriger Mann im Rahmen einer Auseinandersetzung in der Nacht von Freitag auf Samstag vor einer Kirchheimer Gastst\u00e4tte in der Alleenstra\u00dfe erlitten. Gegen 2.35 Uhr kam es zun\u00e4chst in der Gastst\u00e4tte aus bislang unbekannten Gr\u00fcnden zu einer verbalen Auseinandersetzung zwischen dem 32-J\u00e4hrigen und einem 37 Jahre alten Mann. Als sich diese in den Au\u00dfenbereich verlagerte, griff eine bislang unbekannte Person zun\u00e4chst den 37-J\u00e4hrigen an und verletzte diesen augenscheinlich leicht mit einem Glas am Kopf. Unmittelbar danach schlug der 37-J\u00e4hrige dann auf den 32-j\u00e4hrigen Mann ein, wodurch dieser zu Boden ging. Hier schlug der \u00e4ltere der beiden M\u00e4nner jedoch weiter unvermittelt auf sein Opfer ein, wodurch der 32-J\u00e4hrige zahlreiche Verletzungen im Gesichtsbereich davontrug. W\u00e4hrend der Verletzte nach erfolgter medizinischen Erstversorgung in eine Klinik gebracht wurde, konnte der T\u00e4ter in einer weiteren nahegelegenen Gastst\u00e4tte in Kirchheim angetroffen werden. Zu diesem Zeitpunkt hatte sich der 37-J\u00e4hrige bereits seines verbluteten T-Shirts entledigt, dieses konnte durch die Polizei jedoch aufgefunden und beschlagnahmt werden. Nach Abschluss der polizeilichen Ma\u00dfnahmen vor Ort wurde dem 37-J\u00e4hrigen ein Platzverweis f\u00fcr den Bereich um die betroffene Gastst\u00e4tte ausgesprochen. Die Ermittlungen zu den k\u00f6rperlichen Auseinandersetzungen hat das Polizeirevier Kirchheim u.T. \u00fcbernommen.<\/p>\n<p style=\"text-align: justify;\"><strong>Ostfildern: Kontrolle \u00fcber Fahrzeug verloren<br \/>\n<\/strong>Ein \u00fcber 90 Jahre alter Pkw-Lenker hat am Donnerstagmittag die Kontrolle \u00fcber sein Fahrzeug verloren und einen schadenstr\u00e4chtigen Verkehrsunfall verursacht. Der Senior wollte gegen 13 Uhr mit seinem Wagen bei der Sportanlage Talwiesen r\u00fcckw\u00e4rts ausparken. Hierbei touchierte er zun\u00e4chst einen gegen\u00fcber geparkten Volvo. Im weiteren Verlauf \u00fcberfuhr der Mann eine Gr\u00fcnfl\u00e4che und stie\u00df noch mit einer ebenfalls geparkten Mercedes-Benz B-Klasse zusammen. Der Schaden wird auf 11.000 Euro gesch\u00e4tzt.<\/p>\n<p style=\"text-align: justify;\"><strong>Reichenbach: Zu tief ins Glas geschaut<br \/>\n<\/strong>Ein erheblich betrunkener Autofahrer hat am Donnerstagnachmittag in Reichenbach einen Verkehrsunfall verursacht. Der 65-J\u00e4hrige stie\u00df kurz nach 17 Uhr mit einem VW beim r\u00fcckw\u00e4rts Ausparken in der Hauptstra\u00dfe mit einem hinter ihm vorbeifahrenden Ford einer 84 Jahre alten Frau zusammen. Bei der Unfallaufnahme stellten die Beamten fest, dass der Unfallverursacher zu tief ins Glas geschaut hatte. Ein Test ergab einen vorl\u00e4ufigen Wert von \u00fcber 2,5 Promille. Neben einer Blutprobe musste der Mann auch seinen F\u00fchrerschein abgeben. \u00dcber die H\u00f6he des Sachschadens liegen noch keine konkreten Angaben vor.<\/p>\n<p style=\"text-align: justify;\"><strong>N\u00fcrtingen: Transporter in Oberensingen ausgebrannt<br \/>\n<\/strong>Ein 13 Jahre alter Transporter ist am Donnerstagnachmittag in Oberensingen ausgebrannt. Ein 76-J\u00e4hriger war gegen 16 Uhr mit dem Mercedes-Benz Vito auf der Stuttgarter Stra\u00dfe in Richtung Wolfschlugen unterwegs. Auf H\u00f6he der Linksabbiegespur nach Gr\u00f6tzingen bemerkte der Fahrer Rauch aus dem Motor aufsteigen und hielt an. Kurz darauf stand das Fahrzeug in Vollbrand und musste von der Feuerwehr gel\u00f6scht werden. Durch das Feuer wurde noch die Ampel in Mitleidenschaft gezogen. Der Senior wurde vorsichtshalber mit einem Rettungswagen zur Untersuchung in eine Klinik gebracht. Der Vito musste abgeschleppt werden. Der Schaden bel\u00e4uft sich auf zirka 12.000 Euro. W\u00e4hrend der Brandbek\u00e4mpfung musste die Stuttgarter Stra\u00dfe bis 17.15 Uhr voll gesperrt werden. Im Anschluss konnte der Verkehr w\u00e4hrend der Reinigungsarbeiten bis 18.50 Uhr einspurig vorbeigeleitet werden. Hierzu kamen Mitarbeiter der Stadt N\u00fcrtingen mit einer Kehrmaschine vor Ort.<\/p>\n<p style=\"text-align: justify;\"><strong>Kirchheim: Mit mutma\u00dflichem Diebesgut unterwegs<br \/>\n<\/strong>Den richtigen Riecher hatte eine Streife des Polizeireviers Kirchheim am Donnerstagnachmittag bei einer verdachtsunabh\u00e4ngigen Fahrzeugkontrolle. Die Beamten hielten gegen 16.15 Uhr einen ungarischen Pkw an der B 465 auf dem P+R Parkplatz der Autobahnmeisterei an. Bei der Kontrolle des Fahrers stellte sich heraus, dass er mutma\u00dflich unter Drogeneinfluss stand. Ein Vortest best\u00e4tigte den Verdacht der Polizisten und verlief positiv auf THC. Der 39 Jahre alte Mann musste sich daraufhin einer Blutentnahme unterziehen. In dem Fahrzeug entdeckten die Beamten zwei nagelneue Rucks\u00e4cke, an denen sich noch die Preisschilder und Diebstahlssicherungen befanden. Ermittlungen ergaben den Verdacht, dass diese in einem Kirchheimer Sportgesch\u00e4ft entwendet worden waren. Gegen den Tatverd\u00e4chtigen wurden zwei Sicherheitsleistungen in einer Gesamth\u00f6he von 950 Euro erhoben. Weiterhin wurde die Weiterfahrt untersagt und die Fahrzeugschl\u00fcssel bis zum Folgetag einbehalten.<\/p>\n<p style=\"text-align: justify;\"><strong>Neuhausen\/Fildern: Personensuche mit Polizeihubschrauber<br \/>\n<\/strong>Ein Jugendlicher, der sich offensichtlich in einem psychischen Ausnahmezustand befand, hat im Bereich von Neuhausen auf den Fildern am fr\u00fchen Freitagmorgen einen Polizeieinsatz mit mehreren Streifenwagenbesatzungen ausgel\u00f6st. Gegen 3.15 Uhr war die Polizei alarmiert worden, nachdem der 16-J\u00e4hrige angek\u00fcndigt hatte, sich m\u00f6glicherweise selbst zu verletzen und nicht mehr auffindbar war. Die Einsatzkr\u00e4fte machten sich daraufhin sofort auf die Suche nach ihm und wurden dabei von einem Polizeihubschrauber unterst\u00fctzt. Kurz vor 4.30 Uhr konnte der Gesuchte unversehrt im Stadtgebiet aufgefunden werden. Er wurde im Anschluss in einer Fachklinik untergebracht.<\/p>\n<p style=\"text-align: justify;\"><strong>Neckartailfingen: B 312 aufgrund verlorener Ladung gesperrt<br \/>\n<\/strong>Die B 312 musste am Donnerstagvormittag f\u00fcr knapp zwei Stunden in beide Fahrtrichtungen auf H\u00f6he Neckartailfingen voll gesperrt werden. Ein 38-J\u00e4hriger war gegen 10.30 Uhr mit einem Suzuki samt Anh\u00e4nger auf der Bundesstra\u00dfe in Richtung Metzingen unterwegs. Vermutlich aufgrund eines Fahrfehlers geriet das Gespann ins Schlingern und touchierte die rechte Leitplanke. Dabei drehten sich die beiden Fahrzeuge um 180 Grad und blieben in Richtung Stuttgart stehen. Durch den Unfall wurde der auf dem Anh\u00e4nger geladene Beton auf der Stra\u00dfe verteilt. Zur Reinigung r\u00fcckte daraufhin die Feuerwehr mit zw\u00f6lf Einsatzkr\u00e4ften und drei Fahrzeugen aus. Weiterhin kamen Mitarbeiter der Stra\u00dfenmeisterei f\u00fcr die Stra\u00dfensperrung vor Ort. \u00dcber die H\u00f6he des Sachschadens liegen noch keine konkreten Angaben vor.<\/p>\n<p style=\"text-align: justify;\"><strong>Neuffen: Radlerin bei Unfall mit Lkw schwer verletzt<br \/>\n<\/strong>Mit ersten Erkenntnissen nach schweren Verletzungen musste eine Radfahrerin nach einem Verkehrsunfall mit einem Laster am Donnerstagmorgen in Neuffen in eine Klinik gebracht werden. Ein 53-J\u00e4hriger war gegen 6.50 Uhr mit einem Lkw der Marke Daimler-Benz Atego von der Stra\u00dfe Oberer Graben in den Kreisverkehr mit der Hauptstra\u00dfe eingefahren. Hierbei kam es zur Kollision mit der sich bereits im Kreisel befindlichen, 61 Jahre alten Radlerin. Durch den Zusammensto\u00df st\u00fcrzte die Frau zu Boden und verletzte sich. Sie wurde zun\u00e4chst von Ersthelfern versorgt und anschlie\u00dfend mit einem Rettungswagen ins Krankenhaus gebracht. Der Schaden an den beiden Fahrzeugen bel\u00e4uft sich auf mehrere tausend Euro.<\/p>\n<p style=\"text-align: justify;\"><strong>Leinfelden-Echterdingen: Unfall im Kreuzungsbereich<br \/>\n<\/strong>Am Donnerstagmorgen ist es in der Kreuzung Nord-S\u00fcd-\/ Maybachstra\u00dfe\/Anschlussstelle A8 zu einem Verkehrsunfall gekommen. Den ersten verkehrspolizeilichen Ermittlungen zufolge befuhr eine 25-J\u00e4hrige kurz nach 7.30 Uhr mit einem Mercedes Citan die Abfahrt der Autobahn-Anschlussstelle Stuttgart-M\u00f6hrigen von Karlsruhe herkommend in Richtung Maybachstra\u00dfe. Zeugenangaben zufolge bog sie an der dortigen Kreuzung, deren Ampel zu diesem Zeitpunkt aufgrund eines Defekts nicht in Betrieb war, nach links ab. Der Citan kollidierte daraufhin mit der Seite einer Mercedes C-Klasse, dessen 58 Jahre alter Fahrer vorfahrtsberechtigt auf der Maybachstra\u00dfe in Richtung Nord-S\u00fcd-Stra\u00dfe fuhr. Die 25-J\u00e4hrige erlitt nach ersten Erkenntnissen leichte Verletzungen. Der Rettungsdienst brachte sie zur weiteren Behandlung in eine Klinik. Beide Fahrzeuge mussten abgeschleppt werden. Der entstandene Sachschaden wird auf rund 21.000 Euro beziffert werden. Neben dem Rettungsdienst und einem Techniker, der zur Reparatur der Ampelanlage vor Ort kam, war auch die Feuerwehr mit zwei Fahrzeugen und zehn Einsatzkr\u00e4ften zur Unfallstelle ausger\u00fcckt.<\/p>\n<p style=\"text-align: justify;\"><strong>Esslingen: Heftig gegen abgestellten H\u00e4nger geprallt<br \/>\n<\/strong>Ein schwerstverletzter Verkehrsteilnehmer und hoher Sachschaden sind die Folgen eines Unfalls am fr\u00fchen Donnerstagmorgen auf der B10 bei Esslingen. Kurz vor vier Uhr geriet ein in Richtung Stuttgart fahrender 61-J\u00e4hriger mit einem Renault Kastenwagen nach rechts von der Fahrbahn ab und kollidierte mit einem dort verbotswidrig auf dem Seitenstreifen abgestellten Lkw-Anh\u00e4nger. Der 27 Jahre alte Lkw-Lenker befand sich zu diesem Zeitpunkt mit der dazugeh\u00f6rigen Mercedes Zugmaschine vor dem abgekoppelten Anh\u00e4nger. Durch den heftigen Aufprall erlitt der 61-J\u00e4hrige schwerste Verletzungen, er wurde durch den Rettungsdienst in ein Krankenhaus gebracht. F\u00fcr die Dauer der Unfallaufnahme und zur Beseitigung des weitreichenden Tr\u00fcmmerfeldes mussten beide Fahrspuren der B10 bis um sechs Uhr gesperrt werden. Der Renault musste abgeschleppt werden. Die H\u00f6he des Schadens steht noch nicht fest. Die Verkehrspolizei Esslingen hat die Ermittlungen \u00fcbernommen.<\/p>\n<p style=\"text-align: justify;\"><strong>Unterensingen: Auseinandersetzung unter Mitbewohnern<br \/>\n<\/strong>Am Donnerstagmorgen ist es in einer Unterkunft in der N\u00fcrtinger Stra\u00dfe zu einer Auseinandersetzung zwischen zwei Bewohnern gekommen. Gegen 8.10 Uhr waren die beiden M\u00e4nner im Alter von 27 und 38 Jahren aus noch unbekannter Ursache in einen Streit geraten. Dabei soll der \u00c4ltere seinen Kontrahenten mit einem Messer am Arm verletzt haben. Der 27-J\u00e4hrige wurde vom Rettungsdienst zur weiteren Behandlung ins Krankenhaus gebracht. Auch der 38-J\u00e4hrige erlitt nach ersten Erkenntnissen leichte Verletzungen. Er wurde vor Ort von einer Rettungswagenbesatzung untersucht und wollte sich im Anschluss an die erforderlichen polizeilichen Ma\u00dfnahmen selbstst\u00e4ndig in \u00e4rztliche Behandlung begeben. Der Polizeiposten Wendlingen hat die weiteren Ermittlungen aufgenommen.<\/p>\n<p style=\"text-align: justify;\"><strong>Wendlingen: K\u00fcchenbrand in Restaurant<br \/>\n<\/strong>Zu einem K\u00fcchenbrand in einem Restaurant mussten am Mittwochnachmittag die Rettungskr\u00e4fte in die Wendlinger Bahnhofstra\u00dfe ausr\u00fccken. Ersten Ermittlungen nach waren gegen 14.20 Uhr K\u00fcchenger\u00e4te w\u00e4hrend des Betriebs in Brand geraten und die Flammen hatten auf die L\u00fcftung \u00fcbergegriffen. Mitarbeiter einer nahegelegenen Firma griffen sofort ein und konnten den Brand bis zum Eintreffen der sofort verst\u00e4ndigten Feuerwehr gr\u00f6\u00dftenteils l\u00f6schen. Die Feuerwehr l\u00f6schte im Anschluss die L\u00fcftung vollends ab. Der Rettungsdienst k\u00fcmmerte sich um das Personal und die G\u00e4ste, die ersten Erkenntnissen nach unverletzt geblieben waren. Eine Frau wurde jedoch vorsichtshalber zur Untersuchung in eine Klinik gebracht. Der Schaden bel\u00e4uft sich einer ersten Sch\u00e4tzung nach auf zirka 20.000 Euro.<\/p>\n<p style=\"text-align: justify;\"><strong>Esslingen: Mit Krankenfahrstuhl verungl\u00fcckt<br \/>\n<\/strong>Verletzungen bislang ungekl\u00e4rten Ausma\u00dfes hat eine Seniorin am Dienstagnachmittag in Esslingen erlitten, als sie mit ihrem Krankenfahrstuhl verungl\u00fcckt ist. Die 82-J\u00e4hrige war kurz nach 14 Uhr mit einem elektrisch angetriebenen Rollstuhl auf der Hindenburgstra\u00dfe unterwegs. Auf H\u00f6he der Olgastra\u00dfe blieb die Frau mit ihrem Fahrzeug an einem Poller h\u00e4ngen. Dadurch hebelte es den Rollstuhl aus und die 82-J\u00e4hrige st\u00fcrzte zu Boden. Eine Zeugin k\u00fcmmerte sich um die Verletzte und verst\u00e4ndigte den Rettungsdienst. Sie wurde im Anschluss mit einem Rettungswagen in das Krankenhaus gebracht.<\/p>\n<p style=\"text-align: justify;\"><strong>Kirchheim: M\u00f6bel-Diebe auf frischer Tat erwischt<br \/>\n<\/strong>Zur richtigen Zeit am Ort eines Diebstahls in der Lichtensteinstra\u00dfe befand sich eine Polizeistreife am Dienstagabend. Die Beamten beobachteten kurz vor 19.30 Uhr wie zwei M\u00e4nner aus einem Grundst\u00fcck zu einem am Stra\u00dfenrand geparkten Pkw mit offenstehendem Kofferraum rannten. Hierbei trugen sie mehrere Gartenst\u00fchle, die sie nach bisherigen Erkenntnissen kurz zuvor aus einer Seniorenresidenz gestohlen hatten und die in den Pkw eingeladen werden sollten. Beim Erkennen der Polizeibeamten fl\u00fcchteten die zun\u00e4chst Unbekannten und auch der Pkw entfernte sich z\u00fcgig. Sowohl die beiden zu Fu\u00df fl\u00fcchtenden, als auch der Pkw-Lenker konnten im Zuge der Fahndung angetroffen und vorl\u00e4ufig festgenommen werden. Hierbei leistete ein 21-J\u00e4hriger Widerstand, w\u00e4hrend bei seinen beiden Tatgenossen im Alter von 20 und 19 Jahren noch Bet\u00e4ubungsmittel aufgefunden wurde. Nach Abschluss der polizeilichen Ma\u00dfnahmen wurden die Drei auf freien Fu\u00df entlassen. Sie erwarten nun mehrere Strafanzeigen bei der Staatsanwaltschaft.<\/p>\n<p style=\"text-align: justify;\"><strong>Weilheim\/Teck: Betrunken gefahren und Polizeibeamte angegriffen<br \/>\n<\/strong>Mehreren Strafanzeigen sieht ein 44-J\u00e4hriger entgegen, den die Polizei am fr\u00fchen Mittwochmorgen aus dem Verkehr gezogen hat. Die Beamten waren gegen 1.15 Uhr im Rahmen einer zuvor gemeldeten Vermisstenfahndung in einem Weilheimer Stadtteil unterwegs, als sie den Gesuchten in seinem Transporter erkannten und anhalten konnten. Da sich Anhaltspunkte ergaben, dass der 44-J\u00e4hrige alkoholische Getr\u00e4nke konsumiert hatte, sollte er kontrolliert werden. Dagegen setzte er sich massiv zur Wehr, weshalb er unter Zwang aus dem Fahrzeug gebracht werden musste. Eine \u00dcberpr\u00fcfung seiner Verkehrst\u00fcchtigkeit ergab in der Folge einen vorl\u00e4ufigen Atemalkoholwert von mehr als 1,5 Promille, weshalb eine Blutentnahme angeordnet werden musste. Auch hiergegen leistete er nicht nur erheblichen Widerstand, sondern griff auch die Polizeibeamten an, wobei zwei Beamte verletzt wurden. Beide konnten ihren Dienst aber fortsetzen. Der 44-J\u00e4hrige wurde vor\u00fcbergehend festgenommen und mit Unterst\u00fctzung einer weiteren Polizeistreife zur Blutentnahme zum Polizeirevier gebracht. Sein F\u00fchrerschein wurde beschlagnahmt. Nach der Durchf\u00fchrung der erforderlichen polizeilichen Ma\u00dfnahmen wurde er wieder auf freien Fu\u00df gesetzt.<\/p>\n<p style=\"text-align: justify;\"><strong>Plochingen: Nach Auseinandersetzung in Fachklinik gebracht<br \/>\n<\/strong>Ein 33-J\u00e4hriger ist am Montagabend in der Stra\u00dfe Am Fischbrunnen von drei Jugendlichen angegangen worden und musste anschlie\u00dfend in eine Fachklinik gebracht werden. Ein Zeuge alarmierte gegen 19.50 Uhr die Polizei, nachdem der 33-J\u00e4hrige aus noch unbekannter Ursache von drei unbekannten Jugendlichen gegen den Kopf geschlagen und getreten worden war. Bis zum Eintreffen der Einsatzkr\u00e4fte waren die Angreifer in Richtung Neckarstra\u00dfe gefl\u00fcchtet. Erste Hinweise zu ihrer Identit\u00e4t liegen vor. Eine eingeleitete Fahndung verlief erfolglos. Aufgrund der Schl\u00e4ge und Tritte gegen den Kopf sollte der alkoholisierte und psychisch auff\u00e4llige 33-J\u00e4hrige zum Ausschluss schwerwiegender Verletzungen zur Untersuchung in ein Krankenhaus gebracht werden. Hiergegen weigerte sich der Mann, weshalb er in Gewahrsam genommen und nach einer \u00e4rztlichen Vorstellung in eine Fachklinik gebracht werden musste.<\/p>\n<p style=\"text-align: justify;\"><strong>Wendlingen: Siebenj\u00e4hrige Radlerin von Pkw erfasst<br \/>\n<\/strong>Nach ersten Erkenntnissen leichte Verletzungen hat eine siebenj\u00e4hrige Radlerin bei einem Verkehrsunfall am Montagabend an der Kreuzung K\u00fcfer-\/ Kirchheimer Stra\u00dfe erlitten. Nach derzeitigem Kenntnisstand war das M\u00e4dchen gegen 19.45 Uhr mit ihrem Zweirad vom Gehweg der K\u00fcferstra\u00dfe aus, kurz nach einem dortigen \u00dcberweg, auf die Kirchheimer Stra\u00dfe gefahren. Ein 34-J\u00e4hriger, der dort mit einem Dacia Sandero in Richtung Ortsmitte unterwegs war, konnte daraufhin nicht mehr rechtzeitig anhalten und kollidierte mit geringer Geschwindigkeit mit der Radlerin. Dieser st\u00fcrzte daraufhin zu Boden. Zusammen mit einer Angeh\u00f6rigen wurde das M\u00e4dchen vom Rettungsdienst ins Krankenhaus gebracht. Der entstandene Sachschaden wird auf etwa 500 Euro gesch\u00e4tzt.<\/p>\n<p style=\"text-align: justify;\"><strong>Ostfildern: Fahrg\u00e4ste in U-Bahn bedroht<br \/>\n<\/strong>Einen stark alkoholisierten Mann mussten Polizeibeamte am Montagmittag in Nellingen in Gewahrsam nehmen. Der 60-J\u00e4hrige fuhr gegen 12.30 Uhr in der U-Bahn mit und soll hierbei andere Fahrg\u00e4ste angeschrien haben. Zudem soll es zu unkoordinierten Schlagbewegungen gekommen sein, wobei der renitente Mann mit zwei K\u00fcchenmesser herumgefuchtelt haben soll. Nachdem Zeugen die Polizei alarmiert hatten, konnten die Einsatzkr\u00e4fte den 60-J\u00e4hrigen mit einem Atemalkoholwert von \u00fcber zwei Promille an der Haltstelle Kreuzbrunnen antreffen und in Gewahrsam nehmen. Die beiden K\u00fcchenmesser wurden sichergestellt. Der Mann verbrachte die Nacht im Ortsarrest des Polizeireviers Filderstadt. Die Ermittlungen zum Verdacht der Bedrohung dauern an.<\/p>\n<p style=\"text-align: justify;\"><strong>Neckartailfingen: Rasender Motorradfahrer gestoppt<br \/>\n<\/strong>Mehreren Anzeigen sieht ein Motorradfahrer entgegen, den die Verkehrspolizei Esslingen am Sonntagmittag kontrolliert hat. Der 37-J\u00e4hrige war kurz vor 13.30 Uhr mit seiner Kawasaki Z1000 zwischen Neckartailfingen und Neckarhausen unterwegs, wo er trotz dort bestehendem \u00dcberholverbot mit hoher Geschwindigkeit insgesamt acht Fahrzeuge nacheinander \u00fcberholte. Eine Streife der Verkehrspolizei stoppte daraufhin den Raser. Bei der Kontrolle stellten die Beamten zudem fest, dass neben einem abgefahrenen Hinterreifen auch technische Umbauten an dem Bike vorgenommen waren, die letztlich zum Erl\u00f6schen der Betriebserlaubnis f\u00fchrten. Die Weiterfahrt wurde daher untersagt.<\/p>\n<p style=\"text-align: justify;\"><strong>Unterensingen: Nach Serie von Br\u00e4nden &#8211; 42-J\u00e4hriger in Untersuchungshaft<\/strong><br \/>\nWegen des Verdachts der Begehung einer Brandstiftungsserie ermitteln die Staatsanwaltschaft Stuttgart und die Kriminalpolizeidirektion Esslingen gegen einen 42-J\u00e4hrigen. Der Mann befindet sich bereits in Untersuchungshaft.<br \/>\nIm Juli 2024 begann eine signifikante H\u00e4ufung von Br\u00e4nden auf landwirtschaftlichen Fl\u00e4chen im Bereich von Unterensingen, bei denen Heu, Stroh oder bereits abgeerntete Felder angez\u00fcndet wurden. Die letzten Br\u00e4nde dieser aus 14 Brandereignissen bestehenden Serie ereigneten sich am Donnerstag (07.08.2025).<br \/>\nDie in Folge dieser Straftaten gef\u00fchrten, akribischen und umfangreichen Ermittlungen der Kriminalpolizeidirektion Esslingen f\u00fchrten nun auf die Spur des Tatverd\u00e4chtigen. Ein auf Antrag der Staatsanwaltschaft Stuttgart erwirkter Haftbefehl wurde am Freitag (08.08.2025) vollzogen und der Mann vorl\u00e4ufig festgenommen. Bei der anschlie\u00dfenden Durchsuchung seiner Wohnung konnten die Ermittler zudem m\u00f6gliche, tatrelevante Beweismittel auffinden und sicherstellen. Dieser werden derzeit ausgewertet.<br \/>\nAuf Antrag der Staatsanwaltschaft Stuttgart wurde der deutsche Tatverd\u00e4chtige am Samstag (09.08.2025) der Haftrichterin beim Amtsgericht Stuttgart vorgef\u00fchrt, die den Haftbefehl in Vollzug setzte. Anschlie\u00dfend erfolgte die Einlieferung des Mannes in eine Justizvollzugsanstalt.<br \/>\nDie Ermittlungen der Kriminalpolizei dauern weiter an.<\/p>\n<p style=\"text-align: justify;\"><strong>Leinfelden-Echterdingen: Heftiger Widerstand bei Kontrolle an Flughafen-Gate<br \/>\n<\/strong>Das Polizeirevier Flughafen ermittelt seit Sonntagnachmittag gegen einen 32-J\u00e4hrigen nach Widerstandshandlungen gegen mehrere Vollstreckungsbeamte. Nachdem die Ehefrau des Mannes durch Zollbeamte einer Kontrolle unterzogen werden sollte, reagierte dieser \u00e4u\u00dferst aggressiv und st\u00f6rte die Kontrollma\u00dfnahmen, weshalb ihm Handschlie\u00dfen angelegt wurden. Hiergegen leistete der 32-J\u00e4hrige massiven Widerstand und verletzte vier Beamte leicht. Diese mussten sich in \u00e4rztliche Behandlung begeben. Der Beschuldigte wurde nach Abschluss der polizeilichen Ma\u00dfnahmen auf freien Fu\u00df entlassen.<\/p>\n<hr \/>\n<p>&nbsp;<\/p>\n","protected":false},"excerpt":{"rendered":"<p>Quelle: ots Wendlingen am Neckar: Chlorgasaustritt f\u00fchrt zu Sperrung des Freibads am Sonntag Nach einem Chlorgasaustritt am fr\u00fchen Sonntagmorgen ist es zu einer Sperrung des Freibads Wendlingen gekommen. Nach derzeitigem Ermittlungsstand bemerkte eine Mitarbeiterin gegen 05.30 Uhr, dass der Alarm in einem Technikraum des Freibads ausgel\u00f6st hatte. Die verst\u00e4ndigte Feuerwehr r\u00fcckte daraufhin mit einem Gro\u00dfaufgebot [&hellip;]<\/p>\n","protected":false},"author":4,"featured_media":152245,"comment_status":"closed","ping_status":"open","sticky":false,"template":"","format":"standard","meta":{"inline_featured_image":false,"_exactmetrics_skip_tracking":false,"_exactmetrics_sitenote_active":false,"_exactmetrics_sitenote_note":"","_exactmetrics_sitenote_category":0,"footnotes":""},"categories":[11240],"tags":[14857,14440,68,205,1625],"class_list":{"0":"post-157767","1":"post","2":"type-post","3":"status-publish","4":"format-standard","5":"has-post-thumbnail","7":"category-region-esslingen","8":"tag-die-webzeitung","9":"tag-esslingen","10":"tag-online-zeitung","11":"tag-polizei","12":"tag-report"},"image_feature":"https:\/\/die-webzeitung.de\/stuttgart\/wp-content\/uploads\/sites\/4\/2024\/02\/Polizei-Pix-scaled.jpg","author_name":"Redaktion","pure_taxonomies":{"categories":[{"term_id":11240,"name":"Polizei-Report Esslingen","slug":"region-esslingen","term_group":0,"term_taxonomy_id":11278,"taxonomy":"category","description":"Polizeiberichte aus der Region des Landkreises Esslingen","parent":1619,"count":69,"filter":"raw","image":""}],"tags":[{"term_id":14857,"name":"Die-Webzeitung","slug":"die-webzeitung","term_group":0,"term_taxonomy_id":14876,"taxonomy":"post_tag","description":"","parent":0,"count":3623,"filter":"raw","image":""},{"term_id":14440,"name":"Esslingen","slug":"esslingen","term_group":0,"term_taxonomy_id":3885,"taxonomy":"post_tag","description":"","parent":0,"count":202,"filter":"raw","image":""},{"term_id":68,"name":"Online-Zeitung","slug":"online-zeitung","term_group":0,"term_taxonomy_id":69,"taxonomy":"post_tag","description":"","parent":0,"count":3593,"filter":"raw","image":""},{"term_id":205,"name":"Polizei","slug":"polizei","term_group":0,"term_taxonomy_id":208,"taxonomy":"post_tag","description":"","parent":0,"count":277,"filter":"raw","image":""},{"term_id":1625,"name":"Report","slug":"report","term_group":0,"term_taxonomy_id":1634,"taxonomy":"post_tag","description":"","parent":0,"count":210,"filter":"raw","image":""}]},"_links":{"self":[{"href":"https:\/\/die-webzeitung.de\/stuttgart\/wp-json\/wp\/v2\/posts\/157767","targetHints":{"allow":["GET"]}}],"collection":[{"href":"https:\/\/die-webzeitung.de\/stuttgart\/wp-json\/wp\/v2\/posts"}],"about":[{"href":"https:\/\/die-webzeitung.de\/stuttgart\/wp-json\/wp\/v2\/types\/post"}],"author":[{"embeddable":true,"href":"https:\/\/die-webzeitung.de\/stuttgart\/wp-json\/wp\/v2\/users\/4"}],"replies":[{"embeddable":true,"href":"https:\/\/die-webzeitung.de\/stuttgart\/wp-json\/wp\/v2\/comments?post=157767"}],"version-history":[{"count":12,"href":"https:\/\/die-webzeitung.de\/stuttgart\/wp-json\/wp\/v2\/posts\/157767\/revisions"}],"predecessor-version":[{"id":157845,"href":"https:\/\/die-webzeitung.de\/stuttgart\/wp-json\/wp\/v2\/posts\/157767\/revisions\/157845"}],"wp:featuredmedia":[{"embeddable":true,"href":"https:\/\/die-webzeitung.de\/stuttgart\/wp-json\/wp\/v2\/media\/152245"}],"wp:attachment":[{"href":"https:\/\/die-webzeitung.de\/stuttgart\/wp-json\/wp\/v2\/media?parent=157767"}],"wp:term":[{"taxonomy":"category","embeddable":true,"href":"https:\/\/die-webzeitung.de\/stuttgart\/wp-json\/wp\/v2\/categories?post=157767"},{"taxonomy":"post_tag","embeddable":true,"href":"https:\/\/die-webzeitung.de\/stuttgart\/wp-json\/wp\/v2\/tags?post=157767"}],"curies":[{"name":"wp","href":"https:\/\/api.w.org\/{rel}","templated":true}]}}