{"id":157738,"date":"2025-08-06T10:02:49","date_gmt":"2025-08-06T09:02:49","guid":{"rendered":"https:\/\/die-webzeitung.de\/stuttgart\/?p=157738"},"modified":"2025-12-05T12:07:42","modified_gmt":"2025-12-05T11:07:42","slug":"neuer-stiftungsrat-der-buergerstiftung-nimmt-arbeit-auf","status":"publish","type":"post","link":"https:\/\/die-webzeitung.de\/stuttgart\/2025\/08\/06\/neuer-stiftungsrat-der-buergerstiftung-nimmt-arbeit-auf\/","title":{"rendered":"Neuer Stiftungsrat der B\u00fcrgerstiftung nimmt Arbeit auf"},"content":{"rendered":"<p style=\"text-align: justify;\">Kirchheim unter Teck.|\u00a0Die B\u00fcrgerstiftung Kirchheim unter Teck hat einen neuen Stiftungsrat. In seiner ersten Sitzung am Donnerstag, 24. Juli 2025, kam das Gremium in neuer Zusammensetzung zusammen. Der Stiftungsrat entscheidet unter anderem dar\u00fcber, welche gemeinn\u00fctzigen Projekte in Kirchheim eine F\u00f6rderung durch die B\u00fcrgerstiftung erhalten. Im Vorfeld der Verleihung der B\u00fcrgerurkunde hat der Stiftungsrat \u00fcber die Auswahl der diesj\u00e4hrigen F\u00f6rderprojekte beraten. Vereine, Verb\u00e4nde und Initiativen aus Kirchheim hatten bis Ende Juni die M\u00f6glichkeit, Antr\u00e4ge einzureichen. Die Verleihung der diesj\u00e4hrigen B\u00fcrgerurkunden findet am Donnerstag, 18. September 2025 statt.<\/p>\n<p style=\"text-align: justify;\">Die B\u00fcrgerstiftung ist Ausdruck des b\u00fcrgerschaftlichen Engagements in Kirchheim unter Teck. Sie f\u00f6rdert jedes Jahr Projekte, die dem Gemeinwohl dienen und in besonderer Weise zur Lebensqualit\u00e4t in der Stadt beitragen. Im Jahr 2024 wurden drei Vorhaben unterst\u00fctzt, die sich durch soziale Relevanz und besonderes Engagement auszeichneten. Insgesamt wurden daf\u00fcr 6.120 Euro ausgesch\u00fcttet.<\/p>\n<p style=\"text-align: justify;\">Dem Stiftungsrat geh\u00f6ren Vertreterinnen und Vertreter des Gemeinderats sowie aus der B\u00fcrgerschaft an. Vorsitzender ist Oberb\u00fcrgermeister Dr. Pascal Bader. Der Stiftungsrat setzt sich seit diesem Jahr wie folgt zusammen:<\/p>\n<p style=\"text-align: justify;\"><strong>Aus dem Gemeinderat:<\/strong><\/p>\n<ul style=\"text-align: justify;\">\n<li>Dr. Norbert Smetak (CDU) \u2013 neu im Stiftungsrat<\/li>\n<li>Dr. Siegfried N\u00f6hring (AfD) \u2013 neu im Stiftungsrat<\/li>\n<li>Karl-Michael Bantlin (Freie W\u00e4hler) \u2013 neu im Stiftungsrat<\/li>\n<li>Sabine Lauterwasser (Gr\u00fcne) \u2013 bereits langj\u00e4hriges Mitglied<\/li>\n<li>Stefan G\u00f6lz (SPD) \u2013 bereits langj\u00e4hriges Mitglied<\/li>\n<\/ul>\n<p style=\"text-align: justify;\"><strong>Aus der B\u00fcrgerschaft (gew\u00e4hlt durch den Gemeinderat):<\/strong><\/p>\n<ul>\n<li style=\"text-align: justify;\">Dieter Gro\u00df<\/li>\n<li style=\"text-align: justify;\">Gabriele Eichler \u2013 neu im Stiftungsrat<\/li>\n<li style=\"text-align: justify;\">Isabella Thurner<\/li>\n<li style=\"text-align: justify;\">Anja Schulenburg<\/li>\n<li style=\"text-align: justify;\">Eva Baudouin \u2013 neu aus den Reihen der B\u00fcrgerschaft, zuvor als Gemeinder\u00e4tin im Stiftungsrat aktiv<br \/>\n<hr \/>\n<\/li>\n<\/ul>\n","protected":false},"excerpt":{"rendered":"<p>Kirchheim unter Teck.|\u00a0Die B\u00fcrgerstiftung Kirchheim unter Teck hat einen neuen Stiftungsrat. In seiner ersten Sitzung am Donnerstag, 24. Juli 2025, kam das Gremium in neuer Zusammensetzung zusammen. Der Stiftungsrat entscheidet unter anderem dar\u00fcber, welche gemeinn\u00fctzigen Projekte in Kirchheim eine F\u00f6rderung durch die B\u00fcrgerstiftung erhalten. Im Vorfeld der Verleihung der B\u00fcrgerurkunde hat der Stiftungsrat \u00fcber die [&hellip;]<\/p>\n","protected":false},"author":4,"featured_media":0,"comment_status":"closed","ping_status":"open","sticky":false,"template":"","format":"standard","meta":{"inline_featured_image":false,"_exactmetrics_skip_tracking":false,"_exactmetrics_sitenote_active":false,"_exactmetrics_sitenote_note":"","_exactmetrics_sitenote_category":0,"footnotes":""},"categories":[2247],"tags":[13272,14857,18052,68,456],"class_list":{"0":"post-157738","1":"post","2":"type-post","3":"status-publish","4":"format-standard","6":"category-kreis-esslingen","7":"tag-beirat","8":"tag-die-webzeitung","9":"tag-kirchheim-teck","10":"tag-online-zeitung","11":"tag-stiftung"},"image_feature":null,"author_name":"Redaktion","pure_taxonomies":{"categories":[{"term_id":2247,"name":"Kreis Esslingen","slug":"kreis-esslingen","term_group":0,"term_taxonomy_id":2260,"taxonomy":"category","description":"Informationen aus dem Landkreis Esslingen","parent":171,"count":214,"filter":"raw","image":""}],"tags":[{"term_id":13272,"name":"Beirat","slug":"beirat","term_group":0,"term_taxonomy_id":13313,"taxonomy":"post_tag","description":"","parent":0,"count":1,"filter":"raw","image":""},{"term_id":14857,"name":"Die-Webzeitung","slug":"die-webzeitung","term_group":0,"term_taxonomy_id":14876,"taxonomy":"post_tag","description":"","parent":0,"count":3623,"filter":"raw","image":""},{"term_id":18052,"name":"Kirchheim\/Teck","slug":"kirchheim-teck","term_group":0,"term_taxonomy_id":18071,"taxonomy":"post_tag","description":"","parent":0,"count":23,"filter":"raw","image":""},{"term_id":68,"name":"Online-Zeitung","slug":"online-zeitung","term_group":0,"term_taxonomy_id":69,"taxonomy":"post_tag","description":"","parent":0,"count":3593,"filter":"raw","image":""},{"term_id":456,"name":"Stiftung","slug":"stiftung","term_group":0,"term_taxonomy_id":463,"taxonomy":"post_tag","description":"","parent":0,"count":3,"filter":"raw","image":""}]},"_links":{"self":[{"href":"https:\/\/die-webzeitung.de\/stuttgart\/wp-json\/wp\/v2\/posts\/157738","targetHints":{"allow":["GET"]}}],"collection":[{"href":"https:\/\/die-webzeitung.de\/stuttgart\/wp-json\/wp\/v2\/posts"}],"about":[{"href":"https:\/\/die-webzeitung.de\/stuttgart\/wp-json\/wp\/v2\/types\/post"}],"author":[{"embeddable":true,"href":"https:\/\/die-webzeitung.de\/stuttgart\/wp-json\/wp\/v2\/users\/4"}],"replies":[{"embeddable":true,"href":"https:\/\/die-webzeitung.de\/stuttgart\/wp-json\/wp\/v2\/comments?post=157738"}],"version-history":[{"count":1,"href":"https:\/\/die-webzeitung.de\/stuttgart\/wp-json\/wp\/v2\/posts\/157738\/revisions"}],"predecessor-version":[{"id":157739,"href":"https:\/\/die-webzeitung.de\/stuttgart\/wp-json\/wp\/v2\/posts\/157738\/revisions\/157739"}],"wp:attachment":[{"href":"https:\/\/die-webzeitung.de\/stuttgart\/wp-json\/wp\/v2\/media?parent=157738"}],"wp:term":[{"taxonomy":"category","embeddable":true,"href":"https:\/\/die-webzeitung.de\/stuttgart\/wp-json\/wp\/v2\/categories?post=157738"},{"taxonomy":"post_tag","embeddable":true,"href":"https:\/\/die-webzeitung.de\/stuttgart\/wp-json\/wp\/v2\/tags?post=157738"}],"curies":[{"name":"wp","href":"https:\/\/api.w.org\/{rel}","templated":true}]}}