{"id":157726,"date":"2025-08-09T19:04:12","date_gmt":"2025-08-09T18:04:12","guid":{"rendered":"https:\/\/die-webzeitung.de\/stuttgart\/?p=157726"},"modified":"2025-08-10T10:31:50","modified_gmt":"2025-08-10T09:31:50","slug":"keine-beteiligung-an-mehrkosten-fuer-projekt-s21","status":"publish","type":"post","link":"https:\/\/die-webzeitung.de\/stuttgart\/2025\/08\/09\/keine-beteiligung-an-mehrkosten-fuer-projekt-s21\/","title":{"rendered":"Keine Beteiligung an Mehrkosten f\u00fcr Projekt \u201eS21\u201c"},"content":{"rendered":"<h4 style=\"text-align: justify;\"><strong>Landeshauptstadt Stuttgart begr\u00fc\u00dft Nichtzulassung der Berufung der Bahn durch Verwaltungsgerichtshof \u00a0<\/strong><\/h4>\n<p style=\"text-align: justify;\">Stuttgart.| Die Landeshauptstadt Stuttgart muss sich nicht an den Mehrkosten des Projekts \u201eStuttgart 21\u201c beteiligen. Die Stadtspitze begr\u00fc\u00dft ausdr\u00fccklich die Best\u00e4tigung ihrer Rechtsauffassung.<\/p>\n<p style=\"text-align: justify;\">Der Verwaltungsgerichtshof (VGH) Baden-W\u00fcrttemberg hat am Freitag, 1. August, den\u00a0Antrag der Deutschen Bahn abgelehnt, eine Berufung gegen das Urteil des\u00a0Verwaltungsgerichts (VG) Stuttgart vom 7. Mai 2024 zuzulassen. Damit best\u00e4tigt der VGH die Entscheidung der ersten Instanz, wonach die von der Deutschen Bahn geltend gemachten Anspr\u00fcche auf weitere Beteiligung an den Mehrkosten des Milliarden-Projekts unbegr\u00fcndet sind. Demnach bestehen keine ernsthaften Zweifel an der Richtigkeit des Urteils des VG Stuttgart. Dieser Beschluss des VGH ist unanfechtbar.<\/p>\n<p style=\"text-align: justify;\">Oberb\u00fcrgermeister Dr. Frank Nopper sagt: \u201eWir begr\u00fc\u00dfen die Entscheidung des Verwaltungsgerichthofs Baden-W\u00fcrttemberg. Sie best\u00e4tigt die Rechtsauffassung der Landeshauptstadt und erf\u00fcllt uns mit gro\u00dfer Erleichterung und Freude \u2013 keineswegs jedoch mit Schadenfreude gegen\u00fcber der Deutschen Bahn. Die Gerichte haben best\u00e4tigt, dass sich die Stadt an den Mehrkosten des Projekts Stuttgart 21 in H\u00f6he von zirka 6,9 Milliarden Euro nicht beteiligen muss. Damit ist uns ein riesiger Felsbrocken vom Herzen gefallen. Auch in der Schlusskurve des Projekts ,Stuttgart 21\u2018 bleiben wir der Deutschen Bahn als konstruktiver Partner verbunden.\u201c<\/p>\n<p style=\"text-align: justify;\">Die Landeshauptstadt Stuttgart steht nach wie vor zum Projekt \u201eStuttgart 21\u201c und seinen Zielen. Mit ihrem Finanzierungsanteil von rund 300 Millionen Euro hat die Stadt einen\u00a0Projektbeitrag geleistet. Die Deutsche Bahn hat vor kurzem ihr Konzept zur Er\u00f6ffnung des\u00a0Durchgangsbahnhofs im Dezember 2026 vorgestellt. Diesem Meilenstein sieht die\u00a0Stuttgarter Stadtgesellschaft mit gro\u00dfen Erwartungen entgegen. Die Stadtverwaltung m\u00f6chte die heutigen Gleisfl\u00e4chen schnellstm\u00f6glich entwickeln und den Wohnungsbau auf den freiwerdenden Bereichen erm\u00f6glichen. Hierzu sind umfangreiche st\u00e4dtische Investitionen vorgesehen. Jedoch werden durch die Entscheidung des VGH keine zus\u00e4tzlichen Finanzmittel im st\u00e4dtischen Haushalt frei. Aufgrund der klaren \u2013 und jetzt gerichtlich best\u00e4tigten \u2013 Rechtsauffassung hatte die Landeshauptstadt keine umfassenden\u00a0R\u00fcckstellungen f\u00fcr die Mehrkosten des Bahnprojekts vorgenommen. Die Herausforderungen bei der Aufstellung des Doppelhaushaltes 2026\/27 bleiben durch die bedenkliche wirtschaftliche Entwicklung weiter erheblich.<\/p>\n<hr \/>\n<p style=\"text-align: justify;\">\n","protected":false},"excerpt":{"rendered":"<p>Landeshauptstadt Stuttgart begr\u00fc\u00dft Nichtzulassung der Berufung der Bahn durch Verwaltungsgerichtshof \u00a0 Stuttgart.| Die Landeshauptstadt Stuttgart muss sich nicht an den Mehrkosten des Projekts \u201eStuttgart 21\u201c beteiligen. Die Stadtspitze begr\u00fc\u00dft ausdr\u00fccklich die Best\u00e4tigung ihrer Rechtsauffassung. Der Verwaltungsgerichtshof (VGH) Baden-W\u00fcrttemberg hat am Freitag, 1. August, den\u00a0Antrag der Deutschen Bahn abgelehnt, eine Berufung gegen das Urteil des\u00a0Verwaltungsgerichts (VG) [&hellip;]<\/p>\n","protected":false},"author":4,"featured_media":157727,"comment_status":"closed","ping_status":"open","sticky":false,"template":"","format":"standard","meta":{"inline_featured_image":false,"_exactmetrics_skip_tracking":false,"_exactmetrics_sitenote_active":false,"_exactmetrics_sitenote_note":"","_exactmetrics_sitenote_category":0,"footnotes":""},"categories":[2239],"tags":[14857,68,275,206],"class_list":{"0":"post-157726","1":"post","2":"type-post","3":"status-publish","4":"format-standard","5":"has-post-thumbnail","7":"category-stuttgart-lokal","8":"tag-die-webzeitung","9":"tag-online-zeitung","10":"tag-stuttgart","11":"tag-stuttgart-21"},"image_feature":"https:\/\/die-webzeitung.de\/stuttgart\/wp-content\/uploads\/sites\/4\/2025\/08\/train-5578492_1280-scaled.jpg","author_name":"Redaktion","pure_taxonomies":{"categories":[{"term_id":2239,"name":"Stuttgart","slug":"stuttgart-lokal","term_group":0,"term_taxonomy_id":2252,"taxonomy":"category","description":"Berichte und Informationen aus Stuttgart","parent":1433,"count":941,"filter":"raw","image":""}],"tags":[{"term_id":14857,"name":"Die-Webzeitung","slug":"die-webzeitung","term_group":0,"term_taxonomy_id":14876,"taxonomy":"post_tag","description":"","parent":0,"count":3623,"filter":"raw","image":""},{"term_id":68,"name":"Online-Zeitung","slug":"online-zeitung","term_group":0,"term_taxonomy_id":69,"taxonomy":"post_tag","description":"","parent":0,"count":3593,"filter":"raw","image":""},{"term_id":275,"name":"Stuttgart","slug":"stuttgart","term_group":0,"term_taxonomy_id":281,"taxonomy":"post_tag","description":"","parent":0,"count":1194,"filter":"raw","image":""},{"term_id":206,"name":"Stuttgart 21","slug":"stuttgart-21","term_group":0,"term_taxonomy_id":209,"taxonomy":"post_tag","description":"","parent":0,"count":24,"filter":"raw","image":""}]},"_links":{"self":[{"href":"https:\/\/die-webzeitung.de\/stuttgart\/wp-json\/wp\/v2\/posts\/157726","targetHints":{"allow":["GET"]}}],"collection":[{"href":"https:\/\/die-webzeitung.de\/stuttgart\/wp-json\/wp\/v2\/posts"}],"about":[{"href":"https:\/\/die-webzeitung.de\/stuttgart\/wp-json\/wp\/v2\/types\/post"}],"author":[{"embeddable":true,"href":"https:\/\/die-webzeitung.de\/stuttgart\/wp-json\/wp\/v2\/users\/4"}],"replies":[{"embeddable":true,"href":"https:\/\/die-webzeitung.de\/stuttgart\/wp-json\/wp\/v2\/comments?post=157726"}],"version-history":[{"count":1,"href":"https:\/\/die-webzeitung.de\/stuttgart\/wp-json\/wp\/v2\/posts\/157726\/revisions"}],"predecessor-version":[{"id":157728,"href":"https:\/\/die-webzeitung.de\/stuttgart\/wp-json\/wp\/v2\/posts\/157726\/revisions\/157728"}],"wp:featuredmedia":[{"embeddable":true,"href":"https:\/\/die-webzeitung.de\/stuttgart\/wp-json\/wp\/v2\/media\/157727"}],"wp:attachment":[{"href":"https:\/\/die-webzeitung.de\/stuttgart\/wp-json\/wp\/v2\/media?parent=157726"}],"wp:term":[{"taxonomy":"category","embeddable":true,"href":"https:\/\/die-webzeitung.de\/stuttgart\/wp-json\/wp\/v2\/categories?post=157726"},{"taxonomy":"post_tag","embeddable":true,"href":"https:\/\/die-webzeitung.de\/stuttgart\/wp-json\/wp\/v2\/tags?post=157726"}],"curies":[{"name":"wp","href":"https:\/\/api.w.org\/{rel}","templated":true}]}}