{"id":157717,"date":"2025-08-05T12:50:43","date_gmt":"2025-08-05T11:50:43","guid":{"rendered":"https:\/\/die-webzeitung.de\/stuttgart\/2025\/08\/05\/neues-fuehrungstrio-bei-der-sg-bbm-bietigheim\/"},"modified":"2025-08-05T12:50:43","modified_gmt":"2025-08-05T11:50:43","slug":"neues-fuehrungstrio-bei-der-sg-bbm-bietigheim","status":"publish","type":"post","link":"https:\/\/die-webzeitung.de\/stuttgart\/2025\/08\/05\/neues-fuehrungstrio-bei-der-sg-bbm-bietigheim\/","title":{"rendered":"Neues F\u00fchrungstrio bei der SG BBM Bietigheim"},"content":{"rendered":"<h4 style=\"text-align: justify;\"><strong>Fabian Wiederstein ist Mannschaftskapit\u00e4n<\/strong><\/h4>\n<p style=\"text-align: justify;\">Die SG BBM Bietigheim hat ihre neue Mannschaftsf\u00fchrung f\u00fcr die Saison 2025\/26 bestimmt: Kreisl\u00e4ufer Fabian Wiederstein \u00fcbernimmt die Rolle des Kapit\u00e4ns. Unterst\u00fctzt wird er dabei von den R\u00fcckraumspielern Tom Wolf und Juan de la Pe\u00f1a, die als Co-Kapit\u00e4ne fungieren.<\/p>\n<p style=\"text-align: justify;\">\u201eFabi ist die ideale Br\u00fccke zwischen der Mannschaft und dem Trainerteam. Er genie\u00dft das volle Vertrauen der Spieler und von uns Trainern. Mit seinem starken Charakter, seiner Einstellung und seinem Willen ist er die perfekte Wahl \u2013 besonders nach der hervorragenden, jahrelangen Arbeit von Paco Barthe\u201c, erkl\u00e4rt Chefcoach Iker Romero. \u201eGemeinsam mit Tom und Juan bildet er ein herausragendes Trio, alle drei \u00fcberzeugen sowohl sportlich als auch menschlich mit ihrer positiven Art.\u201c<\/p>\n<p style=\"text-align: justify;\">Wiederstein, der seit 2021 das Trikot der SG BBM tr\u00e4gt, geht mit gro\u00dfem Respekt an seine neue Aufgabe: \u201eIch freue mich sehr \u00fcber das entgegengebrachte Vertrauen von Iker und dem Trainerteam. Ich nehme die Rolle mit Vorfreude und Respekt an. Der Weg dieser Mannschaft ist trotz des Abstiegs noch nicht zu Ende. Wir werden st\u00e4rker wieder kommen und ich hoffe, dass ich die Mannschaft dabei maximal unterst\u00fctzen kann.\u201c<\/p>\n<hr \/>\n<p style=\"text-align: justify;\">\n","protected":false},"excerpt":{"rendered":"<p>Fabian Wiederstein ist Mannschaftskapit\u00e4n Die SG BBM Bietigheim hat ihre neue Mannschaftsf\u00fchrung f\u00fcr die Saison 2025\/26 bestimmt: Kreisl\u00e4ufer Fabian Wiederstein \u00fcbernimmt die Rolle des Kapit\u00e4ns. Unterst\u00fctzt wird er dabei von den R\u00fcckraumspielern Tom Wolf und Juan de la Pe\u00f1a, die als Co-Kapit\u00e4ne fungieren. \u201eFabi ist die ideale Br\u00fccke zwischen der Mannschaft und dem Trainerteam. Er [&hellip;]<\/p>\n","protected":false},"author":4,"featured_media":0,"comment_status":"closed","ping_status":"open","sticky":false,"template":"","format":"standard","meta":{"inline_featured_image":false,"_exactmetrics_skip_tracking":false,"_exactmetrics_sitenote_active":false,"_exactmetrics_sitenote_note":"","_exactmetrics_sitenote_category":0,"footnotes":""},"categories":[110],"tags":[9121,131,14857,133,68,9491],"class_list":{"0":"post-157717","1":"post","2":"type-post","3":"status-publish","4":"format-standard","6":"category-sport","7":"tag-bietigheim-bissingen","8":"tag-bundesliga","9":"tag-die-webzeitung","10":"tag-handball","11":"tag-online-zeitung","12":"tag-sg-bbm"},"image_feature":null,"author_name":"Redaktion","pure_taxonomies":{"categories":[{"term_id":110,"name":"Sport","slug":"sport","term_group":0,"term_taxonomy_id":112,"taxonomy":"category","description":"Sportberichte","parent":0,"count":1043,"filter":"raw","image":""}],"tags":[{"term_id":9121,"name":"Bietigheim-Bissingen","slug":"bietigheim-bissingen","term_group":0,"term_taxonomy_id":9147,"taxonomy":"post_tag","description":"","parent":0,"count":291,"filter":"raw","image":""},{"term_id":131,"name":"Bundesliga","slug":"bundesliga","term_group":0,"term_taxonomy_id":133,"taxonomy":"post_tag","description":"","parent":0,"count":699,"filter":"raw","image":""},{"term_id":14857,"name":"Die-Webzeitung","slug":"die-webzeitung","term_group":0,"term_taxonomy_id":14876,"taxonomy":"post_tag","description":"","parent":0,"count":3623,"filter":"raw","image":""},{"term_id":133,"name":"Handball","slug":"handball","term_group":0,"term_taxonomy_id":135,"taxonomy":"post_tag","description":"","parent":0,"count":387,"filter":"raw","image":""},{"term_id":68,"name":"Online-Zeitung","slug":"online-zeitung","term_group":0,"term_taxonomy_id":69,"taxonomy":"post_tag","description":"","parent":0,"count":3593,"filter":"raw","image":""},{"term_id":9491,"name":"SG BBM","slug":"sg-bbm","term_group":0,"term_taxonomy_id":9521,"taxonomy":"post_tag","description":"","parent":0,"count":250,"filter":"raw","image":""}]},"_links":{"self":[{"href":"https:\/\/die-webzeitung.de\/stuttgart\/wp-json\/wp\/v2\/posts\/157717","targetHints":{"allow":["GET"]}}],"collection":[{"href":"https:\/\/die-webzeitung.de\/stuttgart\/wp-json\/wp\/v2\/posts"}],"about":[{"href":"https:\/\/die-webzeitung.de\/stuttgart\/wp-json\/wp\/v2\/types\/post"}],"author":[{"embeddable":true,"href":"https:\/\/die-webzeitung.de\/stuttgart\/wp-json\/wp\/v2\/users\/4"}],"replies":[{"embeddable":true,"href":"https:\/\/die-webzeitung.de\/stuttgart\/wp-json\/wp\/v2\/comments?post=157717"}],"version-history":[{"count":0,"href":"https:\/\/die-webzeitung.de\/stuttgart\/wp-json\/wp\/v2\/posts\/157717\/revisions"}],"wp:attachment":[{"href":"https:\/\/die-webzeitung.de\/stuttgart\/wp-json\/wp\/v2\/media?parent=157717"}],"wp:term":[{"taxonomy":"category","embeddable":true,"href":"https:\/\/die-webzeitung.de\/stuttgart\/wp-json\/wp\/v2\/categories?post=157717"},{"taxonomy":"post_tag","embeddable":true,"href":"https:\/\/die-webzeitung.de\/stuttgart\/wp-json\/wp\/v2\/tags?post=157717"}],"curies":[{"name":"wp","href":"https:\/\/api.w.org\/{rel}","templated":true}]}}