{"id":157708,"date":"2025-08-05T09:54:41","date_gmt":"2025-08-05T08:54:41","guid":{"rendered":"https:\/\/die-webzeitung.de\/stuttgart\/?p=157708"},"modified":"2025-12-05T12:08:00","modified_gmt":"2025-12-05T11:08:00","slug":"gemeinderat-beschliesst-einfuehrung-eines-kreisweiten-handwerkerparkausweises","status":"publish","type":"post","link":"https:\/\/die-webzeitung.de\/stuttgart\/2025\/08\/05\/gemeinderat-beschliesst-einfuehrung-eines-kreisweiten-handwerkerparkausweises\/","title":{"rendered":"Gemeinderat beschlie\u00dft Einf\u00fchrung eines kreisweiten Handwerkerparkausweises"},"content":{"rendered":"<p style=\"text-align: justify;\">Ostfildern.| Der Gemeinderat hat in seiner j\u00fcngsten Sitzung gr\u00fcnes Licht f\u00fcr die Einf\u00fchrung eines einheitlichen, kreisweit g\u00fcltigen Handwerkerparkausweises gegeben. Damit schlie\u00dft sich Ostfildern einem Modell an, das Handwerksbetrieben k\u00fcnftig den Parkalltag im gesamten Landkreis Esslingen erleichtern soll.<\/p>\n<p style=\"text-align: justify;\">Bislang mussten Handwerksfirmen f\u00fcr jede Kommune, in der sie t\u00e4tig wurden, eine eigene Ausnahmegenehmigung beantragen. Der neue Parkausweis soll diesen b\u00fcrokratischen Aufwand deutlich reduzieren: Er gilt f\u00fcr das gesamte Kreisgebiet \u2013 ein Vorteil vor allem f\u00fcr Betriebe mit h\u00e4ufig wechselnden Einsatzorten.<\/p>\n<p style=\"text-align: justify;\">Der Vorsto\u00df f\u00fcr das neue Modell ging vom Landratsamt Esslingen aus. In Abstimmung mit den kreisangeh\u00f6rigen St\u00e4dten und Gemeinden wurde ein \u00f6ffentlich-rechtlicher Vertrag erarbeitet, der sukzessive von den Kommunen unterzeichnet werden soll. Auch Ostfildern hat sich nun grunds\u00e4tzlich zur Teilnahme bereit erkl\u00e4rt.<\/p>\n<p style=\"text-align: justify;\"><strong>Wer darf k\u00fcnftig profitieren?<\/strong><\/p>\n<p style=\"text-align: justify;\">Bezugsberechtigt sind Handwerksbetriebe und gewerbliche Unternehmen, die bei der Handwerkskammer oder der Industrie- und Handelskammer gemeldet sind. Der Ausweis gilt ausschlie\u00dflich f\u00fcr Fahrzeuge, die als Werkstattwagen oder sogenannte \u201everl\u00e4ngerte Werkbank\u201c genutzt werden. Auch Handwerker aus Nachbarkreisen k\u00f6nnen einen Antrag stellen.<\/p>\n<p style=\"text-align: justify;\">Der Ausweis berechtigt nicht zum Dauerparken, sondern nur zum Abstellen des Fahrzeugs w\u00e4hrend eines konkreten Arbeitseinsatzes \u2013 etwa an Parkuhren, in Bereichen mit Parkscheibenpflicht oder auf Bewohnerparkpl\u00e4tzen mit entsprechender Beschilderung.<\/p>\n<p style=\"text-align: justify;\"><strong>Kosten und Wirkung<\/strong><\/p>\n<p style=\"text-align: justify;\">W\u00e4hrend der kommunale Handwerkerparkausweis in Ostfildern bislang 35 Euro pro Jahr kostet, f\u00e4llt f\u00fcr den kreisweit g\u00fcltigen Ausweis eine Geb\u00fchr in H\u00f6he von 200 Euro an. Die Einnahmen verbleiben bei der ausstellenden Kommune. Im Jahr 2024 wurden in Ostfildern 48 lokale Ausweise ausgestellt. Mittelfristig plant die Stadtverwaltung, die Geb\u00fchren f\u00fcr den lokalen Ausweis anzuheben.<\/p>\n<p style=\"text-align: justify;\">Die Stadtverwaltung geht davon aus, dass trotz des neuen Angebots ein Teil der Betriebe weiterhin die g\u00fcnstigeren, lokal g\u00fcltigen Ausweise beantragen wird \u2013 insbesondere wenn ihre Eins\u00e4tze \u00fcberwiegend in Ostfildern stattfinden. Oberb\u00fcrgermeister Christof Bolay sagte dazu in der Sitzung, dass er selbst gespannt sei, wie stark die beiden Varianten k\u00fcnftig nachgefragt werden.<\/p>\n<p style=\"text-align: justify;\"><strong>Start Anfang 2026 geplant<\/strong><\/p>\n<p style=\"text-align: justify;\">Der \u00f6ffentlich-rechtliche Vertrag befindet sich derzeit in finaler Abstimmung mit den anderen Kommunen im Landkreis. Die Unterzeichnung ist f\u00fcr die kommenden Monate vorgesehen. In Kraft treten soll der neue Parkausweis zum 1. Januar 2026. Mit dem Beschluss hat der Gemeinderat die Verwaltung nun formal erm\u00e4chtigt, den Vertrag in seiner finalen Fassung zu unterzeichnen.<\/p>\n<hr \/>\n<p style=\"text-align: justify;\">\n","protected":false},"excerpt":{"rendered":"<p>Ostfildern.| Der Gemeinderat hat in seiner j\u00fcngsten Sitzung gr\u00fcnes Licht f\u00fcr die Einf\u00fchrung eines einheitlichen, kreisweit g\u00fcltigen Handwerkerparkausweises gegeben. Damit schlie\u00dft sich Ostfildern einem Modell an, das Handwerksbetrieben k\u00fcnftig den Parkalltag im gesamten Landkreis Esslingen erleichtern soll. Bislang mussten Handwerksfirmen f\u00fcr jede Kommune, in der sie t\u00e4tig wurden, eine eigene Ausnahmegenehmigung beantragen. Der neue Parkausweis [&hellip;]<\/p>\n","protected":false},"author":4,"featured_media":0,"comment_status":"closed","ping_status":"open","sticky":false,"template":"","format":"standard","meta":{"inline_featured_image":false,"_exactmetrics_skip_tracking":false,"_exactmetrics_sitenote_active":false,"_exactmetrics_sitenote_note":"","_exactmetrics_sitenote_category":0,"footnotes":""},"categories":[2247],"tags":[14857,1484,68,14439,12809],"class_list":{"0":"post-157708","1":"post","2":"type-post","3":"status-publish","4":"format-standard","6":"category-kreis-esslingen","7":"tag-die-webzeitung","8":"tag-handwerker","9":"tag-online-zeitung","10":"tag-ostfildern","11":"tag-parkausweis"},"image_feature":null,"author_name":"Redaktion","pure_taxonomies":{"categories":[{"term_id":2247,"name":"Kreis Esslingen","slug":"kreis-esslingen","term_group":0,"term_taxonomy_id":2260,"taxonomy":"category","description":"Informationen aus dem Landkreis Esslingen","parent":171,"count":214,"filter":"raw","image":""}],"tags":[{"term_id":14857,"name":"Die-Webzeitung","slug":"die-webzeitung","term_group":0,"term_taxonomy_id":14876,"taxonomy":"post_tag","description":"","parent":0,"count":3623,"filter":"raw","image":""},{"term_id":1484,"name":"Handwerker","slug":"handwerker","term_group":0,"term_taxonomy_id":1493,"taxonomy":"post_tag","description":"","parent":0,"count":3,"filter":"raw","image":""},{"term_id":68,"name":"Online-Zeitung","slug":"online-zeitung","term_group":0,"term_taxonomy_id":69,"taxonomy":"post_tag","description":"","parent":0,"count":3593,"filter":"raw","image":""},{"term_id":14439,"name":"Ostfildern","slug":"ostfildern","term_group":0,"term_taxonomy_id":1797,"taxonomy":"post_tag","description":"","parent":0,"count":35,"filter":"raw","image":""},{"term_id":12809,"name":"Parkausweis","slug":"parkausweis","term_group":0,"term_taxonomy_id":12850,"taxonomy":"post_tag","description":"","parent":0,"count":1,"filter":"raw","image":""}]},"_links":{"self":[{"href":"https:\/\/die-webzeitung.de\/stuttgart\/wp-json\/wp\/v2\/posts\/157708","targetHints":{"allow":["GET"]}}],"collection":[{"href":"https:\/\/die-webzeitung.de\/stuttgart\/wp-json\/wp\/v2\/posts"}],"about":[{"href":"https:\/\/die-webzeitung.de\/stuttgart\/wp-json\/wp\/v2\/types\/post"}],"author":[{"embeddable":true,"href":"https:\/\/die-webzeitung.de\/stuttgart\/wp-json\/wp\/v2\/users\/4"}],"replies":[{"embeddable":true,"href":"https:\/\/die-webzeitung.de\/stuttgart\/wp-json\/wp\/v2\/comments?post=157708"}],"version-history":[{"count":1,"href":"https:\/\/die-webzeitung.de\/stuttgart\/wp-json\/wp\/v2\/posts\/157708\/revisions"}],"predecessor-version":[{"id":157709,"href":"https:\/\/die-webzeitung.de\/stuttgart\/wp-json\/wp\/v2\/posts\/157708\/revisions\/157709"}],"wp:attachment":[{"href":"https:\/\/die-webzeitung.de\/stuttgart\/wp-json\/wp\/v2\/media?parent=157708"}],"wp:term":[{"taxonomy":"category","embeddable":true,"href":"https:\/\/die-webzeitung.de\/stuttgart\/wp-json\/wp\/v2\/categories?post=157708"},{"taxonomy":"post_tag","embeddable":true,"href":"https:\/\/die-webzeitung.de\/stuttgart\/wp-json\/wp\/v2\/tags?post=157708"}],"curies":[{"name":"wp","href":"https:\/\/api.w.org\/{rel}","templated":true}]}}