{"id":157705,"date":"2025-08-05T09:28:57","date_gmt":"2025-08-05T08:28:57","guid":{"rendered":"https:\/\/die-webzeitung.de\/stuttgart\/?p=157705"},"modified":"2025-08-05T09:28:57","modified_gmt":"2025-08-05T08:28:57","slug":"bilanz-der-schwerpunktkontrolle-zu-falschparkern","status":"publish","type":"post","link":"https:\/\/die-webzeitung.de\/stuttgart\/2025\/08\/05\/bilanz-der-schwerpunktkontrolle-zu-falschparkern\/","title":{"rendered":"Bilanz der Schwerpunktkontrolle zu Falschparkern"},"content":{"rendered":"<h4 style=\"text-align: justify;\"><strong>Abschleppaktion in Stuttgarter Innenstadt<\/strong><\/h4>\n<p style=\"text-align: justify;\">In einer Schwerpunkt-Aktion hat das Amt f\u00fcr \u00f6ffentliche Ordnung am Freitagabend,\u00a01. August, Bereiche in der Stuttgarter Innenstadt intensiv kontrolliert. Im Fokus des Einsatzes standen Falschparker, die im Umfeld des Rathauses sowie auf angrenzenden Stra\u00dfen und Pl\u00e4tzen Kurvenbereiche versperrten oder auf Fu\u00dfwegen parkten. Die zahlreichen Restaurants und Caf\u00e9s, Kneipen und Bars dort steuern vor allem in den Abendstunden viele G\u00e4ste an.<\/p>\n<p style=\"text-align: justify;\">Jetzt zieht die Stadt Bilanz: In der Zeit von 22 bis 2 Uhr waren f\u00fcnf\u00a0Abschleppunternehmen wiederholt im Einsatz. Die st\u00e4dtische Verkehrs\u00fcberwachung musste dabei 24 Fahrzeuge entfernen lassen. Neun Personen eilten hinzu und konnten ihr Fahrzeug vor dem Abschleppvorgang umparken. Sie m\u00fcssen jedoch die Anfahrtskosten des Abschleppunternehmens zahlen. Die meisten Fahrerinnen und Fahrer zeigten sich einsichtig.<\/p>\n<p style=\"text-align: justify;\"><strong>765 Verwarnungen im laufenden Jahr<\/strong><\/p>\n<p style=\"text-align: justify;\">Das Polizeipr\u00e4sidium Stuttgart unterst\u00fctzte die Abschleppaktion: Ihre Einsatzkr\u00e4fte waren an den Brennpunkten unterwegs und meldeten unterst\u00fctzend Falschparker an das mobile Beschwerdeteam, das anschlie\u00dfend abschleppen lie\u00df. Die Beamten blieben vor Ort und f\u00fchrten verkehrserzieherische Gespr\u00e4che mit den Fahrerinnen oder Fahrern der Fahrzeuge.<\/p>\n<p style=\"text-align: justify;\">Die Verkehrs\u00fcberwachung der Stadtverwaltung ist in diesem Bereich tags\u00fcber wie abends regelm\u00e4\u00dfig vor Ort. Allein im laufenden Jahr 2025 musste sie bereits 765 Verwarnungen f\u00fcr illegale Parkvorg\u00e4nge in dem genannten Bereich erteilen. Im ganzen Innenstadtbereich zeigt die st\u00e4dtische Verkehrs\u00fcberwachung insgesamt eine hohe Pr\u00e4senz und nimmt derzeit auch das Umfeld des Rathauses besonders in den Fokus. Die Ma\u00dfnahme soll ein deutliches Signal an alle Verkehrsteilnehmenden senden, die Parkvorschriften im Stadtgebiet ernst zu nehmen.<\/p>\n<p style=\"text-align: justify;\">\u201eFalschparker in Fu\u00dfg\u00e4ngerzonen, vor Querungsstellen, in Kurvenbereichen oder auf\u00a0Behindertenstellpl\u00e4tzen sind nicht tolerierbar\u201c, erl\u00e4utert Susanne Scherz, Leiterin des Amtes f\u00fcr \u00f6ffentliche Ordnung. Die Sicherheit im Stra\u00dfenverkehr f\u00fcr Fu\u00dfg\u00e4nger,\u00a0Radfahrer oder in ihrer Mobilit\u00e4t eingeschr\u00e4nkte Personen sowie die Erreichbarkeit f\u00fcr Rettungsdienste haben oberste Priorit\u00e4t.\u201c Scherz appelliert: \u201eAuch f\u00fcr n\u00e4chtliche Besucher der Innenstadt, die nicht ortsnah wohnen, gilt: Nutzen Sie die vielf\u00e4ltigen Angebote des \u00d6PNV oder Taxen! Wenn Sie mit dem Auto kommen, dann parken Sie auf legalen Parkpl\u00e4tzen oder einfach in den zahlreichen angrenzenden Parkh\u00e4usern.\u201c<\/p>\n<p style=\"text-align: justify;\">Grunds\u00e4tzlich m\u00fcssen die Fahrzeugverantwortlichen mit mehreren hundert Euro\u00a0Kosten f\u00fcr das Abschleppen und dar\u00fcber hinaus mit Bu\u00dfgeldern rechnen. Auch f\u00fcr Fahrzeughalter, die ihre Autos noch rechtzeitig vor dem Abschleppen umparken, fallen erhebliche Kosten an. Diese Kosten umfassen sowohl Bu\u00dfgelder als auch die Anfahrt des Abschleppfahrzeuges.<\/p>\n<p style=\"text-align: justify;\">Die Stadt Stuttgart weist darauf hin, dass wiederholtes, gravierendes Falschparken nicht nur zu h\u00f6heren Bu\u00dfgeldern f\u00fchren kann, sondern im Einzelfall auch andere, sch\u00e4rfere Folgen nach sich ziehen k\u00f6nnte. So k\u00f6nnen gegen Personen, die bereits mehrfach gegen die geltenden Parkvorschriften versto\u00dfen haben, beispielsweise eine Fahrtenbuchauflage oder in letzter Konsequenz der Entzug des F\u00fchrerscheins verh\u00e4ngt werden.<\/p>\n<p style=\"text-align: justify;\">Die Stadt Stuttgart pr\u00fcft \u00fcber verst\u00e4rkte Kontrollen hinaus weitere Schritte, um das unerlaubte Parken im Innenstadtbereich zu regulieren. Nachdem im Kurvenbereich installierte Baken Wirkung zeigen, werden derzeit bauliche Optionen, wie zum Beispiel die Installation von Pollern, die Umgestaltung von Fl\u00e4chen oder andere physische Barrieren diskutiert, um die Aufenthaltsqualit\u00e4t in diesem zentralen Bereich zuk\u00fcnftig zu erh\u00f6hen. \u201eUnser Ziel ist es, eine dauerhafte L\u00f6sung zu finden, die nicht nur die Verkehrssituation verbessert, sondern hierdurch auch zu einer Aufwertung des Rathausumfeldes beitr\u00e4gt\u201c, sagt Scherz.<\/p>\n<hr \/>\n<p style=\"text-align: justify;\">\n","protected":false},"excerpt":{"rendered":"<p>Abschleppaktion in Stuttgarter Innenstadt In einer Schwerpunkt-Aktion hat das Amt f\u00fcr \u00f6ffentliche Ordnung am Freitagabend,\u00a01. August, Bereiche in der Stuttgarter Innenstadt intensiv kontrolliert. Im Fokus des Einsatzes standen Falschparker, die im Umfeld des Rathauses sowie auf angrenzenden Stra\u00dfen und Pl\u00e4tzen Kurvenbereiche versperrten oder auf Fu\u00dfwegen parkten. Die zahlreichen Restaurants und Caf\u00e9s, Kneipen und Bars dort [&hellip;]<\/p>\n","protected":false},"author":4,"featured_media":157706,"comment_status":"closed","ping_status":"open","sticky":false,"template":"","format":"standard","meta":{"inline_featured_image":false,"_exactmetrics_skip_tracking":false,"_exactmetrics_sitenote_active":false,"_exactmetrics_sitenote_note":"","_exactmetrics_sitenote_category":0,"footnotes":""},"categories":[2239],"tags":[2092,515,14857,16132,68,275],"class_list":{"0":"post-157705","1":"post","2":"type-post","3":"status-publish","4":"format-standard","5":"has-post-thumbnail","7":"category-stuttgart-lokal","8":"tag-abschleppen","9":"tag-aktion","10":"tag-die-webzeitung","11":"tag-falschparker","12":"tag-online-zeitung","13":"tag-stuttgart"},"image_feature":"https:\/\/die-webzeitung.de\/stuttgart\/wp-content\/uploads\/sites\/4\/2025\/08\/Schwerpunktkontrolle-zu-Falschparkern-mit-Abschleppaktion-in-der-Innenstadt-Bild-1-Foto-Rettig-Rechte-LHS-scaled.jpg","author_name":"Redaktion","pure_taxonomies":{"categories":[{"term_id":2239,"name":"Stuttgart","slug":"stuttgart-lokal","term_group":0,"term_taxonomy_id":2252,"taxonomy":"category","description":"Berichte und Informationen aus Stuttgart","parent":1433,"count":941,"filter":"raw","image":""}],"tags":[{"term_id":2092,"name":"Abschleppen","slug":"abschleppen","term_group":0,"term_taxonomy_id":2104,"taxonomy":"post_tag","description":"","parent":0,"count":3,"filter":"raw","image":""},{"term_id":515,"name":"Aktion","slug":"aktion","term_group":0,"term_taxonomy_id":522,"taxonomy":"post_tag","description":"","parent":0,"count":3,"filter":"raw","image":""},{"term_id":14857,"name":"Die-Webzeitung","slug":"die-webzeitung","term_group":0,"term_taxonomy_id":14876,"taxonomy":"post_tag","description":"","parent":0,"count":3623,"filter":"raw","image":""},{"term_id":16132,"name":"Falschparker","slug":"falschparker","term_group":0,"term_taxonomy_id":16151,"taxonomy":"post_tag","description":"","parent":0,"count":2,"filter":"raw","image":""},{"term_id":68,"name":"Online-Zeitung","slug":"online-zeitung","term_group":0,"term_taxonomy_id":69,"taxonomy":"post_tag","description":"","parent":0,"count":3593,"filter":"raw","image":""},{"term_id":275,"name":"Stuttgart","slug":"stuttgart","term_group":0,"term_taxonomy_id":281,"taxonomy":"post_tag","description":"","parent":0,"count":1194,"filter":"raw","image":""}]},"_links":{"self":[{"href":"https:\/\/die-webzeitung.de\/stuttgart\/wp-json\/wp\/v2\/posts\/157705","targetHints":{"allow":["GET"]}}],"collection":[{"href":"https:\/\/die-webzeitung.de\/stuttgart\/wp-json\/wp\/v2\/posts"}],"about":[{"href":"https:\/\/die-webzeitung.de\/stuttgart\/wp-json\/wp\/v2\/types\/post"}],"author":[{"embeddable":true,"href":"https:\/\/die-webzeitung.de\/stuttgart\/wp-json\/wp\/v2\/users\/4"}],"replies":[{"embeddable":true,"href":"https:\/\/die-webzeitung.de\/stuttgart\/wp-json\/wp\/v2\/comments?post=157705"}],"version-history":[{"count":1,"href":"https:\/\/die-webzeitung.de\/stuttgart\/wp-json\/wp\/v2\/posts\/157705\/revisions"}],"predecessor-version":[{"id":157707,"href":"https:\/\/die-webzeitung.de\/stuttgart\/wp-json\/wp\/v2\/posts\/157705\/revisions\/157707"}],"wp:featuredmedia":[{"embeddable":true,"href":"https:\/\/die-webzeitung.de\/stuttgart\/wp-json\/wp\/v2\/media\/157706"}],"wp:attachment":[{"href":"https:\/\/die-webzeitung.de\/stuttgart\/wp-json\/wp\/v2\/media?parent=157705"}],"wp:term":[{"taxonomy":"category","embeddable":true,"href":"https:\/\/die-webzeitung.de\/stuttgart\/wp-json\/wp\/v2\/categories?post=157705"},{"taxonomy":"post_tag","embeddable":true,"href":"https:\/\/die-webzeitung.de\/stuttgart\/wp-json\/wp\/v2\/tags?post=157705"}],"curies":[{"name":"wp","href":"https:\/\/api.w.org\/{rel}","templated":true}]}}