{"id":157697,"date":"2025-08-04T11:02:57","date_gmt":"2025-08-04T10:02:57","guid":{"rendered":"https:\/\/die-webzeitung.de\/stuttgart\/?p=157697"},"modified":"2025-12-05T12:08:19","modified_gmt":"2025-12-05T11:08:19","slug":"gemeinderat-bestaetigt-stellvertretende-feuerwehrkommandanten","status":"publish","type":"post","link":"https:\/\/die-webzeitung.de\/stuttgart\/2025\/08\/04\/gemeinderat-bestaetigt-stellvertretende-feuerwehrkommandanten\/","title":{"rendered":"Gemeinderat best\u00e4tigt stellvertretende Feuerwehrkommandanten"},"content":{"rendered":"<p style=\"text-align: justify;\">Ostfildern.| Die Freiwillige Feuerwehr Ostfildern hat eine neue F\u00fchrungsspitze: Nachdem bereits Anfang Juni Michael M\u00fchleck seinen Dienst als neuer Stadtkommandant aufgenommen hat, hat der Gemeinderat nun auch die beiden stellvertretenden Kommandanten offiziell best\u00e4tigt. Die Wahl fand am 16. Mai im Rahmen der Hauptversammlung der Feuerwehr statt.<\/p>\n<p style=\"text-align: justify;\">Zum ersten stellvertretenden Stadtkommandanten wurde Oberbrandmeister Andreas Steinhilber aus der Abteilung Nellingen wiedergew\u00e4hlt. Der erfahrene Feuerwehrmann ist seit 1982 Mitglied der Freiwilligen Feuerwehr Ostfildern und seit 1988 in der Einsatzabteilung aktiv. Seit 2022 ist er zudem stellvertretender Kommandant der Abteilung Nellingen. Die Wiederwahl w\u00fcrdigt seine langj\u00e4hrige, engagierte und vertrauensvolle Zusammenarbeit mit der Stadtverwaltung und der Feuerwehrf\u00fchrung.<\/p>\n<p style=\"text-align: justify;\">Neu im Amt ist der zweite stellvertretende Stadtkommandant: Oberbrandmeister Marcel Stick von der Abteilung Ruit. Stick trat 1990 in die Freiwillige Feuerwehr ein und ist seit 1992 im aktiven Einsatzdienst. Seit 2016 leitet er die Abteilung Ruit als Kommandant. F\u00fcr seine Wahl sprachen insbesondere seine enge, konstruktive Zusammenarbeit mit Stadt, F\u00fchrungsteam und Mannschaft. Oberb\u00fcrgermeister Christof Bolay \u00fcberreichte beiden stellvertretenden Kommandanten im Rahmen der Gemeinderatssitzung die offiziellen Ernennungsurkunden.<\/p>\n<p style=\"text-align: justify;\">Michael M\u00fchleck, der neue Stadtkommandant, war langj\u00e4hriger Angeh\u00f6riger der Stuttgarter Berufsfeuerwehr. In Ostfildern tr\u00e4gt er nun die Gesamtverantwortung f\u00fcr die Freiwillige Feuerwehr sowie f\u00fcr die Bereiche Bev\u00f6lkerungsschutz und vorbeugender Brandschutz.<\/p>\n<hr \/>\n<p style=\"text-align: justify;\">\n","protected":false},"excerpt":{"rendered":"<p>Ostfildern.| Die Freiwillige Feuerwehr Ostfildern hat eine neue F\u00fchrungsspitze: Nachdem bereits Anfang Juni Michael M\u00fchleck seinen Dienst als neuer Stadtkommandant aufgenommen hat, hat der Gemeinderat nun auch die beiden stellvertretenden Kommandanten offiziell best\u00e4tigt. Die Wahl fand am 16. Mai im Rahmen der Hauptversammlung der Feuerwehr statt. Zum ersten stellvertretenden Stadtkommandanten wurde Oberbrandmeister Andreas Steinhilber aus [&hellip;]<\/p>\n","protected":false},"author":4,"featured_media":157698,"comment_status":"closed","ping_status":"open","sticky":false,"template":"","format":"standard","meta":{"inline_featured_image":false,"_exactmetrics_skip_tracking":false,"_exactmetrics_sitenote_active":false,"_exactmetrics_sitenote_note":"","_exactmetrics_sitenote_category":0,"footnotes":""},"categories":[2247],"tags":[14857,440,12142,68,14439],"class_list":{"0":"post-157697","1":"post","2":"type-post","3":"status-publish","4":"format-standard","5":"has-post-thumbnail","7":"category-kreis-esslingen","8":"tag-die-webzeitung","9":"tag-feuerwehr","10":"tag-kommandant","11":"tag-online-zeitung","12":"tag-ostfildern"},"image_feature":"https:\/\/die-webzeitung.de\/stuttgart\/wp-content\/uploads\/sites\/4\/2025\/08\/Ofi25_KW32_Kommandanten-Feuerwehr_Foto-Tanja-Eisbrenner-scaled.jpg","author_name":"Redaktion","pure_taxonomies":{"categories":[{"term_id":2247,"name":"Kreis Esslingen","slug":"kreis-esslingen","term_group":0,"term_taxonomy_id":2260,"taxonomy":"category","description":"Informationen aus dem Landkreis Esslingen","parent":171,"count":214,"filter":"raw","image":""}],"tags":[{"term_id":14857,"name":"Die-Webzeitung","slug":"die-webzeitung","term_group":0,"term_taxonomy_id":14876,"taxonomy":"post_tag","description":"","parent":0,"count":3623,"filter":"raw","image":""},{"term_id":440,"name":"Feuerwehr","slug":"feuerwehr","term_group":0,"term_taxonomy_id":447,"taxonomy":"post_tag","description":"","parent":0,"count":23,"filter":"raw","image":""},{"term_id":12142,"name":"Kommandant","slug":"kommandant","term_group":0,"term_taxonomy_id":12180,"taxonomy":"post_tag","description":"","parent":0,"count":1,"filter":"raw","image":""},{"term_id":68,"name":"Online-Zeitung","slug":"online-zeitung","term_group":0,"term_taxonomy_id":69,"taxonomy":"post_tag","description":"","parent":0,"count":3593,"filter":"raw","image":""},{"term_id":14439,"name":"Ostfildern","slug":"ostfildern","term_group":0,"term_taxonomy_id":1797,"taxonomy":"post_tag","description":"","parent":0,"count":35,"filter":"raw","image":""}]},"_links":{"self":[{"href":"https:\/\/die-webzeitung.de\/stuttgart\/wp-json\/wp\/v2\/posts\/157697","targetHints":{"allow":["GET"]}}],"collection":[{"href":"https:\/\/die-webzeitung.de\/stuttgart\/wp-json\/wp\/v2\/posts"}],"about":[{"href":"https:\/\/die-webzeitung.de\/stuttgart\/wp-json\/wp\/v2\/types\/post"}],"author":[{"embeddable":true,"href":"https:\/\/die-webzeitung.de\/stuttgart\/wp-json\/wp\/v2\/users\/4"}],"replies":[{"embeddable":true,"href":"https:\/\/die-webzeitung.de\/stuttgart\/wp-json\/wp\/v2\/comments?post=157697"}],"version-history":[{"count":1,"href":"https:\/\/die-webzeitung.de\/stuttgart\/wp-json\/wp\/v2\/posts\/157697\/revisions"}],"predecessor-version":[{"id":157699,"href":"https:\/\/die-webzeitung.de\/stuttgart\/wp-json\/wp\/v2\/posts\/157697\/revisions\/157699"}],"wp:featuredmedia":[{"embeddable":true,"href":"https:\/\/die-webzeitung.de\/stuttgart\/wp-json\/wp\/v2\/media\/157698"}],"wp:attachment":[{"href":"https:\/\/die-webzeitung.de\/stuttgart\/wp-json\/wp\/v2\/media?parent=157697"}],"wp:term":[{"taxonomy":"category","embeddable":true,"href":"https:\/\/die-webzeitung.de\/stuttgart\/wp-json\/wp\/v2\/categories?post=157697"},{"taxonomy":"post_tag","embeddable":true,"href":"https:\/\/die-webzeitung.de\/stuttgart\/wp-json\/wp\/v2\/tags?post=157697"}],"curies":[{"name":"wp","href":"https:\/\/api.w.org\/{rel}","templated":true}]}}