{"id":157677,"date":"2025-08-03T09:40:38","date_gmt":"2025-08-03T08:40:38","guid":{"rendered":"https:\/\/die-webzeitung.de\/stuttgart\/?p=157677"},"modified":"2025-08-03T09:40:38","modified_gmt":"2025-08-03T08:40:38","slug":"gemeinderat-bringt-die-ganztagsbetreuung-an-grundschulen-auf-den-weg","status":"publish","type":"post","link":"https:\/\/die-webzeitung.de\/stuttgart\/2025\/08\/03\/gemeinderat-bringt-die-ganztagsbetreuung-an-grundschulen-auf-den-weg\/","title":{"rendered":"Gemeinderat bringt die Ganztagsbetreuung an Grundschulen auf den Weg"},"content":{"rendered":"<p style=\"text-align: justify;\">Stuttgart.| Ab dem Schuljahr 2026\/2027 tritt in Deutschland das \u201eGesetz zur ganzt\u00e4gigen F\u00f6rderung von Kindern im Grundschulalter\u201c (GaF\u00f6G) schrittweise in Kraft. Das Gesetz begr\u00fcndet einen Rechtsanspruch f\u00fcr Kinder im Grundschulalter auf F\u00f6rderung in einer Tageseinrichtung im Umfang von acht Stunden werkt\u00e4glich.<\/p>\n<p style=\"text-align: justify;\">Der Stuttgarter Gemeinderat hat nun die Rahmenbedingungen f\u00fcr die k\u00fcnftige Ganztagsbetreuung an Grundschulen der Landeshauptstadt beschlossen.<\/p>\n<p style=\"text-align: justify;\">Der Rechtsanspruch auf ganzt\u00e4gige F\u00f6rderung f\u00fcr Kinder im Grundschulalter tritt stufenweise in Kraft: Im Schuljahr 2026\/2027 wird er zun\u00e4chst f\u00fcr Kinder in Klassenstufe 1 wirksam. In den darauffolgenden Schuljahren wird er Klassenstufe um Klassenstufe ausgeweitet. Ab dem Schuljahr 2029\/2030 haben dann alle Kinder in den Klassenstufen 1 bis 4 diesen Rechtsanspruch. Dabei ist unerheblich, ob sie eine Grundschule oder ein Sonderp\u00e4dagogisches Bildungs\u2010 und Beratungszentrum (SBBZ) besuchen. Ausgenommen sind lediglich die SBBZ f\u00fcr Sch\u00fclerinnen und Sch\u00fcler in l\u00e4ngerer Krankenhausbehandlung. Mit Ausnahme einer Schlie\u00dfzeit von insgesamt h\u00f6chstens 20 Tagen pro Jahr gilt der Rechtsanspruch nach GaF\u00f6G auch in den Schulferien.<\/p>\n<p style=\"text-align: justify;\">B\u00fcrgermeisterin f\u00fcr Jugend und Bildung, Isabel Fezer, begr\u00fc\u00dft die Entscheidung des Gemeinderats: \u201eEin umfassendes Angebot ganzt\u00e4giger Betreuung und F\u00f6rderung f\u00fcr alle Kinder, wie es das GaF\u00f6G vorsieht, ist nicht nur ein Rechtsanspruch. Es ist ein Anspruch, den wir als Stadtgesellschaft an uns selbst haben! Dies ist ein wichtiger Beitrag zur Bildungsgerechtigkeit und zur Vereinbarkeit von Familie und Beruf. Au\u00dferdem wollen wir auf dem Feld der Inklusion vorankommen: Kinder an SBBZ m\u00fcssen ein auf ihre Bed\u00fcrfnisse abgestimmtes und attraktives Angebot der Ferienbetreuung bekommen. Daher ist es wichtig, dass wir hier barrierefreie Angebote entwickeln und die notwendigen Unterst\u00fctzungssysteme mitdenken.\u201c<\/p>\n<p style=\"text-align: justify;\"><strong>Anspruch sozialrechtlich geregelt<\/strong><\/p>\n<p style=\"text-align: justify;\">Der Anspruch ist im VIII. Sozialgesetzbuch (Kinder\u2010 und Jugendhilfe) geregelt und richtet sich an den Tr\u00e4ger der \u00f6ffentlichen Jugendhilfe. Mit Beschluss durch den Gemeinderat am 31. Juli wurde die Federf\u00fchrung auf das Schulverwaltungsamt \u00fcbertragen, das in Stuttgart traditionell die Ganztagangebote f\u00fcr Schulkinder verantwortet. Das Schulverwaltungsamt bereitet aktuell die Umsetzung des Rechtsanspruchs vor und kann auf Grundlage der beschlossenen Gemeinderatsvorlage die begonnenen Planungen gemeinsam mit den Beteiligten nun weiter konkretisieren.<\/p>\n<p style=\"text-align: justify;\">Im Bereich der Grundschulen ist die Stadt mit den Angeboten der Ganztagsgrundschulen, Grundschulen mit Sch\u00fclerhaus sowie dem Angebot der \u201eVerl\u00e4sslichen Grundschule\u201c gut aufgestellt, was den k\u00fcnftigen Rechtsanspruch betrifft. Der Schwerpunkt des Schulverwaltungsamts liegt daher aktuell auf der Weiterentwicklung ganzt\u00e4giger Angebote f\u00fcr die Grundstufe an den \u00f6ffentlichen SBBZ. Hier besteht noch erheblicher Ausbaubedarf, um den Rechtsanspruch gem\u00e4\u00df GaF\u00f6G erf\u00fcllen zu k\u00f6nnen. Dies gilt sowohl f\u00fcr die Schul\u2010 als auch f\u00fcr die Ferienzeiten.<\/p>\n<p style=\"text-align: justify;\">F\u00fcr den Ganztag an den SBBZ mit den F\u00f6rderschwerpunkten ESENT, GENT, H\u00f6ren, KMENT und Sprache sind Tr\u00e4gerschaften durch Tr\u00e4ger der Jugend\u2010 und Behindertenhilfe geplant. An den meisten Standorten kann hierbei mit bew\u00e4hrten Tr\u00e4gern kooperiert werden, die bereits langj\u00e4hrig an der Schule t\u00e4tig sind. Bei Bedarf k\u00f6nnten als Teil des Tr\u00e4germodells auch weitere Kooperationspartner und Bildungsorte eingebunden werden, etwa f\u00fcr die Ferienbetreuung.<\/p>\n<p style=\"text-align: justify;\"><strong>Finanzpaket f\u00fcr die Ganztagsangebote<\/strong><\/p>\n<p style=\"text-align: justify;\">Zur Finanzierung des zus\u00e4tzlichen Ganztagsangebots schl\u00e4gt die Stadt zum Doppelhaushalt 2026\/2027 ein Paket mit Mitteln f\u00fcr p\u00e4dagogisches und pflegerisches Personal, Mittagessen und Sachkosten vor \u2013 alles jeweils bezogen auf die Schul\u2010 wie auf die Ferienzeit. An den SBBZ Lernen gibt es mit der Verl\u00e4sslichen Grundschule schon seit Jahren ein Betreuungsangebot am Nachmittag an allen f\u00fcnf Werktagen, das bis maximal 17 Uhr gebucht werden kann. F\u00fcr die Ferienbetreuung der Kinder an SBBZ Lernen sind Kooperationen mit Grundschulen und Organisationen im Sozialraum geplant.<\/p>\n<p style=\"text-align: justify;\">F\u00fcr die Grundschulen wird der Grundsatzbeschluss aus dem Jahr 2011 bekr\u00e4ftigt, die noch verbleibenden Sch\u00fclerh\u00e4user und Horte an der Schule mittelfristig zu Ganztagsgrundschulen umzuwandeln. Halbtagsschulen werden, je nach Bedarf, perspektivisch entweder ebenfalls zu Ganztagsgrundschulen ausgebaut oder der Zeitrahmen der Betreuung wird auf 14 Uhr begrenzt. Mit der Einrichtung weiterer Ganztagsgrundschulen wird mittel\u2010 bis langfristig auch auf Standorte inklusiver Ganztagsschulen hingearbeitet, wo ein SBBZ Lernen und eine Ganztagsgrundschule auf einem Campus angesiedelt sind.<\/p>\n<hr \/>\n<p style=\"text-align: justify;\">\n","protected":false},"excerpt":{"rendered":"<p>Stuttgart.| Ab dem Schuljahr 2026\/2027 tritt in Deutschland das \u201eGesetz zur ganzt\u00e4gigen F\u00f6rderung von Kindern im Grundschulalter\u201c (GaF\u00f6G) schrittweise in Kraft. Das Gesetz begr\u00fcndet einen Rechtsanspruch f\u00fcr Kinder im Grundschulalter auf F\u00f6rderung in einer Tageseinrichtung im Umfang von acht Stunden werkt\u00e4glich. Der Stuttgarter Gemeinderat hat nun die Rahmenbedingungen f\u00fcr die k\u00fcnftige Ganztagsbetreuung an Grundschulen der [&hellip;]<\/p>\n","protected":false},"author":4,"featured_media":157678,"comment_status":"closed","ping_status":"open","sticky":false,"template":"","format":"standard","meta":{"inline_featured_image":false,"_exactmetrics_skip_tracking":false,"_exactmetrics_sitenote_active":false,"_exactmetrics_sitenote_note":"","_exactmetrics_sitenote_category":0,"footnotes":""},"categories":[2239],"tags":[1505,14857,12589,68,275],"class_list":{"0":"post-157677","1":"post","2":"type-post","3":"status-publish","4":"format-standard","5":"has-post-thumbnail","7":"category-stuttgart-lokal","8":"tag-betreuung","9":"tag-die-webzeitung","10":"tag-ganztagsschule","11":"tag-online-zeitung","12":"tag-stuttgart"},"image_feature":"https:\/\/die-webzeitung.de\/stuttgart\/wp-content\/uploads\/sites\/4\/2025\/08\/certificate-8696601_1280-scaled.jpg","author_name":"Redaktion","pure_taxonomies":{"categories":[{"term_id":2239,"name":"Stuttgart","slug":"stuttgart-lokal","term_group":0,"term_taxonomy_id":2252,"taxonomy":"category","description":"Berichte und Informationen aus Stuttgart","parent":1433,"count":941,"filter":"raw","image":""}],"tags":[{"term_id":1505,"name":"Betreuung","slug":"betreuung","term_group":0,"term_taxonomy_id":1514,"taxonomy":"post_tag","description":"","parent":0,"count":2,"filter":"raw","image":""},{"term_id":14857,"name":"Die-Webzeitung","slug":"die-webzeitung","term_group":0,"term_taxonomy_id":14876,"taxonomy":"post_tag","description":"","parent":0,"count":3623,"filter":"raw","image":""},{"term_id":12589,"name":"Ganztagsschule","slug":"ganztagsschule","term_group":0,"term_taxonomy_id":12629,"taxonomy":"post_tag","description":"","parent":0,"count":1,"filter":"raw","image":""},{"term_id":68,"name":"Online-Zeitung","slug":"online-zeitung","term_group":0,"term_taxonomy_id":69,"taxonomy":"post_tag","description":"","parent":0,"count":3593,"filter":"raw","image":""},{"term_id":275,"name":"Stuttgart","slug":"stuttgart","term_group":0,"term_taxonomy_id":281,"taxonomy":"post_tag","description":"","parent":0,"count":1194,"filter":"raw","image":""}]},"_links":{"self":[{"href":"https:\/\/die-webzeitung.de\/stuttgart\/wp-json\/wp\/v2\/posts\/157677","targetHints":{"allow":["GET"]}}],"collection":[{"href":"https:\/\/die-webzeitung.de\/stuttgart\/wp-json\/wp\/v2\/posts"}],"about":[{"href":"https:\/\/die-webzeitung.de\/stuttgart\/wp-json\/wp\/v2\/types\/post"}],"author":[{"embeddable":true,"href":"https:\/\/die-webzeitung.de\/stuttgart\/wp-json\/wp\/v2\/users\/4"}],"replies":[{"embeddable":true,"href":"https:\/\/die-webzeitung.de\/stuttgart\/wp-json\/wp\/v2\/comments?post=157677"}],"version-history":[{"count":1,"href":"https:\/\/die-webzeitung.de\/stuttgart\/wp-json\/wp\/v2\/posts\/157677\/revisions"}],"predecessor-version":[{"id":157679,"href":"https:\/\/die-webzeitung.de\/stuttgart\/wp-json\/wp\/v2\/posts\/157677\/revisions\/157679"}],"wp:featuredmedia":[{"embeddable":true,"href":"https:\/\/die-webzeitung.de\/stuttgart\/wp-json\/wp\/v2\/media\/157678"}],"wp:attachment":[{"href":"https:\/\/die-webzeitung.de\/stuttgart\/wp-json\/wp\/v2\/media?parent=157677"}],"wp:term":[{"taxonomy":"category","embeddable":true,"href":"https:\/\/die-webzeitung.de\/stuttgart\/wp-json\/wp\/v2\/categories?post=157677"},{"taxonomy":"post_tag","embeddable":true,"href":"https:\/\/die-webzeitung.de\/stuttgart\/wp-json\/wp\/v2\/tags?post=157677"}],"curies":[{"name":"wp","href":"https:\/\/api.w.org\/{rel}","templated":true}]}}