{"id":157673,"date":"2025-08-04T09:57:52","date_gmt":"2025-08-04T08:57:52","guid":{"rendered":"https:\/\/die-webzeitung.de\/stuttgart\/?p=157673"},"modified":"2025-08-15T16:12:13","modified_gmt":"2025-08-15T15:12:13","slug":"polizei-report-kreis-esslingen-woche-32-4","status":"publish","type":"post","link":"https:\/\/die-webzeitung.de\/stuttgart\/2025\/08\/04\/polizei-report-kreis-esslingen-woche-32-4\/","title":{"rendered":"Polizei-Report Kreis Esslingen | Woche 32"},"content":{"rendered":"<p><em>Quelle: ots<\/em><\/p>\n<p style=\"text-align: justify;\"><strong>Ostfildern: Kontrolle \u00fcber Fahrzeug verloren<br \/>\n<\/strong>Ein \u00fcber 90 Jahre alter Pkw-Lenker hat am Donnerstagmittag die Kontrolle \u00fcber sein Fahrzeug verloren und einen schadenstr\u00e4chtigen Verkehrsunfall verursacht. Der Senior wollte gegen 13 Uhr mit seinem Wagen bei der Sportanlage Talwiesen r\u00fcckw\u00e4rts ausparken. Hierbei touchierte er zun\u00e4chst einen gegen\u00fcber geparkten Volvo. Im weiteren Verlauf \u00fcberfuhr der Mann eine Gr\u00fcnfl\u00e4che und stie\u00df noch mit einer ebenfalls geparkten Mercedes-Benz B-Klasse zusammen. Der Schaden wird auf 11.000 Euro gesch\u00e4tzt.<\/p>\n<p style=\"text-align: justify;\"><strong>Reichenbach: Zu tief ins Glas geschaut<br \/>\n<\/strong>Ein erheblich betrunkener Autofahrer hat am Donnerstagnachmittag in Reichenbach einen Verkehrsunfall verursacht. Der 65-J\u00e4hrige stie\u00df kurz nach 17 Uhr mit einem VW beim r\u00fcckw\u00e4rts Ausparken in der Hauptstra\u00dfe mit einem hinter ihm vorbeifahrenden Ford einer 84 Jahre alten Frau zusammen. Bei der Unfallaufnahme stellten die Beamten fest, dass der Unfallverursacher zu tief ins Glas geschaut hatte. Ein Test ergab einen vorl\u00e4ufigen Wert von \u00fcber 2,5 Promille. Neben einer Blutprobe musste der Mann auch seinen F\u00fchrerschein abgeben. \u00dcber die H\u00f6he des Sachschadens liegen noch keine konkreten Angaben vor.<\/p>\n<p style=\"text-align: justify;\"><strong>N\u00fcrtingen: Transporter in Oberensingen ausgebrannt<br \/>\n<\/strong>Ein 13 Jahre alter Transporter ist am Donnerstagnachmittag in Oberensingen ausgebrannt. Ein 76-J\u00e4hriger war gegen 16 Uhr mit dem Mercedes-Benz Vito auf der Stuttgarter Stra\u00dfe in Richtung Wolfschlugen unterwegs. Auf H\u00f6he der Linksabbiegespur nach Gr\u00f6tzingen bemerkte der Fahrer Rauch aus dem Motor aufsteigen und hielt an. Kurz darauf stand das Fahrzeug in Vollbrand und musste von der Feuerwehr gel\u00f6scht werden. Durch das Feuer wurde noch die Ampel in Mitleidenschaft gezogen. Der Senior wurde vorsichtshalber mit einem Rettungswagen zur Untersuchung in eine Klinik gebracht. Der Vito musste abgeschleppt werden. Der Schaden bel\u00e4uft sich auf zirka 12.000 Euro. W\u00e4hrend der Brandbek\u00e4mpfung musste die Stuttgarter Stra\u00dfe bis 17.15 Uhr voll gesperrt werden. Im Anschluss konnte der Verkehr w\u00e4hrend der Reinigungsarbeiten bis 18.50 Uhr einspurig vorbeigeleitet werden. Hierzu kamen Mitarbeiter der Stadt N\u00fcrtingen mit einer Kehrmaschine vor Ort.<\/p>\n<p style=\"text-align: justify;\"><strong>Kirchheim: Mit mutma\u00dflichem Diebesgut unterwegs<br \/>\n<\/strong>Den richtigen Riecher hatte eine Streife des Polizeireviers Kirchheim am Donnerstagnachmittag bei einer verdachtsunabh\u00e4ngigen Fahrzeugkontrolle. Die Beamten hielten gegen 16.15 Uhr einen ungarischen Pkw an der B 465 auf dem P+R Parkplatz der Autobahnmeisterei an. Bei der Kontrolle des Fahrers stellte sich heraus, dass er mutma\u00dflich unter Drogeneinfluss stand. Ein Vortest best\u00e4tigte den Verdacht der Polizisten und verlief positiv auf THC. Der 39 Jahre alte Mann musste sich daraufhin einer Blutentnahme unterziehen. In dem Fahrzeug entdeckten die Beamten zwei nagelneue Rucks\u00e4cke, an denen sich noch die Preisschilder und Diebstahlssicherungen befanden. Ermittlungen ergaben den Verdacht, dass diese in einem Kirchheimer Sportgesch\u00e4ft entwendet worden waren. Gegen den Tatverd\u00e4chtigen wurden zwei Sicherheitsleistungen in einer Gesamth\u00f6he von 950 Euro erhoben. Weiterhin wurde die Weiterfahrt untersagt und die Fahrzeugschl\u00fcssel bis zum Folgetag einbehalten.<\/p>\n<p style=\"text-align: justify;\"><strong>Neuhausen\/Fildern: Personensuche mit Polizeihubschrauber<br \/>\n<\/strong>Ein Jugendlicher, der sich offensichtlich in einem psychischen Ausnahmezustand befand, hat im Bereich von Neuhausen auf den Fildern am fr\u00fchen Freitagmorgen einen Polizeieinsatz mit mehreren Streifenwagenbesatzungen ausgel\u00f6st. Gegen 3.15 Uhr war die Polizei alarmiert worden, nachdem der 16-J\u00e4hrige angek\u00fcndigt hatte, sich m\u00f6glicherweise selbst zu verletzen und nicht mehr auffindbar war. Die Einsatzkr\u00e4fte machten sich daraufhin sofort auf die Suche nach ihm und wurden dabei von einem Polizeihubschrauber unterst\u00fctzt. Kurz vor 4.30 Uhr konnte der Gesuchte unversehrt im Stadtgebiet aufgefunden werden. Er wurde im Anschluss in einer Fachklinik untergebracht.<\/p>\n<p style=\"text-align: justify;\"><strong>Bempflingen: Nach Trunkenheitsfahrt Widerstand geleistet<br \/>\n<\/strong>Wegen Trunkenheit im Stra\u00dfenverkehr und Widerstand gegen Vollstreckungsbeamte ermittelt das Polizeirevier N\u00fcrtingen gegen einen 47-j\u00e4hrigen Kleinkraftradlenker. Der Mann war einer Streife in der Nacht zum Sonntag aufgefallen, als er gegen 23 Uhr beim Erkennen des Polizeifahrzeuges pl\u00f6tzlich in eine Hofeinfahrt in der N\u00fcrtinger Stra\u00dfe einbog und dort seinen Motorroller abstellte. Als die Streifenwagenbesatzung den Rollerfahrer kontrollieren wollte, ergriff dieser zu Fu\u00df die Flucht, konnte aber von den hinterhereilenden Beamten schlie\u00dflich eingeholt und festgehalten werden. In der Folge leistete der 47-J\u00e4hrige erheblichen Widerstand, so dass ihm mit Unterst\u00fctzung einer weiteren Streifenwagenbesatzung Handschlie\u00dfen angelegt werden mussten. Ein durchgef\u00fchrter Atemalkoholtest ergab einen Wert von etwa einem Promille, weswegen eine Blutprobe angeordnet wurde. Zwei Polizeibeamte wurden durch die Widerstandshandlungen leicht verletzt, konnten ihren Dienst aber fortsetzen.<\/p>\n<p style=\"text-align: justify;\"><strong>N\u00fcrtingen: Vorfahrt missachtet<br \/>\n<\/strong>Leichte Verletzungen erlitt ein 73-J\u00e4hriger bei einem Verkehrsunfall, der sich am Samstagvormittag gegen 11.45 Uhr in der Gerberstra\u00dfe ereignet hat. Der Senior befuhr mit seinem motorisierten Rollstuhl die Gerberstra\u00dfe in Richtung Metabo-Allee, als er die Vorfahrt eines von rechts kommenden Seat Alhambra missachtete und mit diesem kollidierte. Der Krankenfahrstuhl kippte in Folge des Aufpralls um, so dass der 73-J\u00e4hrige herausst\u00fcrzte. Er wurde vom Rettungsdienst in ein Krankenhaus gebracht. Der Sachschaden wird auf insgesamt circa 5.000 Euro gesch\u00e4tzt.<\/p>\n<p style=\"text-align: justify;\"><strong>Esslingen: Aus Gruppe heraus angegriffen und verletzt<br \/>\n<\/strong>Verletzungen noch unbekannten Ausma\u00dfes haben zwei M\u00e4nner am fr\u00fchen Samstagmorgen erlitten, nachdem sie am Busbahnhof von mehreren Personen angegriffen wurden. Gegen 03.50 Uhr befanden sich die beiden 40- und 42-J\u00e4hrigen an einem Bussteig, als sie unvermittelt aus einer Gruppe von circa f\u00fcnf Personen heraus massiv mit Schl\u00e4gen und Tritten angegangen wurden. Beide M\u00e4nner mussten nach einer Erstversorgung durch den Rettungsdienst vor Ort mit Kopfverletzungen in eine nahegelegene Klink gebracht werden. Im Rahmen der sofort eingeleiteten Fahndung konnte einer der T\u00e4ter im Alter von 18 Jahren im Nahbereich festgestellt werden. Die Ermittlungen zum Tathergang und den beteiligten Personen wurden durch das Polizeirevier Esslingen aufgenommen.<\/p>\n<p style=\"text-align: justify;\"><strong>Deizisau: Gegenstand auf vorbeifahrendes Fahrzeug geworfen<br \/>\n<\/strong>Ein Ermittlungsverfahren wegen gef\u00e4hrlichen Eingriffs in den Stra\u00dfenverkehr erwartet ein 17-J\u00e4hriger, nachdem er am fr\u00fchen Samstagmorgen einen Gegenstand auf das vorbeifahrende Fahrzeug einer 23-J\u00e4hrigen geworfen hat. Der Jugendliche war gegen 02.30 Uhr zusammen mit zwei weiteren Personen auf dem Gehweg der Esslinger Stra\u00dfe in Deizisau unterwegs, als die 23-J\u00e4hrige mit ihrem Mercedes Benz auf der Landesstra\u00dfe 1204 in Richtung Altbach vorbeifuhr und ihr Fahrzeug pl\u00f6tzlich von einem Gegenstand getroffen wurde. Die Fu\u00dfg\u00e4nger fl\u00fcchteten zun\u00e4chst, konnten aber im Zuge der Fahndung angetroffen werden. Wie sich herausstellte warf der 17-J\u00e4hrige eine Schraubenmutter gegen das Fahrzeug, wodurch gl\u00fccklicherweise kein Schaden entstanden ist.<\/p>\n<p style=\"text-align: justify;\"><strong>Esslingen: Neufahrzeuge mutwillig besch\u00e4digt (Zeugenhinweise)<br \/>\n<\/strong>Vandalen haben in der Zeit von Sonntag, 3.8.2025, bis Freitagmittag, 11.15 Uhr, mehrere Fahrzeuge im Wannenrain in Weil besch\u00e4digt. Die Unbekannten drangen hierzu in das umz\u00e4unte und abgesicherte Firmengel\u00e4nde ein und besch\u00e4digten insgesamt acht, nicht zugelassene Fahrzeuge der Marke VW, indem sie auf die Wagen einschlugen und eintraten. Der angerichtete Sachschaden wird auf mindestens 8.000 Euro gesch\u00e4tzt. Zeugenhinweise nimmt das Polizeirevier Esslingen unter Telefon 0711\/3990-0 entgegen.<\/p>\n<p style=\"text-align: justify;\"><strong>Aichwald: Zeugen zu Unfall mit verletzter Fu\u00dfg\u00e4ngerin gesucht<br \/>\n<\/strong>Die Verkehrspolizei Esslingen sucht Zeugen zu einem Verkehrsunfall, bei dem am Donnerstagnachmittag eine Fu\u00dfg\u00e4ngerin in Schanbach verletzt worden ist. Die 83-J\u00e4hrige war gegen 17.10 Uhr auf dem Gehweg der M\u00f6rikestra\u00dfe von der Aichschie\u00dfer Stra\u00dfe herkommend in Richtung Gartenstra\u00dfe unterwegs. Hierbei nahm sie ein Fahrzeug wahr, das mit quietschenden Reifen von der Aichschie\u00dfer Stra\u00dfe in die M\u00f6rikestra\u00dfe eingebogen war und von hinten an ihr vorbeifuhr. Die Seniorin erschrak daraufhin, wich nach rechts aus und st\u00fcrzte in eine Gr\u00fcnfl\u00e4che. Der Pkw fuhr ohne anzuhalten weiter. \u00dcber das Fahrzeug liegen bislang noch keine Angaben vor. Die \u00e4ltere Frau musste mit einem Rettungswagen zur Behandlung in eine Klinik gebracht werden. Hinweise werden unter Telefon 0711\/3990-420 erbeten.<\/p>\n<p style=\"text-align: justify;\"><strong>Filderstadt: Kind in Bus bel\u00e4stigt<br \/>\n<\/strong>Wegen des Verdachts der sexuellen Bel\u00e4stigung ermittelt die Polizei seit Mittwoch gegen einen bislang unbekannten Mann. Um die Mittagszeit war eine Ferienbetreuungsgruppe in einem Bus der Linie 76 zwischen Plattenhardt und Bernhausen unterwegs. W\u00e4hrend der Fahrt soll der Unbekannte ein acht Jahre altes M\u00e4dchen unsittlich ber\u00fchrt haben. Nachdem eine Betreuerin sofort eingeschritten war, beleidigte der Mann die Frau. Der T\u00e4ter ist etwa 20 Jahre alt, zirka 170 cm gro\u00df, schlank und dunkelh\u00e4utig. Er war mit einer Jeanshose und einem T-Shirt bekleidet. Das Polizeirevier Fildersdtadt hat die Ermittlungen aufgenommen.<\/p>\n<p style=\"text-align: justify;\"><strong>Owen: Von Fahrrad gest\u00fcrzt<br \/>\n<\/strong>Eine Frau musste am Donnerstagnachmittag nach dem Sturz von ihrem Fahrrad in Owen in eine Klinik gebracht werden. Die 56-J\u00e4hrige befuhr gegen 17.25 Uhr die Fabrikstra\u00dfe in Richtung Schleifm\u00fchlestra\u00dfe. Aus bislang unbekannter Ursache st\u00fcrzte sie von ihrem Mountainbike und zog sich hierbei mehrere Verletzungen zu. Der Rettungsdienst k\u00fcmmerte sich um die Verletzte und brachte sie mit einem Rettungswagen zur medizinischen Versorgung ins Krankenhaus.<\/p>\n<p style=\"text-align: justify;\"><strong>Denkendorf: Bei Sturz verletzt<br \/>\n<\/strong>Zwei Personen sind bei einem Verkehrsunfall am Donnerstagvormittag verletzt worden. Gegen 9.50 Uhr waren ein 20-J\u00e4hriger und eine 17-J\u00e4hrige mit ihren Rennr\u00e4dern auf der Deizisauer Stra\u00dfe unterwegs, als die Jugendliche mit dem Lenker an einer Metallabgrenzung h\u00e4ngen blieb und st\u00fcrzte. Der Heranwachsende kollidierte in der Folge mit der 17-J\u00e4hrigen und kam auch zu Fall. Beim Unfall zogen sich beide Personen nach derzeitigem Kenntnisstand leichte Verletzungen zu.<\/p>\n<p style=\"text-align: justify;\"><strong>Unterensingen: Fl\u00e4chenbr\u00e4nde<br \/>\n<\/strong>Zu zwei Fl\u00e4chenbr\u00e4nden sind Feuerwehr und Polizei am Donnerstagabend ausger\u00fcckt. Gegen 19.10 Uhr hatte ein Zeuge das Feuer auf einem abgeernteten Feld im Bereich des Hungerbergwegs gemeldet. Bis zum Eintreffen der Einsatzkr\u00e4fte hatte er den rund 200m\u00b2 umfassenden Brand bereits zusammen mit einem Angeh\u00f6rigen und unter dem Einsatz eines Radladers eind\u00e4mmen und ersticken k\u00f6nnen. Gegen 23.45 Uhr kam es im Bereich der Esslinger Stra\u00dfe beim R\u00f6hmsee zum Brand von rund 20m\u00b2 einer geernteten Getreidefl\u00e4che. Die noch leicht brennende Fl\u00e4che wurde von der Feuerwehr, die mit zwei Fahrzeugen und zehn Einsatzkr\u00e4ften ausger\u00fcckt war, gel\u00f6scht. Eine eingeleitete Fahndung verlief ohne Erfolg. In beiden F\u00e4llen wurden die Ermittlungen wegen des Verdachts der Brandstiftung aufgenommen.<\/p>\n<p style=\"text-align: justify;\"><strong>Esslingen: Verkehrsunfall mit vier Verletzten<br \/>\n<\/strong>Am Mittwochabend gegen 20.30 Uhr ist es auf der Zollbergstra\u00dfe zu einem Verkehrsunfall zwischen zwei Pkw gekommen. Ein 22-J\u00e4hriger befuhr in seinem Audi A4 gemeinsam mit seinem 20-j\u00e4hrigen Beifahrer die Stra\u00dfe in Richtung Esslingen. Aus noch ungekl\u00e4rter Ursache kam der 22-J\u00e4hrige mit seinem Pkw in den Gegenverkehr und kollidiert hierbei seitlich mit einem entgegenkommenden Renault Master. Sowohl die beiden Insassen des Audi als auch der 19-j\u00e4hrige Fahrer des Renault und sein 37-j\u00e4hriger Beifahrer wurden durch den Zusammensto\u00df verletzt. Alle vier Personen wurden vor Ort durch den Rettungsdienst behandelt und im Anschluss f\u00fcr die weitere medizinische Versorgung in ein nahegelegenes Krankenhaus gebracht. Der Audi und der Renault waren nach dem Unfall nicht mehr fahrbereit und mussten abgeschleppt werden. Es entstand ein Gesamtsachschaden in H\u00f6he von ca. 43.000 Euro. Die Feuerwehr war ebenfalls mit einem Fahrzeug und vier Einsatzkr\u00e4ften vor Ort.<\/p>\n<p style=\"text-align: justify;\"><strong>Ostfildern: T\u00e4terfestnahme nach Sachbesch\u00e4digung<br \/>\n<\/strong>Zu einer Sachbesch\u00e4digung an einem Geb\u00e4ude ist es am Mittwochabend in der Brunnwiesenstra\u00dfe im Ortsteil Ruit gekommen. Gegen 22.00 Uhr teilten Zeugen mit, dass ein zun\u00e4chst unbekannter T\u00e4ter mit einem M\u00fclleimer die Scheibe der Eingangst\u00fcr eingeschlagen h\u00e4tte. In der Folge fl\u00fcchtete der Mann zu Fu\u00df von der \u00d6rtlichkeit. Im Rahmen der sofort eingeleiteten Fahndung konnte durch eine Streifenwagenbesatzung aufgrund der T\u00e4terbeschreibung in Tatortn\u00e4he ein 23-J\u00e4hriger angetroffen und vorl\u00e4ufig festgenommen werden. Da er sich in einem psychischen Ausnahmezustand befand, wurde er nach Durchf\u00fchrung der erforderlichen Ma\u00dfnahmen in eine Fachklinik eingewiesen.<\/p>\n<p style=\"text-align: justify;\"><strong>Kirchheim: Trickbetr\u00fcger mit Wechselfallenschwindel erfolgreich (Zeugenaufruf)<br \/>\n<\/strong>Zwei Trickbetr\u00fcger haben am Mittwochnachmittag einen Tankstellenangestellten um Bargeld gebracht. Gegen 14.15 Uhr bat ein m\u00e4nnlicher T\u00e4ter darum, einen Geldbetrag von 500 Euro, der ausschlie\u00dflich aus 10-Euro-Scheinen bestand, in gr\u00f6\u00dfere Scheine umgewechselt zu bekommen. Der in diesem Moment hinzukommende zweite T\u00e4ter verwickelte den Angestellten in ein weiteres Gespr\u00e4ch und stellte so eine Stresssituation her, die der erste T\u00e4ter ausnutzte und dem Angestellten letztlich lediglich 140 Euro statt der 500 Euro zur\u00fcckgab. Noch bevor der Verlust bemerkt wurde, hatten die Gauner den Verkaufsraum bereits fluchtartig verlassen. Die beiden Personen mit dunklem Teint k\u00f6nnen wie folgt beschrieben werden: circa 50 Jahre alt, einer der beiden trug eine Brille, der andere war mit einem blau-karierten kurz\u00e4rmeligen Hemd bekleidet. Das Polizeirevier Kirchheim hat die Ermittlungen aufgenommen und bittet um Zeugenhinweise zu den Verd\u00e4chtigen unter Telefon 07021\/501-0.<\/p>\n<p style=\"text-align: justify;\"><strong>Baltmannsweiler: Kinder beleidigt und Polizisten angegriffen<br \/>\n<\/strong>Ein Mann musste am Dienstagnachmittag nach mehreren Auff\u00e4lligkeiten und Straftaten von Beamten des Polizeipostens Reichenbach in Gewahrsam genommen werden. Der 35-J\u00e4hrige befand sich gegen 15.50 Uhr auf dem Fest- und Spielplatz in der Schorndorfer Stra\u00dfe, zog sich teilweise aus und soll mehrere dort spielende Kinder und in der Folge auch deren Eltern beleidigt haben. Die verst\u00e4ndigten Polizeibeamten trafen den stark alkoholisierten 35-J\u00e4hrigen an. Der weiterhin aggressive Mann musste in der Folge in Gewahrsam genommen werden, wogegen er sich wehrte und versuchte, die eingesetzten Beamten zu schlagen. Des Weiteren beleidigte er diese fortw\u00e4hrend. Zur Beruhigung und Ausn\u00fcchterung verbrachte er die Nacht in der Gewahrsamseinrichtung des Polizeireviers Esslingen. Nun erwarten ihn gleich mehrere Strafanzeigen bei der Staatsanwaltschaft.<\/p>\n<p style=\"text-align: justify;\"><strong>Plochingen: Mehrere Verst\u00f6\u00dfe bei einer Verkehrskontrolle festgestellt<br \/>\n<\/strong>Auf gleich mehrere Verst\u00f6\u00dfe stie\u00dfen Beamte des Polizeireviers Esslingen bei der Kontrolle eines einzigen Autos am Montagmittag in Plochingen. Als die Einsatzkr\u00e4fte den BMW kurz vor 13.30 Uhr im M\u00fchlhaldenweg stoppten, stellte sich rasch heraus, dass der 22 Jahre alte Lenker des Wagens nicht im Besitz einer Fahrerlaubnis ist. Au\u00dferdem ergaben sich bei ihm Hinweise auf den Einfluss von Bet\u00e4ubungsmitteln, weshalb er sp\u00e4ter eine Blutprobe abgeben musste. Auf dem Beifahrersitz sa\u00df der Eigent\u00fcmer des BMW, der nun zur Anzeige gelangt, da er nach derzeitigem Kenntnisstand die Fahrt des 22-J\u00e4hrigen ohne Fahrerlaubnis zugelassen hatte. Auf der R\u00fcckbank des Pkw befanden sich noch sechs weitere Personen, darunter drei Kleinkinder, die trotz der Mitfahrt ihrer zwei M\u00fctter alle ohne jegliche Sicherung bef\u00f6rdert wurden. Die Weiterfahrt des BMW endete schlussendlich bei einer Pr\u00fcfstelle. Da der Wagen derart erhebliche Sicherheitsm\u00e4ngel aufwies, wurde er direkt dort stillgelegt. Entsprechende Straf- und Ordnungswidrigkeiten-Verfahren wurden eingeleitet.<\/p>\n<p style=\"text-align: justify;\"><strong>Kirchheim: Brennender Lkw-Reifen<br \/>\n<\/strong>Zum Brand eines Lkw-Reifens sind die Einsatzkr\u00e4fte von Feuerwehr und Polizei am Dienstagabend an den Autohof Kruichling Im Hag ausger\u00fcckt. Verkehrsteilnehmer hatten gegen 19 Uhr einen dort stehenden Sattelzug mit einem brennenden Reifen gemeldet. Noch vor Eintreffen der Feuerwehr gelang es dem 27-j\u00e4hrigen Lkw-Fahrer den Brand abl\u00f6schen. Nach bisherigen Erkenntnissen war zuvor w\u00e4hrend der Fahrt auf der Autobahn A8 ein Reifen des Aufliegers geplatzt und durch die Reibung in Brand geraten. Nachdem die Feuerwehr an dem Fahrzeug und der Brandstelle Temperaturmessungen durchgef\u00fchrt hatte, konnte Entwarnung gegeben werden. Zum entstandenen Schaden liegen noch keine Informationen vor.<\/p>\n<p style=\"text-align: justify;\"><strong>Leinfelden-Echterdingen: Auseinandersetzung unter Mitbewohnern<br \/>\n<\/strong>Wegen des Verdachts der gef\u00e4hrlichen K\u00f6rperverletzung ermittelt der Polizeiposten Leinfelden-Echterdingen seit Dienstagvormittag nach einer Auseinandersetzung in einer Fl\u00fcchtlingsunterkunft in der Steinbeisstra\u00dfe. Gegen zehn Uhr soll es in einem Gemeinschaftsbereich der Unterkunft zun\u00e4chst zu einem verbalen Streit zwischen zwei Bewohnern im Alter von 34 und 38 Jahren gekommen sein. Der Streit m\u00fcndete in einer k\u00f6rperlichen Auseinandersetzung, bei der wohl auch eine Schere zum Einsatz gekommen sein soll. Beide Beteiligten erlitten eher leichte Verletzungen. Sie wurden zur weiteren Behandlung vom Rettungsdienst ins Krankenhaus gebracht. Eine Schere konnte von den Beamten vor Ort aufgefunden und sichergestellt werden. Die Ermittlungen dauern an.<\/p>\n<p style=\"text-align: justify;\"><strong>Leinfelden-Echterdingen: Kind versehentlich im Auto eingeschlossen<br \/>\n<\/strong>Zu einem Rettungseinsatz sind die Einsatzkr\u00e4fte von Feuerwehr und Polizei am Montagabend an die Parkpl\u00e4tze des Flughafen-Busterminals gerufen worden. Gegen 18.40 Uhr hatte sich dort der Pkw einer Familie beim Schlie\u00dfen der T\u00fcren aufgrund einer bisher unbekannten technischen Ursache verriegelt, wodurch ein schlafendes Kleinkind im Wagen eingeschlossen wurde. Da sich der BMW nicht mehr \u00f6ffnen lie\u00df, r\u00fcckten die Rettungskr\u00e4fte an, denen gl\u00fccklicherweise nach wenigen Minuten das \u00d6ffnen des Fahrzeuges gelang. Das Kind blieb unverletzt.<\/p>\n<p style=\"text-align: justify;\"><strong>N\u00fcrtingen: Bei Auseinandersetzung verletzt<br \/>\n<\/strong>Zwei 22 und 28 Jahre alte Bewohner einer Unterkunft in der Max-Eyth-Stra\u00dfe sind am Montagnachmittag wiederholt in einen handfesten Streit geraten. Zun\u00e4chst kam es nach derzeitigem Kenntnisstand gegen 16 Uhr aufgrund langanhaltender Differenzen zu gegenseitigen K\u00f6rperverletzungen. Ein Rettungswagen musste jedoch nicht angefordert werden. Gegen 17.40 Uhr gerieten die Kontrahenten dann erneut aneinander, wobei auch ein Stock und ein Messer zum Einsatz gekommen sein sollen. Aufgrund ihrer bei dieser Auseinandersetzung erlittenen Verletzungen wurden beide M\u00e4nner vom Rettungsdienst zur weiteren Untersuchung und Behandlung ins Krankenhaus gebracht. Das Polizeirevier N\u00fcrtingen hat gegen beide Personen entsprechende Ermittlungsverfahren eingeleitet.<\/p>\n<p style=\"text-align: justify;\"><strong>Filderstadt: Folgenreiche Fahrt unter Alkohol und Drogen<br \/>\n<\/strong>Wegen des Verdachts der Stra\u00dfenverkehrsgef\u00e4hrdung ermittelt das Polizeirevier Filderstadt seit Sonntagnachmittag gegen einen 23-J\u00e4hrigen. Der Mann fiel gegen 15.45 Uhr mehreren Zeugen in der Rain\u00e4ckerstra\u00dfe auf, als er beim Ausparken seines Opel Zafira zun\u00e4chst r\u00fcckw\u00e4rts gegen eine Hauswand prallte. Im Anschluss fuhr der 23-J\u00e4hrige gegen einen geparkten Mercedes und setzte daraufhin seine Fahrt zun\u00e4chst unbeirrt weiter fort. Nach einigen Metern versuchte der Opel-Lenker seinen Wagen am Stra\u00dfenrand zu parken, rammte hierbei jedoch ein Verkehrszeichen. Zwischenzeitlich alarmierte Polizeibeamte trafen den Unfallverursacher mit seinem besch\u00e4digten Pkw an und stellten bei diesem schnell eine massive Alkoholbeeinflussung fest. Ein Vortest ergab einen Wert von \u00fcber 3,5 Promille. Zudem zeigten sich Verdachtsmomente auf den Konsum von Bet\u00e4ubungsmitteln. Der 23-J\u00e4hrige musste im Anschluss eine Blutprobe abgeben, sein F\u00fchrerschein wurde beschlagnahmt. Die Ermittlungen zu den entstandenen Sachsch\u00e4den dauern noch an.<\/p>\n<p style=\"text-align: justify;\"><strong>Wolfschlugen: E-Scooter kontra Pkw<br \/>\n<\/strong>Nach ersten Erkenntnissen schwere Verletzungen hat ein E-Scooter-Fahrer bei einem Verkehrsunfall am Sonntagabend in der Kreuzung Hauff-\/Reinhardtstra\u00dfe erlitten. Der 17-J\u00e4hrige war kurz vor 18.30 Uhr mit dem Zweirad auf der Hauffstra\u00dfe von der Ortsmitte kommend in Richtung des Waldfriedhofs unterwegs. An der Kreuzung mit der Reinhardtstra\u00dfe missachtete er offenbar die Vorfahrt des von rechts kommenden VW einer 50-J\u00e4hrigen, kollidierte mit der linken Seite des Wagens und st\u00fcrzte anschlie\u00dfend zu Boden. Mit einem Rettungswagen wurde er zur weiteren Behandlung ins Krankenhaus gebracht. Der entstandene Sachschaden bel\u00e4uft sich auf rund 4.500 Euro. Im Zuge der Unfallaufnahme stellten die Beamten Alkoholgeruch bei der Autofahrerin fest. Ein entsprechender Test ergab einen vorl\u00e4ufigen Wert von \u00fcber zwei Promille. Die 50-J\u00e4hrige musste daraufhin neben einer Blutprobe auch ihren F\u00fchrerschein abgeben.<\/p>\n<p style=\"text-align: justify;\"><strong>Filderstadt: Kollision mit dem Gegenverkehr (Zeugenaufruf)<br \/>\n<\/strong>Zeugen zu einem Verkehrsunfall, der sich am Samstagabend an der Kreuzung Bahnhofstra\u00dfe \/ Sielminger Hauptstra\u00dfe \/ Reutlinger Stra\u00dfe im Stadtteil Sielmingen ereignet hat, sucht das Polizeirevier Filderstadt. Derzeitigen polizeilichen Ermittlungen zufolge war ein 65-J\u00e4hriger, gegen 18.30 Uhr, mit seinem schwarzen VW Golf auf der Bahnhofstra\u00dfe unterwegs und wollte an der Kreuzung nach links in die Sielminger Hauptstra\u00dfe einbiegen. Dabei kam es zur Kollision mit einem entgegenkommenden, schwarzen BMW X3 eines 34-J\u00e4hrigen, der die Kreuzung von der der Reutlinger Stra\u00dfe herkommend, geradeaus in Richtung Bahnhofstra\u00dfe \u00fcberqueren wollte. Die Ampel an der dortigen Kreuzung soll f\u00fcr beide Gr\u00fcn angezeigt haben. Verletzt wurde niemand. Der entstandene Sachschaden an beiden Autos wird auf insgesamt rund 8.000 Euro gesch\u00e4tzt. Beide Fahrer machten jeweils unterschiedliche Angaben zum Unfallhergang, weshalb die Ermittler nach Zeugen zu dem Unfall suchen. Polizeirevier Filderstadt, Telefon 0711\/7091-3.<\/p>\n<hr \/>\n<p style=\"text-align: justify;\">\n","protected":false},"excerpt":{"rendered":"<p>Quelle: ots Ostfildern: Kontrolle \u00fcber Fahrzeug verloren Ein \u00fcber 90 Jahre alter Pkw-Lenker hat am Donnerstagmittag die Kontrolle \u00fcber sein Fahrzeug verloren und einen schadenstr\u00e4chtigen Verkehrsunfall verursacht. Der Senior wollte gegen 13 Uhr mit seinem Wagen bei der Sportanlage Talwiesen r\u00fcckw\u00e4rts ausparken. Hierbei touchierte er zun\u00e4chst einen gegen\u00fcber geparkten Volvo. Im weiteren Verlauf \u00fcberfuhr der [&hellip;]<\/p>\n","protected":false},"author":4,"featured_media":152245,"comment_status":"closed","ping_status":"open","sticky":false,"template":"","format":"standard","meta":{"inline_featured_image":false,"_exactmetrics_skip_tracking":false,"_exactmetrics_sitenote_active":false,"_exactmetrics_sitenote_note":"","_exactmetrics_sitenote_category":0,"footnotes":""},"categories":[11240],"tags":[14857,14440,68,205,1625],"class_list":{"0":"post-157673","1":"post","2":"type-post","3":"status-publish","4":"format-standard","5":"has-post-thumbnail","7":"category-region-esslingen","8":"tag-die-webzeitung","9":"tag-esslingen","10":"tag-online-zeitung","11":"tag-polizei","12":"tag-report"},"image_feature":"https:\/\/die-webzeitung.de\/stuttgart\/wp-content\/uploads\/sites\/4\/2024\/02\/Polizei-Pix-scaled.jpg","author_name":"Redaktion","pure_taxonomies":{"categories":[{"term_id":11240,"name":"Polizei-Report Esslingen","slug":"region-esslingen","term_group":0,"term_taxonomy_id":11278,"taxonomy":"category","description":"Polizeiberichte aus der Region des Landkreises Esslingen","parent":1619,"count":69,"filter":"raw","image":""}],"tags":[{"term_id":14857,"name":"Die-Webzeitung","slug":"die-webzeitung","term_group":0,"term_taxonomy_id":14876,"taxonomy":"post_tag","description":"","parent":0,"count":3623,"filter":"raw","image":""},{"term_id":14440,"name":"Esslingen","slug":"esslingen","term_group":0,"term_taxonomy_id":3885,"taxonomy":"post_tag","description":"","parent":0,"count":202,"filter":"raw","image":""},{"term_id":68,"name":"Online-Zeitung","slug":"online-zeitung","term_group":0,"term_taxonomy_id":69,"taxonomy":"post_tag","description":"","parent":0,"count":3593,"filter":"raw","image":""},{"term_id":205,"name":"Polizei","slug":"polizei","term_group":0,"term_taxonomy_id":208,"taxonomy":"post_tag","description":"","parent":0,"count":277,"filter":"raw","image":""},{"term_id":1625,"name":"Report","slug":"report","term_group":0,"term_taxonomy_id":1634,"taxonomy":"post_tag","description":"","parent":0,"count":210,"filter":"raw","image":""}]},"_links":{"self":[{"href":"https:\/\/die-webzeitung.de\/stuttgart\/wp-json\/wp\/v2\/posts\/157673","targetHints":{"allow":["GET"]}}],"collection":[{"href":"https:\/\/die-webzeitung.de\/stuttgart\/wp-json\/wp\/v2\/posts"}],"about":[{"href":"https:\/\/die-webzeitung.de\/stuttgart\/wp-json\/wp\/v2\/types\/post"}],"author":[{"embeddable":true,"href":"https:\/\/die-webzeitung.de\/stuttgart\/wp-json\/wp\/v2\/users\/4"}],"replies":[{"embeddable":true,"href":"https:\/\/die-webzeitung.de\/stuttgart\/wp-json\/wp\/v2\/comments?post=157673"}],"version-history":[{"count":14,"href":"https:\/\/die-webzeitung.de\/stuttgart\/wp-json\/wp\/v2\/posts\/157673\/revisions"}],"predecessor-version":[{"id":157830,"href":"https:\/\/die-webzeitung.de\/stuttgart\/wp-json\/wp\/v2\/posts\/157673\/revisions\/157830"}],"wp:featuredmedia":[{"embeddable":true,"href":"https:\/\/die-webzeitung.de\/stuttgart\/wp-json\/wp\/v2\/media\/152245"}],"wp:attachment":[{"href":"https:\/\/die-webzeitung.de\/stuttgart\/wp-json\/wp\/v2\/media?parent=157673"}],"wp:term":[{"taxonomy":"category","embeddable":true,"href":"https:\/\/die-webzeitung.de\/stuttgart\/wp-json\/wp\/v2\/categories?post=157673"},{"taxonomy":"post_tag","embeddable":true,"href":"https:\/\/die-webzeitung.de\/stuttgart\/wp-json\/wp\/v2\/tags?post=157673"}],"curies":[{"name":"wp","href":"https:\/\/api.w.org\/{rel}","templated":true}]}}