{"id":157661,"date":"2025-08-02T16:44:57","date_gmt":"2025-08-02T15:44:57","guid":{"rendered":"https:\/\/die-webzeitung.de\/stuttgart\/2025\/08\/02\/sgv-freiberg-startet-beeindruckend-in-die-neue-saison\/"},"modified":"2025-08-02T16:44:57","modified_gmt":"2025-08-02T15:44:57","slug":"sgv-freiberg-startet-beeindruckend-in-die-neue-saison","status":"publish","type":"post","link":"https:\/\/die-webzeitung.de\/stuttgart\/2025\/08\/02\/sgv-freiberg-startet-beeindruckend-in-die-neue-saison\/","title":{"rendered":"SGV Freiberg startet beeindruckend in die neue Saison"},"content":{"rendered":"<h4 style=\"text-align: justify;\"><strong>Regionalligist besiegt SC Freiburg II mit 3:0<\/strong><\/h4>\n<p style=\"text-align: justify;\">Freiberg a. N.| 19 neue Spieler und 5 Spieler aus der letzten bilden den neuen Kader f\u00fcr die Regionalliga Saison 2025 2026. Das lie\u00df von vornherein Spekulationen \u00fcber die Spielst\u00e4rke der neuen Mannschaft zu, welche die Freiberger aber von der ersten Minute an zerstreuten. Das Team von Kushtrim Lushtaku lie\u00df von Anfang an keine Zweifel daran aufkommen das Spiel gewinnen zu wollen. So wurde die Freiburger Abwehr ein ums andere Mal d\u00fcpiert. Der SGV st\u00f6rte fr\u00fch und kam so immer wieder zu gef\u00e4hrlichen Situationen in der gegnerischen H\u00e4lfte.<\/p>\n<p style=\"text-align: justify;\">Schrecksekunde f\u00fcr die Freiburger in der 62. Minute nach einem Foul am Freiberger K\u00fchl schickte der Schiedsrichter den Freiburger Atemkeng mit Gelb rot vom Platz. Fortan mussten die G\u00e4ste in Unterzahl gegen die starken Freiberger gegenhalten.<\/p>\n<p style=\"text-align: justify;\">Bereits in der 39. Minute hatte Marius K\u00f6hl das 1:0 auf dem Fu\u00df, er lief direkt auf das gegnerische Tor zu, umspielte seinen Gegenspieler und zog ins linke untere Eck ab zum sehenswerten F\u00fchrungstreffer.<\/p>\n<p style=\"text-align: justify;\">Nach der Halbzeitpause machten die Gastgeber dort weiter, wo sie in der ersten H\u00e4lfte aufgeh\u00f6rt hatten. Doch die Zuschauer mussten sich noch bis zur 75. Minute gedulden, da setzte Engel mit einem genialen Pass Aris Malaj in Szene der kurz und trocken zum 2:0 einnetzte.<\/p>\n<p style=\"text-align: justify;\">Nur 4 Minuten danach nahm sich Armin Sivic im gegnerischen Strafraum ein Herz und schoss trocken zum 3:0-Endstand ein.<\/p>\n<p style=\"text-align: justify;\">Nach anf\u00e4nglichem Abtasten fanden die Freiberger von Beginn an immer besser ins Spiel sie setzen den Gegner schon in der eigenen H\u00e4lfte unter Druck und brachten ihn dazu Fehler zu machen. Freiberg gewinnt diese Saisonauftakt zurecht und befindet sich damit in guter Gesellschaft an der Tabellenspitze. So k\u00f6nnte es in den n\u00e4chsten Spielen weitergehen.<\/p>\n<hr \/>\n<p style=\"text-align: justify;\">\n","protected":false},"excerpt":{"rendered":"<p>Regionalligist besiegt SC Freiburg II mit 3:0 Freiberg a. N.| 19 neue Spieler und 5 Spieler aus der letzten bilden den neuen Kader f\u00fcr die Regionalliga Saison 2025 2026. Das lie\u00df von vornherein Spekulationen \u00fcber die Spielst\u00e4rke der neuen Mannschaft zu, welche die Freiberger aber von der ersten Minute an zerstreuten. Das Team von Kushtrim [&hellip;]<\/p>\n","protected":false},"author":4,"featured_media":157662,"comment_status":"closed","ping_status":"open","sticky":false,"template":"","format":"standard","meta":{"inline_featured_image":false,"_exactmetrics_skip_tracking":false,"_exactmetrics_sitenote_active":false,"_exactmetrics_sitenote_note":"","_exactmetrics_sitenote_category":0,"footnotes":""},"categories":[110],"tags":[14857,80,129,68,14737,119],"class_list":{"0":"post-157661","1":"post","2":"type-post","3":"status-publish","4":"format-standard","5":"has-post-thumbnail","7":"category-sport","8":"tag-die-webzeitung","9":"tag-freiberger-seite","10":"tag-fusball","11":"tag-online-zeitung","12":"tag-regionalliga","13":"tag-sgv"},"image_feature":"https:\/\/die-webzeitung.de\/stuttgart\/wp-content\/uploads\/sites\/4\/2025\/08\/\u00a9-Die-Webzeitung.de_-scaled.jpg","author_name":"Redaktion","pure_taxonomies":{"categories":[{"term_id":110,"name":"Sport","slug":"sport","term_group":0,"term_taxonomy_id":112,"taxonomy":"category","description":"Sportberichte","parent":0,"count":1043,"filter":"raw","image":""}],"tags":[{"term_id":14857,"name":"Die-Webzeitung","slug":"die-webzeitung","term_group":0,"term_taxonomy_id":14876,"taxonomy":"post_tag","description":"","parent":0,"count":3623,"filter":"raw","image":""},{"term_id":80,"name":"Freiberg","slug":"freiberger-seite","term_group":0,"term_taxonomy_id":95,"taxonomy":"post_tag","description":"","parent":0,"count":78,"filter":"raw","image":""},{"term_id":129,"name":"Fu\u00dfball","slug":"fusball","term_group":0,"term_taxonomy_id":131,"taxonomy":"post_tag","description":"","parent":0,"count":171,"filter":"raw","image":""},{"term_id":68,"name":"Online-Zeitung","slug":"online-zeitung","term_group":0,"term_taxonomy_id":69,"taxonomy":"post_tag","description":"","parent":0,"count":3593,"filter":"raw","image":""},{"term_id":14737,"name":"Regionalliga","slug":"regionalliga","term_group":0,"term_taxonomy_id":14756,"taxonomy":"post_tag","description":"","parent":0,"count":53,"filter":"raw","image":""},{"term_id":119,"name":"SGV","slug":"sgv","term_group":0,"term_taxonomy_id":121,"taxonomy":"post_tag","description":"","parent":0,"count":66,"filter":"raw","image":""}]},"_links":{"self":[{"href":"https:\/\/die-webzeitung.de\/stuttgart\/wp-json\/wp\/v2\/posts\/157661","targetHints":{"allow":["GET"]}}],"collection":[{"href":"https:\/\/die-webzeitung.de\/stuttgart\/wp-json\/wp\/v2\/posts"}],"about":[{"href":"https:\/\/die-webzeitung.de\/stuttgart\/wp-json\/wp\/v2\/types\/post"}],"author":[{"embeddable":true,"href":"https:\/\/die-webzeitung.de\/stuttgart\/wp-json\/wp\/v2\/users\/4"}],"replies":[{"embeddable":true,"href":"https:\/\/die-webzeitung.de\/stuttgart\/wp-json\/wp\/v2\/comments?post=157661"}],"version-history":[{"count":0,"href":"https:\/\/die-webzeitung.de\/stuttgart\/wp-json\/wp\/v2\/posts\/157661\/revisions"}],"wp:featuredmedia":[{"embeddable":true,"href":"https:\/\/die-webzeitung.de\/stuttgart\/wp-json\/wp\/v2\/media\/157662"}],"wp:attachment":[{"href":"https:\/\/die-webzeitung.de\/stuttgart\/wp-json\/wp\/v2\/media?parent=157661"}],"wp:term":[{"taxonomy":"category","embeddable":true,"href":"https:\/\/die-webzeitung.de\/stuttgart\/wp-json\/wp\/v2\/categories?post=157661"},{"taxonomy":"post_tag","embeddable":true,"href":"https:\/\/die-webzeitung.de\/stuttgart\/wp-json\/wp\/v2\/tags?post=157661"}],"curies":[{"name":"wp","href":"https:\/\/api.w.org\/{rel}","templated":true}]}}