{"id":157647,"date":"2025-08-01T10:33:25","date_gmt":"2025-08-01T09:33:25","guid":{"rendered":"https:\/\/die-webzeitung.de\/stuttgart\/?p=157647"},"modified":"2025-08-01T10:33:25","modified_gmt":"2025-08-01T09:33:25","slug":"polizisten-gesucht","status":"publish","type":"post","link":"https:\/\/die-webzeitung.de\/stuttgart\/2025\/08\/01\/polizisten-gesucht\/","title":{"rendered":"Polizisten gesucht!"},"content":{"rendered":"<h4 style=\"text-align: justify;\"><strong>Informationsveranstaltungen zur Ausbildung und zum Studium bei der Landespolizei: Ausbildungsstart auch im M\u00e4rz 2026 m\u00f6glich<\/strong><\/h4>\n<p style=\"text-align: justify;\">Landkreis Esslingen.|\u00a0DU VERDIENST EIN WIR. Unter diesem Motto sucht die Landespolizei Baden-W\u00fcrttemberg engagierte Nachwuchskr\u00e4fte. Der Polizeiberuf steht f\u00fcr Abwechslung, Herausforderung und Verantwortung. Beraten, ermitteln, sch\u00fctzen &#8211; ein vielf\u00e4ltiges und spannendes Aufgabenspektrum.<\/p>\n<p style=\"text-align: justify;\">Anders als bei den meisten Ausbildungsberufen startet die duale Ausbildung der Landespolizei zweimal im Jahr &#8211; im September und im M\u00e4rz. Dies ist eine besondere Chance f\u00fcr alle Bewerber, die f\u00fcr September dieses Jahres noch keine Ausbildungsstelle haben oder den Beruf wechseln wollen. Da die Bewerbungsfrist f\u00fcr eine Einstellung im M\u00e4rz 2026 am 30.09.2025 endet, werden die Einstellungsberater des Polizeipr\u00e4sidium Reutlingen rechtzeitig im August und September bei den Polizeirevieren Esslingen, Kirchheim und N\u00fcrtingen zum Bewerbungsverfahren und zu den Karrierem\u00f6glichkeiten der Landespolizei Baden-W\u00fcrttemberg informieren. Dabei sollen alle Fragen zu Chancen und Herausforderungen in diesem besonderen Beruf beantwortet werden.<\/p>\n<p style=\"text-align: justify;\">Die 30-monatige Ausbildung f\u00fcr den mittleren Polizeivollzugsdienst ist ein duales Ausbildungssystem und beinhaltet theoretisches Wissen sowie praktisches Handeln. So werden die jungen Polizeibeamtinnen und Polizeibeamte auf ihren k\u00fcnftigen Berufsalltag vorbereitet. F\u00fcr eine Einstellung ist neben k\u00f6rperlicher Fitness der Mittlere Schulabschluss erforderlich. Nach abgeschlossener Berufsausbildung und einiger Zeit im Polizeidienst besteht die M\u00f6glichkeit, auch ohne Abitur oder Fachhochschulreife an einem Auswahlverfahren f\u00fcr ein verk\u00fcrztes Bachelor-Studium teilzunehmen, das zur Ernennung zur\/zum Polizeioberkommissarin\/-kommissar f\u00fchrt.<\/p>\n<p style=\"text-align: justify;\">Bewerberinnen und Bewerber mit Abitur, Fachhochschulreife oder fachgebundener Hochschulreife k\u00f6nnen \u00fcber ein duales Bachelorstudium direkt in die Laufbahn des gehobenen Polizeivollzugsdienstes einsteigen. W\u00e4hrend des Studiums kann dann zwischen den Schwerpunkten &#8220;Schutzpolizei&#8221;, &#8220;Kriminalpolizei&#8221; und &#8220;Kriminalpolizei &#8211; IT-Ermittlungen\/IT-Auswertungen&#8221; ausgew\u00e4hlt werden. Am Ende des 45-monatigen Studiums wartet dann die Ernennung zur\/zum Polizeioberkommissarin\/-kommissar bzw. Kriminaloberkommissarin\/-kommissar.<\/p>\n<p style=\"text-align: justify;\">Kurzentschlossene, die im M\u00e4rz 2026 mit der Ausbildung beginnen wollen, k\u00f6nnen sich also noch bis zum 30.09.2025 bewerben. Bewerbungsschluss f\u00fcr das Studium mit Beginn Juli 2026 und die Ausbildung mit Beginn September 2026 ist der 31.12.2025.<\/p>\n<p style=\"text-align: justify;\">Bewerben geht bei der Landespolizei dank dem Online-Bewerbungsportal auf <a href=\"https:\/\/www.karriere-polizei-bw.de\/\" target=\"_blank\" rel=\"noopener\">https:\/\/www.karriere-polizei-bw.de\/<\/a> ganz einfach. Ein vorheriger telefonischer Kontakt mit den Einstellungsberatern wird empfohlen.<\/p>\n<p style=\"text-align: justify;\">Weitere Informationen und Einblicke geben die Einstellungsberater des Polizeipr\u00e4sidiums Reutlingen bei den kommenden Informationsveranstaltungen:<\/p>\n<p style=\"text-align: justify;\">Donnerstag, 21.08.2025:<br \/>\n14.00 &#8211; 16.00 Uhr, Polizeirevier Esslingen, 73728 Esslingen, Agnespromenade 4<\/p>\n<p style=\"text-align: justify;\">Mittwoch, 27.08.2025:<br \/>\n14.00 &#8211; 16.00 Uhr, Polizeirevier Kirchheim, 73230 Kirchheim unter Teck, Dettinger Stra\u00dfe 101<\/p>\n<p style=\"text-align: justify;\">Dienstag, 02.09.2025:<br \/>\n17.00 &#8211; 19.00 Uhr, Polizeirevier N\u00fcrtingen, 72622 N\u00fcrtingen, Europastra\u00dfe 34<\/p>\n<p style=\"text-align: justify;\">Anmeldung unter 0711\/3990-299 oder -298 erforderlich.<\/p>\n<p style=\"text-align: justify;\">Treffpunkt ist immer vor den jeweiligen Polizeirevieren.<\/p>\n<p style=\"text-align: justify;\">Teilnehmen k\u00f6nnen berufsinteressierte junge Menschen ab der 9. Klasse bis hin zum H\u00f6chstalter von 32 Jahren. Eltern und potentielle Berufswechsler sind ausdr\u00fccklich herzlich willkommen. Die Anzahl der Pl\u00e4tze je Termin ist begrenzt.<\/p>\n<hr \/>\n<p style=\"text-align: justify;\">\n","protected":false},"excerpt":{"rendered":"<p>Informationsveranstaltungen zur Ausbildung und zum Studium bei der Landespolizei: Ausbildungsstart auch im M\u00e4rz 2026 m\u00f6glich Landkreis Esslingen.|\u00a0DU VERDIENST EIN WIR. Unter diesem Motto sucht die Landespolizei Baden-W\u00fcrttemberg engagierte Nachwuchskr\u00e4fte. Der Polizeiberuf steht f\u00fcr Abwechslung, Herausforderung und Verantwortung. Beraten, ermitteln, sch\u00fctzen &#8211; ein vielf\u00e4ltiges und spannendes Aufgabenspektrum. Anders als bei den meisten Ausbildungsberufen startet die duale [&hellip;]<\/p>\n","protected":false},"author":4,"featured_media":154405,"comment_status":"closed","ping_status":"open","sticky":false,"template":"","format":"standard","meta":{"inline_featured_image":false,"_exactmetrics_skip_tracking":false,"_exactmetrics_sitenote_active":false,"_exactmetrics_sitenote_note":"","_exactmetrics_sitenote_category":0,"footnotes":""},"categories":[59,2247],"tags":[14857,18128,68,205],"class_list":{"0":"post-157647","1":"post","2":"type-post","3":"status-publish","4":"format-standard","5":"has-post-thumbnail","7":"category-aktuell","8":"category-kreis-esslingen","9":"tag-die-webzeitung","10":"tag-landespolizei","11":"tag-online-zeitung","12":"tag-polizei"},"image_feature":"https:\/\/die-webzeitung.de\/stuttgart\/wp-content\/uploads\/sites\/4\/2024\/10\/police-3622937_1280-scaled.jpg","author_name":"Redaktion","pure_taxonomies":{"categories":[{"term_id":59,"name":"Aktuell","slug":"aktuell","term_group":0,"term_taxonomy_id":60,"taxonomy":"category","description":"","parent":0,"count":1017,"filter":"raw","image":""},{"term_id":2247,"name":"Kreis Esslingen","slug":"kreis-esslingen","term_group":0,"term_taxonomy_id":2260,"taxonomy":"category","description":"Informationen aus dem Landkreis Esslingen","parent":171,"count":214,"filter":"raw","image":""}],"tags":[{"term_id":14857,"name":"Die-Webzeitung","slug":"die-webzeitung","term_group":0,"term_taxonomy_id":14876,"taxonomy":"post_tag","description":"","parent":0,"count":3623,"filter":"raw","image":""},{"term_id":18128,"name":"Landespolizei","slug":"landespolizei","term_group":0,"term_taxonomy_id":18147,"taxonomy":"post_tag","description":"","parent":0,"count":1,"filter":"raw","image":""},{"term_id":68,"name":"Online-Zeitung","slug":"online-zeitung","term_group":0,"term_taxonomy_id":69,"taxonomy":"post_tag","description":"","parent":0,"count":3593,"filter":"raw","image":""},{"term_id":205,"name":"Polizei","slug":"polizei","term_group":0,"term_taxonomy_id":208,"taxonomy":"post_tag","description":"","parent":0,"count":277,"filter":"raw","image":""}]},"_links":{"self":[{"href":"https:\/\/die-webzeitung.de\/stuttgart\/wp-json\/wp\/v2\/posts\/157647","targetHints":{"allow":["GET"]}}],"collection":[{"href":"https:\/\/die-webzeitung.de\/stuttgart\/wp-json\/wp\/v2\/posts"}],"about":[{"href":"https:\/\/die-webzeitung.de\/stuttgart\/wp-json\/wp\/v2\/types\/post"}],"author":[{"embeddable":true,"href":"https:\/\/die-webzeitung.de\/stuttgart\/wp-json\/wp\/v2\/users\/4"}],"replies":[{"embeddable":true,"href":"https:\/\/die-webzeitung.de\/stuttgart\/wp-json\/wp\/v2\/comments?post=157647"}],"version-history":[{"count":1,"href":"https:\/\/die-webzeitung.de\/stuttgart\/wp-json\/wp\/v2\/posts\/157647\/revisions"}],"predecessor-version":[{"id":157648,"href":"https:\/\/die-webzeitung.de\/stuttgart\/wp-json\/wp\/v2\/posts\/157647\/revisions\/157648"}],"wp:featuredmedia":[{"embeddable":true,"href":"https:\/\/die-webzeitung.de\/stuttgart\/wp-json\/wp\/v2\/media\/154405"}],"wp:attachment":[{"href":"https:\/\/die-webzeitung.de\/stuttgart\/wp-json\/wp\/v2\/media?parent=157647"}],"wp:term":[{"taxonomy":"category","embeddable":true,"href":"https:\/\/die-webzeitung.de\/stuttgart\/wp-json\/wp\/v2\/categories?post=157647"},{"taxonomy":"post_tag","embeddable":true,"href":"https:\/\/die-webzeitung.de\/stuttgart\/wp-json\/wp\/v2\/tags?post=157647"}],"curies":[{"name":"wp","href":"https:\/\/api.w.org\/{rel}","templated":true}]}}