{"id":156849,"date":"2025-07-25T10:51:18","date_gmt":"2025-07-25T09:51:18","guid":{"rendered":"https:\/\/die-webzeitung.de\/stuttgart\/2025\/07\/25\/haftung-bei-schadhaftem-inventar-in-ferienimmobilie\/"},"modified":"2025-07-25T10:51:18","modified_gmt":"2025-07-25T09:51:18","slug":"haftung-bei-schadhaftem-inventar-in-ferienimmobilie","status":"publish","type":"post","link":"https:\/\/die-webzeitung.de\/stuttgart\/2025\/07\/25\/haftung-bei-schadhaftem-inventar-in-ferienimmobilie\/","title":{"rendered":"Haftung bei schadhaftem Inventar in Ferienimmobilie"},"content":{"rendered":"<p style=\"text-align: justify;\"><strong>Vermieterinnen und Vermieter einer Ferienwohnung haften daf\u00fcr, dass das Inventar zum Zeitpunkt der Vermietung nicht schadensbehaftet ist und gefahrlos benutzt werden kann. Andernfalls drohen im Einzelfall hohe Haftungsanspr\u00fcche. Die W\u00fcrttembergische Versicherung, ein Unternehmen der W&amp;W-Gruppe, weist auf einen vom Oberlandesgericht Oldenburg (9 U 40\/23) entschiedenen Fall hin.<\/strong><\/p>\n<p style=\"text-align: justify;\">Als eine Familie in einer gemieteten Ferienwohnung Kaffee zum Fr\u00fchst\u00fcck zubereitete, kam es zu einem schweren Unfall. Die Mutter bef\u00fcllte zun\u00e4chst die Kaffeemaschine mit kaltem Wasser und benutzte dazu eine Glaskanne. Anschlie\u00dfend goss sie den hei\u00dfen Kaffee in die Glaskanne und wollte diese auf den Fr\u00fchst\u00fcckstisch stellen. Dabei brach jedoch der Henkel der Glaskanne ab und der hei\u00dfe Kaffee ergoss sich \u00fcber das sechsj\u00e4hrige Kind der Familie. Dieses erlitt schwere Verbrennungen am Oberk\u00f6rper und an beiden Armen. Es musste mit dem Hubschrauber in ein Krankenhaus gebracht werden und befindet sich seitdem in \u00e4rztlicher Behandlung. Die erlittenen Narben wird es voraussichtlich das ganze Leben behalten. Die Eltern verklagten namens ihres Kindes die Vermieterin der Ferienwohnung auf Schmerzensgeld und Ersatz aller erlittenen Sch\u00e4den. Damit kamen sie jedoch vor Gericht nicht durch. Die Familie konnte n\u00e4mlich nicht beweisen, dass die Glaskanne bereits bei Abschluss des Mietvertrages einen erkennbaren Mangel hatte.<\/p>\n<p style=\"text-align: justify;\">Allerdings betonte das Gericht, dass die Haftung f\u00fcr solche Sch\u00e4den nicht in den Allgemeinen Gesch\u00e4ftsbedingungen des Mietvertrages ausgeschlossen werden k\u00f6nnen. Die Vermieterin haftete daher grunds\u00e4tzlich f\u00fcr alle Sch\u00e4den, die durch m\u00e4ngelbehaftetes Inventar eintreten. Allerdings stellte ein Sachverst\u00e4ndiger fest, dass die Glaskanne keine Reparaturspuren oder Verschlei\u00dferscheinungen aufwies. Es lag auch kein Produktmangel vor, der zu einem vorzeitigen Verschlei\u00df gef\u00fchrt hatte. Nachdem die Glaskanne bei der Bef\u00fcllung mit kaltem Wasser noch funktionst\u00fcchtig war, blieb offen, ob ein erkennbarer Mangel der Glaskanne bereits zum Zeitpunkt der Vermietung vorlag oder dieser erst sp\u00e4ter eintrat.<\/p>\n<p style=\"text-align: justify;\">Die Abdeckung des Haftungsrisikos f\u00fcr solche Sch\u00e4den ist f\u00fcr Vermieterinnen und Vermieter einer Ferienunterkunft wichtig und sollte mit einer Haus- und Grundbesitzerhaftpflichtversicherung abgesichert werden. F\u00fcr Vermieterinnen und Vermieter, die einen Beherbergungsbetrieb f\u00fchren, ist die Betriebshaftpflichtversicherung die richtige Wahl. Diese Versicherungen decken Schmerzensgeld, Schadensersatz und Besch\u00e4digung des Eigentums der G\u00e4ste ab.<\/p>\n<hr \/>\n<p style=\"text-align: justify;\">\n","protected":false},"excerpt":{"rendered":"<p>Vermieterinnen und Vermieter einer Ferienwohnung haften daf\u00fcr, dass das Inventar zum Zeitpunkt der Vermietung nicht schadensbehaftet ist und gefahrlos benutzt werden kann. Andernfalls drohen im Einzelfall hohe Haftungsanspr\u00fcche. Die W\u00fcrttembergische Versicherung, ein Unternehmen der W&amp;W-Gruppe, weist auf einen vom Oberlandesgericht Oldenburg (9 U 40\/23) entschiedenen Fall hin. Als eine Familie in einer gemieteten Ferienwohnung Kaffee [&hellip;]<\/p>\n","protected":false},"author":4,"featured_media":0,"comment_status":"closed","ping_status":"open","sticky":false,"template":"","format":"standard","meta":{"inline_featured_image":false,"_exactmetrics_skip_tracking":false,"_exactmetrics_sitenote_active":false,"_exactmetrics_sitenote_note":"","_exactmetrics_sitenote_category":0,"footnotes":""},"categories":[2237],"tags":[14857,18123,13866,68,1383,1442,19],"class_list":{"0":"post-156849","1":"post","2":"type-post","3":"status-publish","4":"format-standard","6":"category-ratgeber-leben","7":"tag-die-webzeitung","8":"tag-ferienimmobilie","9":"tag-haftung","10":"tag-online-zeitung","11":"tag-schaden","12":"tag-ww","13":"tag-wustenrot"},"image_feature":null,"author_name":"Redaktion","pure_taxonomies":{"categories":[{"term_id":2237,"name":"Ratgeber","slug":"ratgeber-leben","term_group":0,"term_taxonomy_id":2250,"taxonomy":"category","description":"","parent":482,"count":380,"filter":"raw","image":""}],"tags":[{"term_id":14857,"name":"Die-Webzeitung","slug":"die-webzeitung","term_group":0,"term_taxonomy_id":14876,"taxonomy":"post_tag","description":"","parent":0,"count":3623,"filter":"raw","image":""},{"term_id":18123,"name":"Ferienimmobilie","slug":"ferienimmobilie","term_group":0,"term_taxonomy_id":18142,"taxonomy":"post_tag","description":"","parent":0,"count":1,"filter":"raw","image":""},{"term_id":13866,"name":"Haftung","slug":"haftung","term_group":0,"term_taxonomy_id":13908,"taxonomy":"post_tag","description":"","parent":0,"count":2,"filter":"raw","image":""},{"term_id":68,"name":"Online-Zeitung","slug":"online-zeitung","term_group":0,"term_taxonomy_id":69,"taxonomy":"post_tag","description":"","parent":0,"count":3593,"filter":"raw","image":""},{"term_id":1383,"name":"Sch\u00e4den","slug":"schaden","term_group":0,"term_taxonomy_id":1392,"taxonomy":"post_tag","description":"","parent":0,"count":3,"filter":"raw","image":""},{"term_id":1442,"name":"W&amp;W","slug":"ww","term_group":0,"term_taxonomy_id":1451,"taxonomy":"post_tag","description":"","parent":0,"count":79,"filter":"raw","image":""},{"term_id":19,"name":"W\u00fcstenrot","slug":"wustenrot","term_group":0,"term_taxonomy_id":19,"taxonomy":"post_tag","description":"","parent":0,"count":171,"filter":"raw","image":""}]},"_links":{"self":[{"href":"https:\/\/die-webzeitung.de\/stuttgart\/wp-json\/wp\/v2\/posts\/156849","targetHints":{"allow":["GET"]}}],"collection":[{"href":"https:\/\/die-webzeitung.de\/stuttgart\/wp-json\/wp\/v2\/posts"}],"about":[{"href":"https:\/\/die-webzeitung.de\/stuttgart\/wp-json\/wp\/v2\/types\/post"}],"author":[{"embeddable":true,"href":"https:\/\/die-webzeitung.de\/stuttgart\/wp-json\/wp\/v2\/users\/4"}],"replies":[{"embeddable":true,"href":"https:\/\/die-webzeitung.de\/stuttgart\/wp-json\/wp\/v2\/comments?post=156849"}],"version-history":[{"count":0,"href":"https:\/\/die-webzeitung.de\/stuttgart\/wp-json\/wp\/v2\/posts\/156849\/revisions"}],"wp:attachment":[{"href":"https:\/\/die-webzeitung.de\/stuttgart\/wp-json\/wp\/v2\/media?parent=156849"}],"wp:term":[{"taxonomy":"category","embeddable":true,"href":"https:\/\/die-webzeitung.de\/stuttgart\/wp-json\/wp\/v2\/categories?post=156849"},{"taxonomy":"post_tag","embeddable":true,"href":"https:\/\/die-webzeitung.de\/stuttgart\/wp-json\/wp\/v2\/tags?post=156849"}],"curies":[{"name":"wp","href":"https:\/\/api.w.org\/{rel}","templated":true}]}}