{"id":156846,"date":"2025-07-25T10:49:57","date_gmt":"2025-07-25T09:49:57","guid":{"rendered":"https:\/\/die-webzeitung.de\/stuttgart\/?p=156846"},"modified":"2025-07-25T10:49:57","modified_gmt":"2025-07-25T09:49:57","slug":"projekte-zur-staerkung-von-demokratie-und-toleranz","status":"publish","type":"post","link":"https:\/\/die-webzeitung.de\/stuttgart\/2025\/07\/25\/projekte-zur-staerkung-von-demokratie-und-toleranz\/","title":{"rendered":"Projekte zur St\u00e4rkung von Demokratie und Toleranz"},"content":{"rendered":"<h4 style=\"text-align: justify;\"><strong>Projektf\u00f6rderung bis Anfang September beantragen<\/strong><\/h4>\n<p style=\"text-align: justify;\">Im Landkreis Esslingen werden Ideen f\u00fcr Projekte zur Demokratief\u00f6rderung und Extremismuspr\u00e4vention gesucht. F\u00fcr diese gibt es unter bestimmten Bedingungen F\u00f6rdermittel. Gemeinn\u00fctzige, nichtstaatliche Tr\u00e4ger haben noch wenige Wochen Zeit, bei der Fachstelle Demokratie und Toleranz des Landratsamtes einen Projektantrag im Rahmen des Aktionsprogramms f\u00fcr Demokratie und Toleranz zu stellen. Die Antragsfrist endet am 8. September.<\/p>\n<p style=\"text-align: justify;\">Die Umsetzung dieser Projektf\u00f6rderung wird durch das Bundesprogramm \u201eDemokratie leben!\u201c des Bundesministeriums f\u00fcr Bildung, Familie, Senioren, Frauen und Jugend unterst\u00fctzt. Es stehen dem Landkreis Esslingen f\u00fcr diesen Zweck im Jahr 2025 noch 100.800 Euro an Bundesmitteln zur Verf\u00fcgung. Davon sind 22.800 Euro f\u00fcr Jugendprojekte reserviert.<\/p>\n<p style=\"text-align: justify;\">Die Projekte sollen m\u00f6glichst eine breite \u00d6ffentlichkeit im Landkreis Esslingen adressieren sowie nachhaltig ausgerichtet sein. Sie m\u00fcssen sich dar\u00fcber hinaus \u00fcber Neuheitsgrad und Innovationscharakter auszeichnen. Im Fokus der F\u00f6rderung stehen Kinder und Jugendliche sowie ihr Umfeld.<\/p>\n<p style=\"text-align: justify;\">Die m\u00f6glichen Formate reichen von ein- wie mehrt\u00e4gigen Workshops, Diskussionsveranstaltungen, \u00fcber Beteiligungsaktionen bis hin zu Kunstprojekten und Lesungen. Das Aktionsprogramm lebt von der Vielfalt der Projekttr\u00e4ger und ihrer Ans\u00e4tze.<\/p>\n<p style=\"text-align: justify;\"><strong>Informationen und Kontakt<\/strong><\/p>\n<p style=\"text-align: justify;\">Informationen und das Antragsformular finden interessierte Initiativen und Tr\u00e4ger auf den Seiten des Aktionsprogramms f\u00fcr Demokratie und Toleranz unter <a href=\"http:\/\/www.land-kreis-esslingen.de\" target=\"_blank\" rel=\"noopener\">www.land-kreis-esslingen.de<\/a>, Suchbegriff \u201eDemokratie und Toleranz\u201c. Alle Fragen rund um die Antragstellung beantwortet die Fachstelle Demokratie und Toleranz des Landkreises Esslingen, Kontakt: Rafael Jancen, E-Mail: <a href=\"mailto:aktionsprogramm-demokratie@lra-es.de\" target=\"_blank\" rel=\"noopener\">aktionsprogramm-demokratie@lra-es.de<\/a> oder Telefon 0711 3902-44380.<\/p>\n<hr \/>\n<p style=\"text-align: justify;\">\n","protected":false},"excerpt":{"rendered":"<p>Projektf\u00f6rderung bis Anfang September beantragen Im Landkreis Esslingen werden Ideen f\u00fcr Projekte zur Demokratief\u00f6rderung und Extremismuspr\u00e4vention gesucht. F\u00fcr diese gibt es unter bestimmten Bedingungen F\u00f6rdermittel. Gemeinn\u00fctzige, nichtstaatliche Tr\u00e4ger haben noch wenige Wochen Zeit, bei der Fachstelle Demokratie und Toleranz des Landratsamtes einen Projektantrag im Rahmen des Aktionsprogramms f\u00fcr Demokratie und Toleranz zu stellen. Die Antragsfrist [&hellip;]<\/p>\n","protected":false},"author":4,"featured_media":156847,"comment_status":"closed","ping_status":"open","sticky":false,"template":"","format":"standard","meta":{"inline_featured_image":false,"_exactmetrics_skip_tracking":false,"_exactmetrics_sitenote_active":false,"_exactmetrics_sitenote_note":"","_exactmetrics_sitenote_category":0,"footnotes":""},"categories":[59,2247],"tags":[9848,14857,14440,68,9879],"class_list":{"0":"post-156846","1":"post","2":"type-post","3":"status-publish","4":"format-standard","5":"has-post-thumbnail","7":"category-aktuell","8":"category-kreis-esslingen","9":"tag-demokratie","10":"tag-die-webzeitung","11":"tag-esslingen","12":"tag-online-zeitung","13":"tag-toleranz"},"image_feature":"https:\/\/die-webzeitung.de\/stuttgart\/wp-content\/uploads\/sites\/4\/2025\/07\/parade-8170995_1280-scaled.jpg","author_name":"Redaktion","pure_taxonomies":{"categories":[{"term_id":59,"name":"Aktuell","slug":"aktuell","term_group":0,"term_taxonomy_id":60,"taxonomy":"category","description":"","parent":0,"count":1017,"filter":"raw","image":""},{"term_id":2247,"name":"Kreis Esslingen","slug":"kreis-esslingen","term_group":0,"term_taxonomy_id":2260,"taxonomy":"category","description":"Informationen aus dem Landkreis Esslingen","parent":171,"count":214,"filter":"raw","image":""}],"tags":[{"term_id":9848,"name":"Demokratie","slug":"demokratie","term_group":0,"term_taxonomy_id":9879,"taxonomy":"post_tag","description":"","parent":0,"count":1,"filter":"raw","image":""},{"term_id":14857,"name":"Die-Webzeitung","slug":"die-webzeitung","term_group":0,"term_taxonomy_id":14876,"taxonomy":"post_tag","description":"","parent":0,"count":3623,"filter":"raw","image":""},{"term_id":14440,"name":"Esslingen","slug":"esslingen","term_group":0,"term_taxonomy_id":3885,"taxonomy":"post_tag","description":"","parent":0,"count":202,"filter":"raw","image":""},{"term_id":68,"name":"Online-Zeitung","slug":"online-zeitung","term_group":0,"term_taxonomy_id":69,"taxonomy":"post_tag","description":"","parent":0,"count":3593,"filter":"raw","image":""},{"term_id":9879,"name":"Toleranz","slug":"toleranz","term_group":0,"term_taxonomy_id":9910,"taxonomy":"post_tag","description":"","parent":0,"count":1,"filter":"raw","image":""}]},"_links":{"self":[{"href":"https:\/\/die-webzeitung.de\/stuttgart\/wp-json\/wp\/v2\/posts\/156846","targetHints":{"allow":["GET"]}}],"collection":[{"href":"https:\/\/die-webzeitung.de\/stuttgart\/wp-json\/wp\/v2\/posts"}],"about":[{"href":"https:\/\/die-webzeitung.de\/stuttgart\/wp-json\/wp\/v2\/types\/post"}],"author":[{"embeddable":true,"href":"https:\/\/die-webzeitung.de\/stuttgart\/wp-json\/wp\/v2\/users\/4"}],"replies":[{"embeddable":true,"href":"https:\/\/die-webzeitung.de\/stuttgart\/wp-json\/wp\/v2\/comments?post=156846"}],"version-history":[{"count":1,"href":"https:\/\/die-webzeitung.de\/stuttgart\/wp-json\/wp\/v2\/posts\/156846\/revisions"}],"predecessor-version":[{"id":156848,"href":"https:\/\/die-webzeitung.de\/stuttgart\/wp-json\/wp\/v2\/posts\/156846\/revisions\/156848"}],"wp:featuredmedia":[{"embeddable":true,"href":"https:\/\/die-webzeitung.de\/stuttgart\/wp-json\/wp\/v2\/media\/156847"}],"wp:attachment":[{"href":"https:\/\/die-webzeitung.de\/stuttgart\/wp-json\/wp\/v2\/media?parent=156846"}],"wp:term":[{"taxonomy":"category","embeddable":true,"href":"https:\/\/die-webzeitung.de\/stuttgart\/wp-json\/wp\/v2\/categories?post=156846"},{"taxonomy":"post_tag","embeddable":true,"href":"https:\/\/die-webzeitung.de\/stuttgart\/wp-json\/wp\/v2\/tags?post=156846"}],"curies":[{"name":"wp","href":"https:\/\/api.w.org\/{rel}","templated":true}]}}