{"id":156830,"date":"2025-07-23T12:33:04","date_gmt":"2025-07-23T11:33:04","guid":{"rendered":"https:\/\/die-webzeitung.de\/stuttgart\/2025\/07\/23\/umsatzrueckgang-bei-trumpf\/"},"modified":"2025-07-23T12:33:04","modified_gmt":"2025-07-23T11:33:04","slug":"umsatzrueckgang-bei-trumpf","status":"publish","type":"post","link":"https:\/\/die-webzeitung.de\/stuttgart\/2025\/07\/23\/umsatzrueckgang-bei-trumpf\/","title":{"rendered":"Umsatzr\u00fcckgang bei TRUMPF"},"content":{"rendered":"<h4 style=\"text-align: justify;\"><strong>Leibinger-Kamm\u00fcller: Talsohle erreicht<\/strong><\/h4>\n<p style=\"text-align: justify;\"><strong>Hochtechnologie-Unternehmen ver\u00f6ffentlicht vorl\u00e4ufige Zahlen f\u00fcr das Gesch\u00e4ftsjahr 2024\/25: Der Umsatz liegt mit 4,3 Milliarden Euro rund 16 Prozent unter Vorjahr, der Auftragseingang sinkt um rund 7 Prozent auf 4,2 Milliarden Euro.<\/strong><\/p>\n<p style=\"text-align: justify;\">Ditzingen.| TRUMPF beendet das Gesch\u00e4ftsjahr wie erwartet mit r\u00fcckl\u00e4ufigem Umsatz und Auftragseingang. Nach vorl\u00e4ufigen Berechnungen erzielte das Unternehmen im Gesch\u00e4ftsjahr 2024\/25 (Stichtag 30. Juni 2025) einen Umsatz von 4,3 Milliarden Euro (Gesch\u00e4ftsjahr 2023\/24: 5,2 Milliarden Euro) und einen Auftragseingang von 4,2 Milliarden Euro (Vorjahr 4,6 Milliarden Euro). Im Heimatmarkt Deutschland sank der Umsatz um 15 Prozent auf rund 700 Millionen Euro (Vorjahr: 824 Millionen Euro). Deutschland blieb damit umsatzst\u00e4rkster Einzelmarkt. In den USA musste TRUMPF ebenfalls einen Umsatzr\u00fcckgang verzeichnen. Dieser ging um 17 Prozent auf etwa 660 Millionen Euro zur\u00fcck (Vorjahr: 796 Millionen Euro). Trotz eines Umsatzr\u00fcckgangs um 22 Prozent war China mit rund 480 Millionen Euro Umsatz (Vorjahr: 615 Millionen Euro) erneut st\u00e4rkster asiatischer Einzelmarkt.<\/p>\n<p style=\"text-align: justify;\">TRUMPF Chefin Nicola Leibinger-Kamm\u00fcller sagte: \u201eWeder konjunkturell noch geopolitisch gab es im dritten Krisenjahr in Folge Anzeichen f\u00fcr eine echte Trendwende. Wir gehen dennoch davon aus, nun die Talsohle erreicht zu haben. Auftragseingang und Umsatz haben sich auf einem aus unserer Sicht fraglos deutlich zu niedrigem Niveau stabilisiert.\u201c TRUMPF habe auf die anhaltend schwache Nachfrage mit klaren Ma\u00dfnahmen zur Ergebnisverbesserung reagiert. Dazu geh\u00f6rte auch ein Stellenabbau sowie Einschnitte bei externen Dienstleistungen oder Neuinvestitionen in Geb\u00e4ude. \u201eDiese Ma\u00dfnahmen wirken\u201c, so Leibinger-Kamm\u00fcller. \u201eWir haben fast Unglaubliches vollbracht und rund 350 Millionen Euro eingespart. Das war eine Leistung des Unternehmens, die bisweilen an eine Rosskur erinnerte.\u201c<\/p>\n<p style=\"text-align: justify;\">Die Zahl der Mitarbeiterinnen und Mitarbeiter betrug zum Stichtag 30.06.2025 gruppenweit 17.750. In Deutschland waren rund 8.900 Mitarbeiter t\u00e4tig, davon etwa 5.900 am Stammsitz in Ditzingen.<\/p>\n<hr \/>\n<p style=\"text-align: justify;\">\n","protected":false},"excerpt":{"rendered":"<p>Leibinger-Kamm\u00fcller: Talsohle erreicht Hochtechnologie-Unternehmen ver\u00f6ffentlicht vorl\u00e4ufige Zahlen f\u00fcr das Gesch\u00e4ftsjahr 2024\/25: Der Umsatz liegt mit 4,3 Milliarden Euro rund 16 Prozent unter Vorjahr, der Auftragseingang sinkt um rund 7 Prozent auf 4,2 Milliarden Euro. Ditzingen.| TRUMPF beendet das Gesch\u00e4ftsjahr wie erwartet mit r\u00fcckl\u00e4ufigem Umsatz und Auftragseingang. Nach vorl\u00e4ufigen Berechnungen erzielte das Unternehmen im Gesch\u00e4ftsjahr 2024\/25 [&hellip;]<\/p>\n","protected":false},"author":4,"featured_media":0,"comment_status":"closed","ping_status":"open","sticky":false,"template":"","format":"standard","meta":{"inline_featured_image":false,"_exactmetrics_skip_tracking":false,"_exactmetrics_sitenote_active":false,"_exactmetrics_sitenote_note":"","_exactmetrics_sitenote_category":0,"footnotes":""},"categories":[479],"tags":[14857,114,68,15388],"class_list":{"0":"post-156830","1":"post","2":"type-post","3":"status-publish","4":"format-standard","6":"category-wirtschaft","7":"tag-die-webzeitung","8":"tag-ditzingen","9":"tag-online-zeitung","10":"tag-trumpf"},"image_feature":null,"author_name":"Redaktion","pure_taxonomies":{"categories":[{"term_id":479,"name":"Wirtschaft","slug":"wirtschaft","term_group":0,"term_taxonomy_id":1941,"taxonomy":"category","description":"","parent":0,"count":281,"filter":"raw","image":""}],"tags":[{"term_id":14857,"name":"Die-Webzeitung","slug":"die-webzeitung","term_group":0,"term_taxonomy_id":14876,"taxonomy":"post_tag","description":"","parent":0,"count":3623,"filter":"raw","image":""},{"term_id":114,"name":"Ditzingen","slug":"ditzingen","term_group":0,"term_taxonomy_id":116,"taxonomy":"post_tag","description":"","parent":0,"count":10,"filter":"raw","image":""},{"term_id":68,"name":"Online-Zeitung","slug":"online-zeitung","term_group":0,"term_taxonomy_id":69,"taxonomy":"post_tag","description":"","parent":0,"count":3593,"filter":"raw","image":""},{"term_id":15388,"name":"Trumpf","slug":"trumpf","term_group":0,"term_taxonomy_id":15407,"taxonomy":"post_tag","description":"","parent":0,"count":14,"filter":"raw","image":""}]},"_links":{"self":[{"href":"https:\/\/die-webzeitung.de\/stuttgart\/wp-json\/wp\/v2\/posts\/156830","targetHints":{"allow":["GET"]}}],"collection":[{"href":"https:\/\/die-webzeitung.de\/stuttgart\/wp-json\/wp\/v2\/posts"}],"about":[{"href":"https:\/\/die-webzeitung.de\/stuttgart\/wp-json\/wp\/v2\/types\/post"}],"author":[{"embeddable":true,"href":"https:\/\/die-webzeitung.de\/stuttgart\/wp-json\/wp\/v2\/users\/4"}],"replies":[{"embeddable":true,"href":"https:\/\/die-webzeitung.de\/stuttgart\/wp-json\/wp\/v2\/comments?post=156830"}],"version-history":[{"count":0,"href":"https:\/\/die-webzeitung.de\/stuttgart\/wp-json\/wp\/v2\/posts\/156830\/revisions"}],"wp:attachment":[{"href":"https:\/\/die-webzeitung.de\/stuttgart\/wp-json\/wp\/v2\/media?parent=156830"}],"wp:term":[{"taxonomy":"category","embeddable":true,"href":"https:\/\/die-webzeitung.de\/stuttgart\/wp-json\/wp\/v2\/categories?post=156830"},{"taxonomy":"post_tag","embeddable":true,"href":"https:\/\/die-webzeitung.de\/stuttgart\/wp-json\/wp\/v2\/tags?post=156830"}],"curies":[{"name":"wp","href":"https:\/\/api.w.org\/{rel}","templated":true}]}}