{"id":156815,"date":"2025-07-26T19:48:48","date_gmt":"2025-07-26T18:48:48","guid":{"rendered":"https:\/\/die-webzeitung.de\/stuttgart\/?p=156815"},"modified":"2025-07-27T10:05:24","modified_gmt":"2025-07-27T09:05:24","slug":"trotz-schwieriger-rahmenbedingungen-stuttgart-baut-den-oepnv-weiter-aus","status":"publish","type":"post","link":"https:\/\/die-webzeitung.de\/stuttgart\/2025\/07\/26\/trotz-schwieriger-rahmenbedingungen-stuttgart-baut-den-oepnv-weiter-aus\/","title":{"rendered":"Trotz schwieriger Rahmenbedingungen: Stuttgart baut den \u00d6PNV weiter aus"},"content":{"rendered":"<p style=\"text-align: justify;\">Stuttgart.| Die Landeshauptstadt Stuttgart h\u00e4lt trotz angespannter Haushaltslage am Ausbau des \u00f6ffentlichen Nahverkehrs (\u00d6PNV) fest. In einer heutigen \u00f6ffentlichen Sitzung des Gemeinderatsausschusses informierten Oberb\u00fcrgermeister Dr. Frank Nopper und das\u00a0Grundsatzreferat \u00fcber die aktualisierte Ausbauplanung der Stuttgarter Stra\u00dfenbahnen AG\u00a0(SSB). Zwar m\u00fcssen die Ma\u00dfnahmen aufgrund der aktuellen finanziellen\u00a0Rahmenbedingungen modifiziert werden, dennoch soll der Ausbau des \u00d6PNV fortgesetzt werden \u2013 wenn auch in angepasstem Tempo.<\/p>\n<p style=\"text-align: justify;\">Oberb\u00fcrgermeister Dr. Frank Nopper: \u201eWir m\u00fcssen nunmehr leider auch beim \u00d6PNV auf die Kostenbremse treten. Wegen der schwierigen Haushaltslage schlagen wir aber vor, weniger als bisher geplant f\u00fcr den \u00d6PNV auszugeben. Diese im Vergleich zu anderen Gro\u00dfst\u00e4dten sehr ma\u00dfvolle und sehr moderate Kostenreduktion zeigt, wie hoch der Stellenwert des\u00a0\u00d6PNV aus unserer Sicht ist.\u201c<\/p>\n<h4 style=\"text-align: justify;\"><strong>Finanzielle Belastungen steigen deutlich<\/strong><\/h4>\n<p style=\"text-align: justify;\">Die SSB sieht sich in den kommenden Jahren mit erheblich steigenden Ausgaben konfrontiert. Gr\u00fcnde daf\u00fcr sind unter anderem tarifvertraglich vereinbarte\u00a0Arbeitszeitverk\u00fcrzungen, steigende Investitionen in Infrastruktur und Fahrzeuge sowie der Ausbau des Angebots und h\u00f6here Kosten im Bereich Klimaschutz. Ohne dynamisch wachsende Einnahmen durch Bund und L\u00e4nder rechnet die Stadt mit einem Anstieg des j\u00e4hrlichen Defizits der SSB auf \u00fcber 200 Millionen Euro.<\/p>\n<p style=\"text-align: justify;\">Der Oberb\u00fcrgermeister, der zugleich stellvertretender Pr\u00e4sident des Deutschen St\u00e4dtetags ist, fordert Bund und L\u00e4nder daher auf, ihrer finanziellen Verantwortung nachzukommen: Derzeit bestimmen sie \u00fcber rund 80 Prozent der Einnahmen der SSB \u2013 vor allem infolge der Einf\u00fchrung des Deutschlandtickets. Bleibt eine angemessene Finanzierung aus, drohen substanzielle Einschr\u00e4nkungen beim heutigen \u00d6PNV-Angebot.<\/p>\n<h4 style=\"text-align: justify;\"><strong>Ausbau geht weiter \u2013 mit gezielten Ma\u00dfnahmen<\/strong><\/h4>\n<p style=\"text-align: justify;\">Trotz der angespannten Lage sollen wichtige Ausbauprojekte wie geplant umgesetzt werden. So wird ab dem kommenden Jahr die Stadtbahnlinie U1 (Fellbach &#8211; Heslach) mit 80-MeterZ\u00fcgen betrieben, wodurch das Platzangebot auf dieser zentralen Linie verdoppelt wird.<\/p>\n<p style=\"text-align: justify;\">Weitere Ma\u00dfnahmen, die realisiert werden sollen:<\/p>\n<ul style=\"text-align: justify;\">\n<li>Bau eines neuen Stadtbahnbetriebshofs in Weilimdorf<\/li>\n<li>Verl\u00e4ngerung der Linie U13 bis Hausen<\/li>\n<li>Ausbau der Linie U19 (Verl\u00e4ngerung bis zum Mercedes-Werk sowie Taktverdichtungen)<\/li>\n<li>H\u00e4ufigere Fahrten der Buslinie 65 zum Flughafen nach Inbetriebnahme des neuen Bahnhofs<\/li>\n<li>Taktverdichtung der stark frequentierten Buslinie 42 auf einen 5-Minuten-Takt in der Hauptverkehrszeit<\/li>\n<li>Priorisierung statt Streichung: Projekte auf Stand-by<\/li>\n<\/ul>\n<p style=\"text-align: justify;\">Um den Haushalt strukturell zu entlasten, schlagen die Stadtverwaltung und die SSB vor, vorerst auf die verbindliche Umsetzung einiger geplanter Projekte zu verzichten. Ziel ist es,\u00a0den Wirtschaftsplan der SSB j\u00e4hrlich um 25 Millionen Euro zu entlasten. Zu den Ma\u00dfnahmen, die vorl\u00e4ufig zur\u00fcckgestellt werden, z\u00e4hlen unter anderem:<\/p>\n<ul style=\"text-align: justify;\">\n<li>Verl\u00e4ngerter 10-Minuten-Takt der Stadtbahn am Abend<\/li>\n<li>Einf\u00fchrung eines Nachtverkehrs der Stadtbahn<\/li>\n<li>Verbesserungen auf der Linie U8 auf den Fildern<\/li>\n<\/ul>\n<p style=\"text-align: justify;\">Diese Projekte sollen weiterhin planerisch vorbereitet werden, um bei einer Verbesserung der finanziellen Lage z\u00fcgig umsetzbar zu sein. In Summe k\u00f6nnen so \u00fcber einen Zeitraum von f\u00fcnf Jahren rund 100 Millionen Euro eingespart werden.<\/p>\n<h4 style=\"text-align: justify;\"><strong>Bund und L\u00e4nder gefordert \u2013 Konsequenzen bei Nichthandeln<\/strong><\/h4>\n<p style=\"text-align: justify;\">Mit der Einf\u00fchrung des Deutschlandtickets hat sich das Einnahmenmodell f\u00fcr\u00a0Verkehrsunternehmen grundlegend ver\u00e4ndert. W\u00e4hrend fr\u00fcher die Verkehrsunternehmen gemeinsam mit den Aufgabentr\u00e4gern im Verkehrsverbund Stuttgart (VVS) \u00fcber Tarife entscheiden konnten, beeinflussen nun Bund und L\u00e4nder \u00fcber das Deutschlandticket die Einnahmen der SSB.<\/p>\n<p style=\"text-align: justify;\">Sollte es nicht gelingen, eine langfristige und ausk\u00f6mmliche Finanzierung des \u00d6PNV sicherzustellen, k\u00f6nnten Angebotsreduzierungen auch in Stuttgart unvermeidlich werden. Aktuell diskutieren bereits St\u00e4dte wie Heidelberg, Karlsruhe oder T\u00fcbingen K\u00fcrzungen im Nahverkehr oder haben diese bereits umgesetzt.<\/p>\n<p style=\"text-align: justify;\">Rund 230.000 Stuttgarterinnen und Stuttgarter nutzen aktuell das Deutschlandticket. Der Anteil der mit dem \u00d6PNV zur\u00fcckgelegten Wege liegt bei 26 Prozent \u2013 ein deutlicher Anstieg im Vergleich zu den von der Corona-Pandemie gepr\u00e4gten Vorjahren.<\/p>\n<p style=\"text-align: justify;\">Die Investitionen der vergangenen Jahre zeigen bereits Wirkung: Die Platzkilometer im Stadtbahnnetz steigen von 5.252 Millionen Kilometer im Jahr 2021 auf 5.407 Millionen Kilometer im Jahr 2025. 92 Prozent der Fahrg\u00e4ste bewerten die Leistungen der SSB positiv. Neue Stadtbahnprojekte wie die Linie U12 mit 80-Meter-Z\u00fcgen, die Verl\u00e4ngerung der U6 zum Flughafen und der U5 zum Neuen Markt in Leinfelden wurden bereits umgesetzt. Auch der Busverkehr wurde deutlich verbessert: Seit Dezember 2023 verkehren alle Innenstadtbuslinien abends eine Stunde l\u00e4nger im 10-Minuten-Takt. Zudem wurde das Nachtbusangebot im Juli 2021 auf die N\u00e4chte von Sonntag bis Mittwoch ausgeweitet.<\/p>\n<p style=\"text-align: justify;\">Die Platzkilometer im Busverkehr stiegen von 1.275 Millionen Kilometer (2021) auf 1.321 Millionen Kilometer (2025). Parallel ist die Umstellung der Busflotte auf klimaneutrale Antriebe im Gange.<\/p>\n<p style=\"text-align: justify;\">Zur Erkl\u00e4rung: Der Platzkilometer ist eine Recheneinheit im \u00f6ffentlichen Personenverkehr. Er bezeichnet das Produkt der von einem Verkehrsunternehmen angebotenen Fahrgastpl\u00e4tzen und dem vom jeweiligen Verkehrsmittel zur\u00fcckgelegten Weg.<\/p>\n<hr \/>\n<p style=\"text-align: justify;\">\n","protected":false},"excerpt":{"rendered":"<p>Stuttgart.| Die Landeshauptstadt Stuttgart h\u00e4lt trotz angespannter Haushaltslage am Ausbau des \u00f6ffentlichen Nahverkehrs (\u00d6PNV) fest. In einer heutigen \u00f6ffentlichen Sitzung des Gemeinderatsausschusses informierten Oberb\u00fcrgermeister Dr. Frank Nopper und das\u00a0Grundsatzreferat \u00fcber die aktualisierte Ausbauplanung der Stuttgarter Stra\u00dfenbahnen AG\u00a0(SSB). Zwar m\u00fcssen die Ma\u00dfnahmen aufgrund der aktuellen finanziellen\u00a0Rahmenbedingungen modifiziert werden, dennoch soll der Ausbau des \u00d6PNV fortgesetzt werden [&hellip;]<\/p>\n","protected":false},"author":4,"featured_media":156816,"comment_status":"closed","ping_status":"open","sticky":false,"template":"","format":"standard","meta":{"inline_featured_image":false,"_exactmetrics_skip_tracking":false,"_exactmetrics_sitenote_active":false,"_exactmetrics_sitenote_note":"","_exactmetrics_sitenote_category":0,"footnotes":""},"categories":[2239],"tags":[14857,68,9485,275,317],"class_list":{"0":"post-156815","1":"post","2":"type-post","3":"status-publish","4":"format-standard","5":"has-post-thumbnail","7":"category-stuttgart-lokal","8":"tag-die-webzeitung","9":"tag-online-zeitung","10":"tag-opnv","11":"tag-stuttgart","12":"tag-vvs"},"image_feature":"https:\/\/die-webzeitung.de\/stuttgart\/wp-content\/uploads\/sites\/4\/2025\/07\/stuttgart-5122709_1280-scaled.jpg","author_name":"Redaktion","pure_taxonomies":{"categories":[{"term_id":2239,"name":"Stuttgart","slug":"stuttgart-lokal","term_group":0,"term_taxonomy_id":2252,"taxonomy":"category","description":"Berichte und Informationen aus Stuttgart","parent":1433,"count":941,"filter":"raw","image":""}],"tags":[{"term_id":14857,"name":"Die-Webzeitung","slug":"die-webzeitung","term_group":0,"term_taxonomy_id":14876,"taxonomy":"post_tag","description":"","parent":0,"count":3623,"filter":"raw","image":""},{"term_id":68,"name":"Online-Zeitung","slug":"online-zeitung","term_group":0,"term_taxonomy_id":69,"taxonomy":"post_tag","description":"","parent":0,"count":3593,"filter":"raw","image":""},{"term_id":9485,"name":"\u00d6PNV","slug":"opnv","term_group":0,"term_taxonomy_id":9515,"taxonomy":"post_tag","description":"","parent":0,"count":7,"filter":"raw","image":""},{"term_id":275,"name":"Stuttgart","slug":"stuttgart","term_group":0,"term_taxonomy_id":281,"taxonomy":"post_tag","description":"","parent":0,"count":1194,"filter":"raw","image":""},{"term_id":317,"name":"VVS","slug":"vvs","term_group":0,"term_taxonomy_id":323,"taxonomy":"post_tag","description":"","parent":0,"count":25,"filter":"raw","image":""}]},"_links":{"self":[{"href":"https:\/\/die-webzeitung.de\/stuttgart\/wp-json\/wp\/v2\/posts\/156815","targetHints":{"allow":["GET"]}}],"collection":[{"href":"https:\/\/die-webzeitung.de\/stuttgart\/wp-json\/wp\/v2\/posts"}],"about":[{"href":"https:\/\/die-webzeitung.de\/stuttgart\/wp-json\/wp\/v2\/types\/post"}],"author":[{"embeddable":true,"href":"https:\/\/die-webzeitung.de\/stuttgart\/wp-json\/wp\/v2\/users\/4"}],"replies":[{"embeddable":true,"href":"https:\/\/die-webzeitung.de\/stuttgart\/wp-json\/wp\/v2\/comments?post=156815"}],"version-history":[{"count":2,"href":"https:\/\/die-webzeitung.de\/stuttgart\/wp-json\/wp\/v2\/posts\/156815\/revisions"}],"predecessor-version":[{"id":156818,"href":"https:\/\/die-webzeitung.de\/stuttgart\/wp-json\/wp\/v2\/posts\/156815\/revisions\/156818"}],"wp:featuredmedia":[{"embeddable":true,"href":"https:\/\/die-webzeitung.de\/stuttgart\/wp-json\/wp\/v2\/media\/156816"}],"wp:attachment":[{"href":"https:\/\/die-webzeitung.de\/stuttgart\/wp-json\/wp\/v2\/media?parent=156815"}],"wp:term":[{"taxonomy":"category","embeddable":true,"href":"https:\/\/die-webzeitung.de\/stuttgart\/wp-json\/wp\/v2\/categories?post=156815"},{"taxonomy":"post_tag","embeddable":true,"href":"https:\/\/die-webzeitung.de\/stuttgart\/wp-json\/wp\/v2\/tags?post=156815"}],"curies":[{"name":"wp","href":"https:\/\/api.w.org\/{rel}","templated":true}]}}