{"id":156772,"date":"2025-07-19T18:00:06","date_gmt":"2025-07-19T17:00:06","guid":{"rendered":"https:\/\/die-webzeitung.de\/stuttgart\/?p=156772"},"modified":"2025-07-19T18:00:06","modified_gmt":"2025-07-19T17:00:06","slug":"30-jahre-medien-und-filmgesellschaft-baden-wuerttemberg","status":"publish","type":"post","link":"https:\/\/die-webzeitung.de\/stuttgart\/2025\/07\/19\/30-jahre-medien-und-filmgesellschaft-baden-wuerttemberg\/","title":{"rendered":"30 Jahre Medien- und Filmgesellschaft Baden-W\u00fcrttemberg"},"content":{"rendered":"<h4 style=\"text-align: justify;\"><strong>Rund 600 G\u00e4ste feiern das Jubil\u00e4um der MFG Medien- und Filmgesellschaft Baden-W\u00fcrttemberg in den Stuttgarter Wagenhallen. Die Festrede hielt Ministerpr\u00e4sident Winfried Kretschmann.<\/strong><\/h4>\n<p style=\"text-align: justify;\">Stuttgart.| Mit einem festlichen Abend in den Stuttgarter Wagenhallen hat die MFG Baden-W\u00fcrttemberg ihr 30-j\u00e4hriges Bestehen gefeiert. Rund 600 G\u00e4ste aus dem gesamten Bundesgebiet \u2013 darunter Vertreter*innen aus Politik, Kultur, Film, Medien und Kreativwirtschaft \u2013 kamen zusammen, um gemeinsam mit dem Land und dem SWR, den beiden Gesellschaftern der MFG, auf drei Jahrzehnte erfolgreicher F\u00f6rder- und Vernetzungsarbeit zur\u00fcckzublicken. Ministerpr\u00e4sident Winfried Kretschmann hielt die Festrede.<\/p>\n<p style=\"text-align: justify;\">\u201eBaden-W\u00fcrttemberg ist ,Film-L\u00e4nd\u2018. Und ein Blick auf 30 Jahre MFG zeigt strahlende Erfolge \u2013 ob im Bereich Film, Animation oder Games. Die MFG hat immer ein gutes H\u00e4ndchen bewiesen, welche Stoffe, Ideen und Menschen unterst\u00fctzt werden m\u00fcssen\u201c, so Ministerpr\u00e4sident Winfried Kretschmann. \u201eIn der Kultur- und Kreativwirtschaft arbeiten hierzulande fast 200.000 Menschen. Dieser Wirtschaftszweig ist f\u00fcr uns von \u00fcberragender Bedeutung \u2013 auch als Teil der wirtschaftlichen Transformation. Denn Filmkultur, Filmwirtschaft, Kultur und Kreativwirtschaft und die digitale Kultur in unseren Museen sind echte Innovationstreiber und wichtige Bestandteile der Landespolitik. Deswegen setzt sich die Landesregierung auch daf\u00fcr ein, dass die Filmf\u00f6rderreform des Bundes die strukturellen Besonderheiten unseres Filmlands ber\u00fccksichtigt.\u201c<\/p>\n<p style=\"text-align: justify;\">Auch der S\u00fcdwestrundfunk als zweiter Gesellschafter der MFG betonte die Bedeutung der Institution f\u00fcr die kulturelle Infrastruktur des Landes. SWR-Intendant Prof. Dr. Kai Gniffke: \u201eDie MFG ist kreativer Motor und M\u00f6glichmacher. Sie verbindet Visionen mit verl\u00e4sslichen Strukturen und gibt denen R\u00fcckenwind, die mit Filmen, Games und kreativen Ideen unsere Gesellschaft pr\u00e4gen. Die Zusammenarbeit bei der Filmreihe \u201eDeb\u00fct im Dritten\u201c oder die Kooperation \u201eJunger Dokumentarfilm\u201c sind herausragende Beispiele. F\u00fcr den SWR ist es ein besonderes Anliegen zwischen Kreativen, Institutionen und der \u00d6ffentlichkeit einen vertrauensvollen Raum f\u00fcr den Austausch zu schaffen\u201c.<\/p>\n<p style=\"text-align: justify;\">MFG-Gesch\u00e4ftsf\u00fchrer Carl Bergengruen: \u201eWir haben allen Grund zum Feiern. Mit unserer F\u00f6rderung entstanden herausragende, vielfach ausgezeichnete Spielfilme, Dokumentarfilme und Games made in Baden-W\u00fcrttemberg. Wir haben Baden-W\u00fcrttemberg zum f\u00fchrenden deutschen Standort im Bereich Animationsfilm und digitale Spielfilmherstellung gemacht. Die Kreativwirtschaft in Baden-W\u00fcrttemberg, die wir unterst\u00fctzen, behauptet sich im harten Standortwettbewerb.\u201c<\/p>\n<p style=\"text-align: justify;\">Der Festakt stand unter dem Motto \u201eHerz des Film- und Kreativstandorts\u201c und nahm die G\u00e4ste mit auf eine multimediale Reise durch die Wirkungsgeschichte der MFG. Neben der Festrede des Ministerpr\u00e4sidenten bot die Jubil\u00e4umsveranstaltung filmische Eindr\u00fccke, pers\u00f6nliche R\u00fcckblicke, Interviews mit den Gesellschaftern sowie Ausblicke auf Zukunftstrends durch das Forschungsinstitut Goldmedia.<\/p>\n<h4 style=\"text-align: justify;\"><strong>Drei Jahrzehnte f\u00fcr Film, Kultur und Kreativwirtschaft<\/strong><\/h4>\n<p style=\"text-align: justify;\">Gegr\u00fcndet 1995 als gemeinsame Initiative von Land und SWR, steht die MFG heute f\u00fcr eine in Deutschland einzigartige Verbindung aus Filmf\u00f6rderung und branchen\u00fcbergreifender Kreativwirtschaftsf\u00f6rderung. Im Gesch\u00e4ftsbereich Filmf\u00f6rderung begleitet die MFG anspruchsvolle Kino- und Fernsehproduktionen von der Stoffentwicklung bis zum Kinostart \u2013 mit besonderem Fokus auf Animation, visuelle Effekte und Nachwuchstalente. Erfolgreiche MFG-gef\u00f6rderte Projekte reichen von \u201eThe Grand Budapest Hotel\u201c \u00fcber \u201eSystemsprenger\u201c bis zu \u201eDie Schule der magischen Tiere\u201c und \u201eHouse Of\u00a0 The Dragon\u201c. Allein im Jahr 2024 errangen MFG-gef\u00f6rderte Spielfilme wie \u201eNo Dogs Allowed\u201c, \u201eEin Mann seiner Klasse\u201c oder \u201cTreasure \u2013 Familie ist ein fremdes Land\u201c und Dokumentarfilme wie \u201eDas leere Grab\u201c, \u201eTotal Trust\u201c und \u201eMoria Six\u201c mehr als 40 nationale wie internationale Preise.<\/p>\n<p style=\"text-align: justify;\">Mit der Einf\u00fchrung der sogenannten Line-Producer-F\u00f6rderung im Jahr 2014 legte die MFG den Grundstein daf\u00fcr, dass Baden-W\u00fcrttemberg heute als f\u00fchrender deutscher Standort im Bereich des Animationsfilms und der digitalen Spielfilmherstellung gilt. Laut einer aktuellen Studie des Forschungsinstituts Goldmedia ist der Umsatz der hiesigen Animations- und VFX-Branche zwischen 2010 bis 2023 um 800 Prozent gestiegen \u2013 und erreicht l\u00e4ngst internationale Sichtbarkeit. Die aktuellen EMMY-Nominierungen f\u00fcr Stuttgarter Firmen, die sich auf digitale Special Effects spezialisiert haben, belegen diese positive Entwicklung.<\/p>\n<h4 style=\"text-align: justify;\"><strong>Kreativwirtschaft als Zukunftsmotor<\/strong><\/h4>\n<p style=\"text-align: justify;\">Seit 2017 firmiert der zweite Gesch\u00e4ftsbereich als MFG Kreativ. Er richtet sich gezielt an die Kultur- und Kreativwirtschaft in Baden-W\u00fcrttemberg von Games-Studios bis hin zu Verlagen \u2013 mit dem Ziel, kreative Prozesse durch Beratung, Qualifizierung, Vernetzung und gezielte F\u00f6rderung zu st\u00e4rken.<\/p>\n<p style=\"text-align: justify;\">Besonderer Fokus liegt auf der Games-Branche, die sich im Land dynamisch entwickelt hat: Mit einem Umsatz von rund 190 Millionen Euro (2022) und einem Unternehmenswachstum von 210 Prozent seit 2015 z\u00e4hlt Baden-W\u00fcrttemberg zu den bedeutenden Standorten in Deutschland. Die finanzielle Games-BW-F\u00f6rderung, das Gr\u00fcndungsprogramm Developer Boost oder Vernetzungsformate wie die Open Stages und das Gamestate Festival Baden-W\u00fcrttemberg unterst\u00fctzen dabei auch junge Studios beim \u00dcbergang von der Ausbildung in die Gr\u00fcndung und Unternehmensentwicklung.<\/p>\n<h4 style=\"text-align: justify;\"><strong>MFG begleitet Museen im digitalen Wandel<\/strong><\/h4>\n<p style=\"text-align: justify;\">Auch Museen und Kultureinrichtungen begleitet die MFG im Rahmen des Kompetenzfelds Digitale Kultur gezielt bei der digitalen Transformation. Programme wie die Digitalwerkstatt, das F\u00f6rderprogramm \u201eoffen f\u00fcr&#8230;Digitale Barrierefreiheit\u201c oder \u201eLevel Up! Gamification im Museum\u201c bieten praxisnahe Unterst\u00fctzung \u2013 von digitaler Barrierefreiheit \u00fcber spielerische Vermittlungsformate bis zur Entwicklung innovativer Besucher*innen-Erlebnisse. Die MFG begleitet, coacht und f\u00f6rdert somit die Museen im Land im digitalen Wandel.<\/p>\n<p style=\"text-align: justify;\">Daneben f\u00fchrt die MFG die Gesch\u00e4ftsstelle der landesweiten Initiative MedienFokus BW (vormals Kindermedienland Baden-W\u00fcrttemberg), die Themen wie Medienbildung und Medienkompetenz f\u00fcr Kinder, Jugendliche, Familien und Fachkr\u00e4fte b\u00fcndelt. Die MFG st\u00e4rkt so die F\u00f6rderung verantwortungsvoller Mediennutzung in Baden-W\u00fcrttemberg.<\/p>\n<hr \/>\n<p style=\"text-align: justify;\">\n","protected":false},"excerpt":{"rendered":"<p>Rund 600 G\u00e4ste feiern das Jubil\u00e4um der MFG Medien- und Filmgesellschaft Baden-W\u00fcrttemberg in den Stuttgarter Wagenhallen. Die Festrede hielt Ministerpr\u00e4sident Winfried Kretschmann. Stuttgart.| Mit einem festlichen Abend in den Stuttgarter Wagenhallen hat die MFG Baden-W\u00fcrttemberg ihr 30-j\u00e4hriges Bestehen gefeiert. Rund 600 G\u00e4ste aus dem gesamten Bundesgebiet \u2013 darunter Vertreter*innen aus Politik, Kultur, Film, Medien und [&hellip;]<\/p>\n","protected":false},"author":4,"featured_media":156773,"comment_status":"closed","ping_status":"open","sticky":false,"template":"","format":"standard","meta":{"inline_featured_image":false,"_exactmetrics_skip_tracking":false,"_exactmetrics_sitenote_active":false,"_exactmetrics_sitenote_note":"","_exactmetrics_sitenote_category":0,"footnotes":""},"categories":[59,9098],"tags":[4,14857,11460,68],"class_list":{"0":"post-156772","1":"post","2":"type-post","3":"status-publish","4":"format-standard","5":"has-post-thumbnail","7":"category-aktuell","8":"category-baden-wuerttemberg","9":"tag-baden-wurttemberg","10":"tag-die-webzeitung","11":"tag-mfg","12":"tag-online-zeitung"},"image_feature":"https:\/\/die-webzeitung.de\/stuttgart\/wp-content\/uploads\/sites\/4\/2025\/07\/mfg.png","author_name":"Redaktion","pure_taxonomies":{"categories":[{"term_id":59,"name":"Aktuell","slug":"aktuell","term_group":0,"term_taxonomy_id":60,"taxonomy":"category","description":"","parent":0,"count":1017,"filter":"raw","image":""},{"term_id":9098,"name":"Baden-W\u00fcrttemberg","slug":"baden-wuerttemberg","term_group":0,"term_taxonomy_id":9124,"taxonomy":"category","description":"","parent":171,"count":238,"filter":"raw","image":""}],"tags":[{"term_id":4,"name":"Baden-W\u00fcrttemberg","slug":"baden-wurttemberg","term_group":0,"term_taxonomy_id":4,"taxonomy":"post_tag","description":"","parent":0,"count":136,"filter":"raw","image":""},{"term_id":14857,"name":"Die-Webzeitung","slug":"die-webzeitung","term_group":0,"term_taxonomy_id":14876,"taxonomy":"post_tag","description":"","parent":0,"count":3623,"filter":"raw","image":""},{"term_id":11460,"name":"MFG","slug":"mfg","term_group":0,"term_taxonomy_id":11498,"taxonomy":"post_tag","description":"","parent":0,"count":4,"filter":"raw","image":""},{"term_id":68,"name":"Online-Zeitung","slug":"online-zeitung","term_group":0,"term_taxonomy_id":69,"taxonomy":"post_tag","description":"","parent":0,"count":3593,"filter":"raw","image":""}]},"_links":{"self":[{"href":"https:\/\/die-webzeitung.de\/stuttgart\/wp-json\/wp\/v2\/posts\/156772","targetHints":{"allow":["GET"]}}],"collection":[{"href":"https:\/\/die-webzeitung.de\/stuttgart\/wp-json\/wp\/v2\/posts"}],"about":[{"href":"https:\/\/die-webzeitung.de\/stuttgart\/wp-json\/wp\/v2\/types\/post"}],"author":[{"embeddable":true,"href":"https:\/\/die-webzeitung.de\/stuttgart\/wp-json\/wp\/v2\/users\/4"}],"replies":[{"embeddable":true,"href":"https:\/\/die-webzeitung.de\/stuttgart\/wp-json\/wp\/v2\/comments?post=156772"}],"version-history":[{"count":1,"href":"https:\/\/die-webzeitung.de\/stuttgart\/wp-json\/wp\/v2\/posts\/156772\/revisions"}],"predecessor-version":[{"id":156774,"href":"https:\/\/die-webzeitung.de\/stuttgart\/wp-json\/wp\/v2\/posts\/156772\/revisions\/156774"}],"wp:featuredmedia":[{"embeddable":true,"href":"https:\/\/die-webzeitung.de\/stuttgart\/wp-json\/wp\/v2\/media\/156773"}],"wp:attachment":[{"href":"https:\/\/die-webzeitung.de\/stuttgart\/wp-json\/wp\/v2\/media?parent=156772"}],"wp:term":[{"taxonomy":"category","embeddable":true,"href":"https:\/\/die-webzeitung.de\/stuttgart\/wp-json\/wp\/v2\/categories?post=156772"},{"taxonomy":"post_tag","embeddable":true,"href":"https:\/\/die-webzeitung.de\/stuttgart\/wp-json\/wp\/v2\/tags?post=156772"}],"curies":[{"name":"wp","href":"https:\/\/api.w.org\/{rel}","templated":true}]}}