{"id":156753,"date":"2025-07-18T12:27:44","date_gmt":"2025-07-18T11:27:44","guid":{"rendered":"https:\/\/die-webzeitung.de\/stuttgart\/?p=156753"},"modified":"2025-07-18T12:27:44","modified_gmt":"2025-07-18T11:27:44","slug":"wirtschaftsfoerderung-will-standort-stuttgart-fit-fuer-die-zukunft-machen","status":"publish","type":"post","link":"https:\/\/die-webzeitung.de\/stuttgart\/2025\/07\/18\/wirtschaftsfoerderung-will-standort-stuttgart-fit-fuer-die-zukunft-machen\/","title":{"rendered":"Wirtschaftsf\u00f6rderung will Standort Stuttgart fit f\u00fcr die Zukunft machen"},"content":{"rendered":"<h3 style=\"text-align: justify;\"><strong>Stuttgart steht vor einem Strukturwandel, den die Landeshauptstadt aktiv gestalten will.<\/strong><\/h3>\n<p style=\"text-align: justify;\">Stuttgart.| Torsten von Appen, neuer Leiter der st\u00e4dtischen Wirtschaftsf\u00f6rderung, stellte heute im\u00a0Rahmen der Sitzung des Ausschusses f\u00fcr Wirtschaft und Wohnen und dessen\u00a0Unterausschusses Wirtschaftsentwicklung f\u00fcr Stuttgart umfassende Handlungskonzepte vor, die auf die aktuellen Herausforderungen der Unternehmen am Standort reagieren und gleichzeitig neue Chancen f\u00fcr innovative Unternehmen schaffen: Bestehende Wirtschaftsstrukturen sollen gest\u00e4rkt, die Ansiedlung neuer innovativer Unternehmen gef\u00f6rdert werden. Ein weiterentwickeltes Standortmarketing soll zeigen, dass Stuttgart lebenswerte Stadt und starker Wirtschaftsstandort zugleich ist.<\/p>\n<p style=\"text-align: justify;\">Oberb\u00fcrgermeister Dr. Frank Nopper betonte in diesem Zusammenhang: \u201eStuttgart geh\u00f6rt zu den prosperierendsten Gro\u00dfst\u00e4dten Deutschlands, aber wir m\u00fcssen mit vereinten Kr\u00e4ften alles daf\u00fcr tun, dass dies so bleibt.\u201c<\/p>\n<p style=\"text-align: justify;\">Flankiert wurden die Ausf\u00fchrungen durch Beitr\u00e4ge hochrangiger Vertreter der BW-Bank, der\u00a0Agentur f\u00fcr Arbeit Stuttgart, der Handwerkskammer Region Stuttgart sowie der Stabstelle #NetzwerkStadtStuttgart der IHK Region Stuttgart zu aktuellen Entwicklungen in Wirtschaft und Arbeitsmarkt.<\/p>\n<p style=\"text-align: justify;\">Stuttgart Spitzenreiter bei wissensintensiven Industrien Die Zahlen sprechen f\u00fcr Stuttgarts Position als Innovationsstandort: Mit 16,7 Prozent\u00a0Besch\u00e4ftigtenanteil in wissensintensiven Industrien mit einem hohen Forschungs- und\u00a0Entwicklungsfokus und spezialisiertem Fachpersonal f\u00fchrt Stuttgart deutschlandweit vor\u00a0M\u00fcnchen (9,4 Prozent) und Hamburg (7,2 Prozent). Auch bei der Ingenieursdichte (6,7 Prozent) und im Bereich Forschung und Entwicklung (41,3 Prozent Besch\u00e4ftigtenanteil) nimmt die Landeshauptstadt Spitzenpl\u00e4tze ein.<\/p>\n<p style=\"text-align: justify;\">\u201eDiese St\u00e4rken m\u00fcssen wir nutzen und ausbauen\u201c, betonte von Appen. \u201eTrotz der aktuellen\u00a0Herausforderungen in der Automobilindustrie entstehen neue M\u00f6glichkeiten f\u00fcr innovative Unternehmen. Diese Unternehmen m\u00f6chten wir zu uns nach Stuttgart holen!\u201c<\/p>\n<h4 style=\"text-align: justify;\"><strong>Vier Einflussfaktoren f\u00fcr erfolgreiche Wirtschaftsf\u00f6rderung<\/strong><\/h4>\n<p style=\"text-align: justify;\">Die Wirtschaftsf\u00f6rderung fokussiert sich auf vier zentrale Einflussfaktoren: \u00fcbergeordnete Rahmenbedingungen, Grundfunktionen einer Kommune, Fl\u00e4chen und R\u00e4umlichkeiten sowie ein unterst\u00fctzendes Umfeld durch funktionierende \u00d6kosysteme.<\/p>\n<p style=\"text-align: justify;\">\u201eBesonders im Bereich Fl\u00e4chen sehen wir Handlungsbedarf\u201c, erl\u00e4uterte von Appen. \u201eDas sehr hohe Preisniveau erfordert neue Ans\u00e4tze. Hier setzen wir auf zielgruppenspezifische Unterst\u00fctzung und innovative F\u00f6rderprogramme.\u201c<\/p>\n<h4 style=\"text-align: justify;\"><strong>Konkrete Ma\u00dfnahmen f\u00fcr den Standort<\/strong><\/h4>\n<p style=\"text-align: justify;\">Verschiedene Ma\u00dfnahmen sollen in unterschiedlichen Zeitr\u00e4umen im Schulterschluss mit den fachlich involvierten \u00c4mtern der Stadt sowie der Wirtschaftsf\u00f6rderung der Region Stuttgart umgesetzt werden. Kurzfristig plant die Wirtschaftsf\u00f6rderung eine gezielte Investorenansprache zur besseren Vermarktung freier Fl\u00e4chen sowie die Priorisierung gewerblicher Vorhaben, um eine investitionsfreundliche Umgebung zu schaffen, genauso wie einen intensiveren Austausch mit privaten Eigent\u00fcmern. Gleichzeitig soll eine ganzheitliche Ansiedlungsstrategie mit klarer Aufgabenteilung zwischen Land, Region und Landeshauptstadt entwickelt und ein einheitliches Standortmarketing in Abstimmung mit allen relevanten Akteuren etabliert werden.<\/p>\n<p style=\"text-align: justify;\">Mittelfristig stehen gr\u00f6\u00dfere Projekte im Fokus: So soll eine aktive strategische\u00a0Gewerbefl\u00e4chenentwicklung vorangetrieben werden, wobei aktuell verschiedene\u00a0Umsetzungsmodelle gepr\u00fcft werden. Dar\u00fcber hinaus plant die Stadt die Entwicklung eines\u00a0Innovationscampus am Standort Sternenh\u00f6he, den Ausbau des Kreativareals T\u00fcbinger Stra\u00dfe sowie die Schaffung von Handwerkerh\u00f6fen und spezifischen Raumangeboten f\u00fcr unterschiedliche Branchen.<\/p>\n<h4 style=\"text-align: justify;\"><strong>Erfolgreiche Bestandspflege trotz Herausforderungen<\/strong><\/h4>\n<p style=\"text-align: justify;\">Die globale handelspolitische Unsicherheit und strukturelle Herausforderungen vor Ort schlagen sich derzeit in negativen Konjunkturtrends nieder. Dem will die Wirtschaftsf\u00f6rderung mit Ma\u00dfnahmen begegnen, die die Zukunftsf\u00e4higkeit des Wirtschaftsstandorts Stuttgart sichern. Weiterhin gibt es in Stuttgart auch positive wirtschaftliche Impulse: W\u00e4hrend gro\u00dfe Automobilhersteller in der Region planen, Stellen abzubauen, verzeichnet Stuttgart in anderen Industriezweigen Investitionen in H\u00f6he von mehreren hundert Millionen Euro. \u201eDiese Investitionen zeigen das Vertrauen der<\/p>\n<p style=\"text-align: justify;\">Unternehmen in den Standort Stuttgart\u201c, so von Appen. \u201eGleichzeitig f\u00f6rdern wir gezielt Startups und innovative Gesch\u00e4ftsmodelle. Unser breites Portfolio von Veranstaltungen \u2013 vom Wirtschaftsempfang \u00fcber den Green AI Day bis hin zum Stuttgarter Innovationspreis \u2013 st\u00e4rkt das lokale \u00d6kosystem.\u201c<\/p>\n<hr \/>\n<p style=\"text-align: justify;\">\n","protected":false},"excerpt":{"rendered":"<p>Stuttgart steht vor einem Strukturwandel, den die Landeshauptstadt aktiv gestalten will. Stuttgart.| Torsten von Appen, neuer Leiter der st\u00e4dtischen Wirtschaftsf\u00f6rderung, stellte heute im\u00a0Rahmen der Sitzung des Ausschusses f\u00fcr Wirtschaft und Wohnen und dessen\u00a0Unterausschusses Wirtschaftsentwicklung f\u00fcr Stuttgart umfassende Handlungskonzepte vor, die auf die aktuellen Herausforderungen der Unternehmen am Standort reagieren und gleichzeitig neue Chancen f\u00fcr innovative [&hellip;]<\/p>\n","protected":false},"author":4,"featured_media":156754,"comment_status":"closed","ping_status":"open","sticky":false,"template":"","format":"standard","meta":{"inline_featured_image":false,"_exactmetrics_skip_tracking":false,"_exactmetrics_sitenote_active":false,"_exactmetrics_sitenote_note":"","_exactmetrics_sitenote_category":0,"footnotes":""},"categories":[2239],"tags":[14857,1780,68,275,14435],"class_list":{"0":"post-156753","1":"post","2":"type-post","3":"status-publish","4":"format-standard","5":"has-post-thumbnail","7":"category-stuttgart-lokal","8":"tag-die-webzeitung","9":"tag-forderung","10":"tag-online-zeitung","11":"tag-stuttgart","12":"tag-wirtschaft"},"image_feature":"https:\/\/die-webzeitung.de\/stuttgart\/wp-content\/uploads\/sites\/4\/2025\/07\/dollar-rate-544949_1280-scaled.jpg","author_name":"Redaktion","pure_taxonomies":{"categories":[{"term_id":2239,"name":"Stuttgart","slug":"stuttgart-lokal","term_group":0,"term_taxonomy_id":2252,"taxonomy":"category","description":"Berichte und Informationen aus Stuttgart","parent":1433,"count":941,"filter":"raw","image":""}],"tags":[{"term_id":14857,"name":"Die-Webzeitung","slug":"die-webzeitung","term_group":0,"term_taxonomy_id":14876,"taxonomy":"post_tag","description":"","parent":0,"count":3623,"filter":"raw","image":""},{"term_id":1780,"name":"F\u00f6rderung","slug":"forderung","term_group":0,"term_taxonomy_id":1789,"taxonomy":"post_tag","description":"","parent":0,"count":8,"filter":"raw","image":""},{"term_id":68,"name":"Online-Zeitung","slug":"online-zeitung","term_group":0,"term_taxonomy_id":69,"taxonomy":"post_tag","description":"","parent":0,"count":3593,"filter":"raw","image":""},{"term_id":275,"name":"Stuttgart","slug":"stuttgart","term_group":0,"term_taxonomy_id":281,"taxonomy":"post_tag","description":"","parent":0,"count":1194,"filter":"raw","image":""},{"term_id":14435,"name":"Wirtschaft","slug":"wirtschaft","term_group":0,"term_taxonomy_id":486,"taxonomy":"post_tag","description":"","parent":0,"count":4,"filter":"raw","image":""}]},"_links":{"self":[{"href":"https:\/\/die-webzeitung.de\/stuttgart\/wp-json\/wp\/v2\/posts\/156753","targetHints":{"allow":["GET"]}}],"collection":[{"href":"https:\/\/die-webzeitung.de\/stuttgart\/wp-json\/wp\/v2\/posts"}],"about":[{"href":"https:\/\/die-webzeitung.de\/stuttgart\/wp-json\/wp\/v2\/types\/post"}],"author":[{"embeddable":true,"href":"https:\/\/die-webzeitung.de\/stuttgart\/wp-json\/wp\/v2\/users\/4"}],"replies":[{"embeddable":true,"href":"https:\/\/die-webzeitung.de\/stuttgart\/wp-json\/wp\/v2\/comments?post=156753"}],"version-history":[{"count":1,"href":"https:\/\/die-webzeitung.de\/stuttgart\/wp-json\/wp\/v2\/posts\/156753\/revisions"}],"predecessor-version":[{"id":156755,"href":"https:\/\/die-webzeitung.de\/stuttgart\/wp-json\/wp\/v2\/posts\/156753\/revisions\/156755"}],"wp:featuredmedia":[{"embeddable":true,"href":"https:\/\/die-webzeitung.de\/stuttgart\/wp-json\/wp\/v2\/media\/156754"}],"wp:attachment":[{"href":"https:\/\/die-webzeitung.de\/stuttgart\/wp-json\/wp\/v2\/media?parent=156753"}],"wp:term":[{"taxonomy":"category","embeddable":true,"href":"https:\/\/die-webzeitung.de\/stuttgart\/wp-json\/wp\/v2\/categories?post=156753"},{"taxonomy":"post_tag","embeddable":true,"href":"https:\/\/die-webzeitung.de\/stuttgart\/wp-json\/wp\/v2\/tags?post=156753"}],"curies":[{"name":"wp","href":"https:\/\/api.w.org\/{rel}","templated":true}]}}