{"id":156751,"date":"2025-07-18T11:30:39","date_gmt":"2025-07-18T10:30:39","guid":{"rendered":"https:\/\/die-webzeitung.de\/stuttgart\/?p=156751"},"modified":"2025-07-18T11:30:39","modified_gmt":"2025-07-18T10:30:39","slug":"lukas-laube-wechselt-mit-sofortiger-wirkung-zum-thw-kiel","status":"publish","type":"post","link":"https:\/\/die-webzeitung.de\/stuttgart\/2025\/07\/18\/lukas-laube-wechselt-mit-sofortiger-wirkung-zum-thw-kiel\/","title":{"rendered":"Lukas Laube wechselt mit sofortiger Wirkung zum THW Kiel"},"content":{"rendered":"<p style=\"text-align: justify;\">Der Kreisl\u00e4ufer Lukas Laube verl\u00e4sst den TVB Stuttgart und wechselt zum Deutschen Rekordmeister THW Kiel. Er wird bereits dieses Wochenende den obligatorischen Medizincheck absolvieren. Der 25-j\u00e4hrige Schweizer Nationalspieler \u00e4u\u00dferte nach dem Interesse der Zebras den Wunsch, seinen noch bis 2026 laufenden Vertrag aufzul\u00f6sen. Beide Clubs verst\u00e4ndigten sich auf eine Abl\u00f6sesumme.<\/p>\n<p style=\"text-align: justify;\">Lukas Laube wird in Zukunft f\u00fcr den THW Kiel auflaufen. Der Kreisl\u00e4ufer wechselte im Februar 2023 vom Schweizer Erstligisten GC Amicitia Z\u00fcrich zu den WILD BOYS in die st\u00e4rkste Liga der Welt. In dieser Zeit bestritt er insgesamt 68 Pflichtspiele in der DAIKIN Handball-Bundesliga und dem DHB-Pokal f\u00fcr den TVB Stuttgart. Der Schweizer markierte in diesen Partien 164 Treffer f\u00fcr die BlauWei\u00df-Gestreiften. Das Duo am Kreis beim TVB werden in der Saison 2025\/26 Co-Kapit\u00e4n Samuel R\u00f6thlisberger und Gianfranco Pribeti\u0107 bilden.<\/p>\n<p style=\"text-align: justify;\">\u201eLukas und der THW sind mit dem Wechselwunsch auf uns zugekommen. Nach gemeinsamer interner Beratung und unter Ber\u00fccksichtigung der Abl\u00f6sesumme sind wir zu dem Schluss gekommen, dass wir diesem Wunsch nachkommen m\u00f6chten. Auf der Kreisl\u00e4uferposition sind wir mit Samuel R\u00f6thlisberger und Gianfranco Pribeti\u0107 weiterhin doppelt besetzt. Zudem verf\u00fcgen wir \u00fcber die Option, das Angriffsspiel mit vier R\u00fcckraumspielern zu gestalten. Wir w\u00fcnschen Lukas auf seinem weiteren sportlichen und pers\u00f6nlichen Weg alles Gute!\u201c, so TVB-Gesch\u00e4ftsf\u00fchrer J\u00fcrgen Schweikardt \u00fcber den Wechsel.<\/p>\n<p style=\"text-align: justify;\">\u201eZun\u00e4chst einmal m\u00f6chte ich mich bei J\u00fcrgen, Misha und den Verantwortlichen des TVB bedanken, dass sie mir diesen Wechsel erm\u00f6glicht haben. Ich habe mich in Stuttgart als Spieler weiterentwickeln d\u00fcrfen und mich die zweieinhalb Jahre \u00fcber hier sehr wohlgef\u00fchlt. F\u00fcr diese sch\u00f6ne Zeit waren das gesamte Umfeld des TVB und auch die Fans verantwortlich. Ich w\u00fcnsche dem TVB weiterhin nur das Beste und blicke jetzt mit gro\u00dfer Vorfreude auf meine bevorstehende Aufgabe beim THW Kiel.\u201c, so Lukas Laube zu seinem Wechsel.<\/p>\n<hr \/>\n<p style=\"text-align: justify;\">\n","protected":false},"excerpt":{"rendered":"<p>Der Kreisl\u00e4ufer Lukas Laube verl\u00e4sst den TVB Stuttgart und wechselt zum Deutschen Rekordmeister THW Kiel. Er wird bereits dieses Wochenende den obligatorischen Medizincheck absolvieren. Der 25-j\u00e4hrige Schweizer Nationalspieler \u00e4u\u00dferte nach dem Interesse der Zebras den Wunsch, seinen noch bis 2026 laufenden Vertrag aufzul\u00f6sen. Beide Clubs verst\u00e4ndigten sich auf eine Abl\u00f6sesumme. Lukas Laube wird in Zukunft [&hellip;]<\/p>\n","protected":false},"author":4,"featured_media":0,"comment_status":"closed","ping_status":"open","sticky":false,"template":"","format":"standard","meta":{"inline_featured_image":false,"_exactmetrics_skip_tracking":false,"_exactmetrics_sitenote_active":false,"_exactmetrics_sitenote_note":"","_exactmetrics_sitenote_category":0,"footnotes":""},"categories":[110],"tags":[131,14857,133,68,275,14220],"class_list":{"0":"post-156751","1":"post","2":"type-post","3":"status-publish","4":"format-standard","6":"category-sport","7":"tag-bundesliga","8":"tag-die-webzeitung","9":"tag-handball","10":"tag-online-zeitung","11":"tag-stuttgart","12":"tag-tvb"},"image_feature":null,"author_name":"Redaktion","pure_taxonomies":{"categories":[{"term_id":110,"name":"Sport","slug":"sport","term_group":0,"term_taxonomy_id":112,"taxonomy":"category","description":"Sportberichte","parent":0,"count":1043,"filter":"raw","image":""}],"tags":[{"term_id":131,"name":"Bundesliga","slug":"bundesliga","term_group":0,"term_taxonomy_id":133,"taxonomy":"post_tag","description":"","parent":0,"count":699,"filter":"raw","image":""},{"term_id":14857,"name":"Die-Webzeitung","slug":"die-webzeitung","term_group":0,"term_taxonomy_id":14876,"taxonomy":"post_tag","description":"","parent":0,"count":3623,"filter":"raw","image":""},{"term_id":133,"name":"Handball","slug":"handball","term_group":0,"term_taxonomy_id":135,"taxonomy":"post_tag","description":"","parent":0,"count":387,"filter":"raw","image":""},{"term_id":68,"name":"Online-Zeitung","slug":"online-zeitung","term_group":0,"term_taxonomy_id":69,"taxonomy":"post_tag","description":"","parent":0,"count":3593,"filter":"raw","image":""},{"term_id":275,"name":"Stuttgart","slug":"stuttgart","term_group":0,"term_taxonomy_id":281,"taxonomy":"post_tag","description":"","parent":0,"count":1194,"filter":"raw","image":""},{"term_id":14220,"name":"TVB","slug":"tvb","term_group":0,"term_taxonomy_id":14254,"taxonomy":"post_tag","description":"","parent":0,"count":81,"filter":"raw","image":""}]},"_links":{"self":[{"href":"https:\/\/die-webzeitung.de\/stuttgart\/wp-json\/wp\/v2\/posts\/156751","targetHints":{"allow":["GET"]}}],"collection":[{"href":"https:\/\/die-webzeitung.de\/stuttgart\/wp-json\/wp\/v2\/posts"}],"about":[{"href":"https:\/\/die-webzeitung.de\/stuttgart\/wp-json\/wp\/v2\/types\/post"}],"author":[{"embeddable":true,"href":"https:\/\/die-webzeitung.de\/stuttgart\/wp-json\/wp\/v2\/users\/4"}],"replies":[{"embeddable":true,"href":"https:\/\/die-webzeitung.de\/stuttgart\/wp-json\/wp\/v2\/comments?post=156751"}],"version-history":[{"count":1,"href":"https:\/\/die-webzeitung.de\/stuttgart\/wp-json\/wp\/v2\/posts\/156751\/revisions"}],"predecessor-version":[{"id":156752,"href":"https:\/\/die-webzeitung.de\/stuttgart\/wp-json\/wp\/v2\/posts\/156751\/revisions\/156752"}],"wp:attachment":[{"href":"https:\/\/die-webzeitung.de\/stuttgart\/wp-json\/wp\/v2\/media?parent=156751"}],"wp:term":[{"taxonomy":"category","embeddable":true,"href":"https:\/\/die-webzeitung.de\/stuttgart\/wp-json\/wp\/v2\/categories?post=156751"},{"taxonomy":"post_tag","embeddable":true,"href":"https:\/\/die-webzeitung.de\/stuttgart\/wp-json\/wp\/v2\/tags?post=156751"}],"curies":[{"name":"wp","href":"https:\/\/api.w.org\/{rel}","templated":true}]}}