{"id":156721,"date":"2025-07-15T14:04:24","date_gmt":"2025-07-15T13:04:24","guid":{"rendered":"https:\/\/die-webzeitung.de\/stuttgart\/2025\/07\/15\/bietigheimer-profihandballer-in-die-saisonvorbereitung-gestartet\/"},"modified":"2025-07-15T14:04:24","modified_gmt":"2025-07-15T13:04:24","slug":"bietigheimer-profihandballer-in-die-saisonvorbereitung-gestartet","status":"publish","type":"post","link":"https:\/\/die-webzeitung.de\/stuttgart\/2025\/07\/15\/bietigheimer-profihandballer-in-die-saisonvorbereitung-gestartet\/","title":{"rendered":"Bietigheimer Profihandballer in die Saisonvorbereitung gestartet"},"content":{"rendered":"<p style=\"text-align: justify;\">Die M\u00e4nner der SG BBM Bietigheim sind am gestrigen Montag in die Vorbereitung auf die neue Saison\u00a02024\/2025 gestartet. Bis zum ersten Spiel in der 2. Handball-Bundesliga stehen neben intensiven Trainingseinheiten mehrere Testspiele, ein sechst\u00e4giges Trainingslager sowie ein internationales Vorbereitungsturnier auf dem Programm.<\/p>\n<p style=\"text-align: justify;\">Cheftrainer Iker Romero versammelte gestern Nachmittag zur ersten Trainingseinheit seine Mannschaft in der Sporthalle am Viadukt und stellte die Marschroute f\u00fcr die kommenden Wochen klar: \u201eIn der ersten Woche steht viel Bewegung in der Halle an, viele P\u00e4sse \u2013 es geht darum, wieder ins Handballspiel hineinzufinden. Ab n\u00e4chster Woche beginnt dann die intensive Phase, in der wir gezielt an unserem Spielsystem arbeiten und Dinge verbessern, die in der vergangenen Saison noch nicht wie gew\u00fcnscht funktioniert haben. Wir wollen unser Tempospiel weiterentwickeln und mit Leidenschaft und Entschlossenheit bestens vorbereitet in den Saisonstart am 30. August gehen.\u201c<\/p>\n<p style=\"text-align: justify;\">Die ersten Vorbereitungsspiele lassen nicht lange auf sich warten. Bereits am 24. Juli steht ein \u00f6ffentliches Training mit anschlie\u00dfendem Testspiel beim TSV 1866 Weinsberg auf dem Plan. Am 26. Juli sind die Bietigheimer dann zu Gast beim Zweitligakonkurrenten HBW Balingen-Weilstetten. Nur eine Woche sp\u00e4ter, am 1. August, trifft das Team auf die Eulen Ludwigshafen \u2013 ebenfalls ein direkter Ligakonkurrent.<\/p>\n<p style=\"text-align: justify;\">Einen weiteren wichtigen Vorbereitungsschritt bildet das Freundschaftsspiel am 9. August, bei dem es im Rahmen des traditionellen B\u00f6nnigheimer Turniers zur Partie gegen den Schweizer Vertreter RTV Basel kommt. Am 15. August trifft die SG BBM auf Pfadi Winterthur \u2013 das Spiel wird in Altbach ausgetragen.<\/p>\n<p style=\"text-align: justify;\">Ein H\u00f6hepunkt der Vorbereitung folgt Mitte August: Dann reisen die SG-M\u00e4nner f\u00fcr ein sechst\u00e4giges Trainingslager ins spanische Santander. Dort stehen neben intensiven Einheiten auch mehrere Partien im Rahmen eines Vorbereitungsturniers auf dem Programm: Am 21. August trifft die SG BBM auf BM<\/p>\n<p style=\"text-align: justify;\">Valladolid, am 23. August auf Blendio Sinf\u00edn, gefolgt von den Platzierungsspielen am 24. August. Neben\u00a0den sportlichen Einheiten soll auch das mannschaftliche Zusammenspiel gest\u00e4rkt werden \u2013 besonders mit Blick auf die Integration der Neuzug\u00e4nge.<\/p>\n<p style=\"text-align: justify;\">Mit Max Prantner bekommt der R\u00fcckraum frischen Wind, w\u00e4hrend Nachwuchstalent Nico Bacani die Rechtsau\u00dfen-Position verst\u00e4rkt. Im Tor hat sich die SG BBM mit Martin Tomovski und Jan Hrdli\u010dka \u2013 zwei international erfahrene Torh\u00fcter \u2013 verst\u00e4rkt. Die Eingew\u00f6hnung der vier Neuzug\u00e4nge wird in den kommenden Wochen ebenso ein zentraler Bestandteil der Vorbereitung sein.<\/p>\n<p style=\"text-align: justify;\">Der Sommerfahrplan im \u00dcberblick:<\/p>\n<ul>\n<li style=\"text-align: justify;\">24.07.2025 \u00d6ffentliches Training und Testspiel: TSV 1866 Weinsberg vs. SG BBM Bietigheim<\/li>\n<li style=\"text-align: justify;\">26.07.2025 HBW Balingen-Weilstetten vs. SG BBM Bietigheim<\/li>\n<li style=\"text-align: justify;\">01.08.2025 Eulen Ludwigshafen vs. SG BBM Bietigheim<\/li>\n<li style=\"text-align: justify;\">09.08.2025 SG BBM Bietigheim vs. RTV Basel (Austragungsort: B\u00f6nnigheim)<\/li>\n<li style=\"text-align: justify;\">15.08.2025 Pfadi Winterthur vs. SG BBM Bietigheim (Austragungsort: Altbach)<\/li>\n<li style=\"text-align: justify;\">20.\u201325.08.2025 Trainingslager Santander (Spanien) o \u00a0 21.08.2025 SG BBM Bietigheim vs. BM Valladolid<br \/>\n&#8211; 23.08.2025 SG BBM Bietigheim vs. Blendio Sinf\u00edn<br \/>\n&#8211; 24.08.2025 Platzierungsspiele<\/li>\n<\/ul>\n<hr \/>\n<p style=\"text-align: justify;\">\n","protected":false},"excerpt":{"rendered":"<p>Die M\u00e4nner der SG BBM Bietigheim sind am gestrigen Montag in die Vorbereitung auf die neue Saison\u00a02024\/2025 gestartet. Bis zum ersten Spiel in der 2. Handball-Bundesliga stehen neben intensiven Trainingseinheiten mehrere Testspiele, ein sechst\u00e4giges Trainingslager sowie ein internationales Vorbereitungsturnier auf dem Programm. Cheftrainer Iker Romero versammelte gestern Nachmittag zur ersten Trainingseinheit seine Mannschaft in der [&hellip;]<\/p>\n","protected":false},"author":4,"featured_media":0,"comment_status":"closed","ping_status":"open","sticky":false,"template":"","format":"standard","meta":{"inline_featured_image":false,"_exactmetrics_skip_tracking":false,"_exactmetrics_sitenote_active":false,"_exactmetrics_sitenote_note":"","_exactmetrics_sitenote_category":0,"footnotes":""},"categories":[110],"tags":[9121,131,14857,133,68,9491],"class_list":{"0":"post-156721","1":"post","2":"type-post","3":"status-publish","4":"format-standard","6":"category-sport","7":"tag-bietigheim-bissingen","8":"tag-bundesliga","9":"tag-die-webzeitung","10":"tag-handball","11":"tag-online-zeitung","12":"tag-sg-bbm"},"image_feature":null,"author_name":"Redaktion","pure_taxonomies":{"categories":[{"term_id":110,"name":"Sport","slug":"sport","term_group":0,"term_taxonomy_id":112,"taxonomy":"category","description":"Sportberichte","parent":0,"count":1043,"filter":"raw","image":""}],"tags":[{"term_id":9121,"name":"Bietigheim-Bissingen","slug":"bietigheim-bissingen","term_group":0,"term_taxonomy_id":9147,"taxonomy":"post_tag","description":"","parent":0,"count":291,"filter":"raw","image":""},{"term_id":131,"name":"Bundesliga","slug":"bundesliga","term_group":0,"term_taxonomy_id":133,"taxonomy":"post_tag","description":"","parent":0,"count":699,"filter":"raw","image":""},{"term_id":14857,"name":"Die-Webzeitung","slug":"die-webzeitung","term_group":0,"term_taxonomy_id":14876,"taxonomy":"post_tag","description":"","parent":0,"count":3624,"filter":"raw","image":""},{"term_id":133,"name":"Handball","slug":"handball","term_group":0,"term_taxonomy_id":135,"taxonomy":"post_tag","description":"","parent":0,"count":387,"filter":"raw","image":""},{"term_id":68,"name":"Online-Zeitung","slug":"online-zeitung","term_group":0,"term_taxonomy_id":69,"taxonomy":"post_tag","description":"","parent":0,"count":3594,"filter":"raw","image":""},{"term_id":9491,"name":"SG BBM","slug":"sg-bbm","term_group":0,"term_taxonomy_id":9521,"taxonomy":"post_tag","description":"","parent":0,"count":250,"filter":"raw","image":""}]},"_links":{"self":[{"href":"https:\/\/die-webzeitung.de\/stuttgart\/wp-json\/wp\/v2\/posts\/156721","targetHints":{"allow":["GET"]}}],"collection":[{"href":"https:\/\/die-webzeitung.de\/stuttgart\/wp-json\/wp\/v2\/posts"}],"about":[{"href":"https:\/\/die-webzeitung.de\/stuttgart\/wp-json\/wp\/v2\/types\/post"}],"author":[{"embeddable":true,"href":"https:\/\/die-webzeitung.de\/stuttgart\/wp-json\/wp\/v2\/users\/4"}],"replies":[{"embeddable":true,"href":"https:\/\/die-webzeitung.de\/stuttgart\/wp-json\/wp\/v2\/comments?post=156721"}],"version-history":[{"count":0,"href":"https:\/\/die-webzeitung.de\/stuttgart\/wp-json\/wp\/v2\/posts\/156721\/revisions"}],"wp:attachment":[{"href":"https:\/\/die-webzeitung.de\/stuttgart\/wp-json\/wp\/v2\/media?parent=156721"}],"wp:term":[{"taxonomy":"category","embeddable":true,"href":"https:\/\/die-webzeitung.de\/stuttgart\/wp-json\/wp\/v2\/categories?post=156721"},{"taxonomy":"post_tag","embeddable":true,"href":"https:\/\/die-webzeitung.de\/stuttgart\/wp-json\/wp\/v2\/tags?post=156721"}],"curies":[{"name":"wp","href":"https:\/\/api.w.org\/{rel}","templated":true}]}}