{"id":156712,"date":"2025-07-15T11:37:11","date_gmt":"2025-07-15T10:37:11","guid":{"rendered":"https:\/\/die-webzeitung.de\/stuttgart\/?p=156712"},"modified":"2025-07-15T11:37:11","modified_gmt":"2025-07-15T10:37:11","slug":"handwerkskonjunktur-das-warten-auf-den-aufschwung","status":"publish","type":"post","link":"https:\/\/die-webzeitung.de\/stuttgart\/2025\/07\/15\/handwerkskonjunktur-das-warten-auf-den-aufschwung\/","title":{"rendered":"Handwerkskonjunktur: Das Warten auf den Aufschwung"},"content":{"rendered":"<p style=\"text-align: justify;\"><strong>Die aktuelle Konjunkturfrage der Handwerkskammer Region Stuttgart zeigt: Auch im zweiten Quartal stemmt sich das regionale Handwerk gegen die Lethargie. Trotz anhaltender Herausforderungen gibt es erste positive Signale aus dem Bau \u2013 doch der Weg zu einem echten Aufschwung ist noch weit.<\/strong><\/p>\n<p style=\"text-align: justify;\">Der Konjunkturmotor im Handwerk der Region Stuttgart m\u00f6chte immer noch nicht richtig in Gang kommen. Laut einer aktuellen Umfrage der Handwerkskammer Region Stuttgart bewerten die meisten Betriebe ihre Gesch\u00e4ftslage im Vergleich zum Vorjahreszeitraum \u00e4hnlich, 59 Prozent als gut (Q2\/2024: 60 %) und 25 Prozent als befriedigend (Q2\/2024: 26 %). Der Anteil negativer Bewertungen ist jedoch leicht auf 16 Prozent (Q2\/2024: 13 %) gestiegen. Peter Friedrich, Hauptgesch\u00e4ftsf\u00fchrer der Handwerkskammer Region Stuttgart, ist besorgt: \u201eViele Betriebe der Region sind stabil aufgestellt, doch die Betriebe des gewerblichen Bedarfs h\u00e4ngen am Tropf der Industrie \u2013 zum Beispiel die vielen Zulieferbetriebe der Automobilindustrie, die es in der Region gibt.\u201c Diese sp\u00fcrten die dort herrschenden Unsicherheiten unmittelbar, so Friedrich. Dazu z\u00e4hlten auch die von US-Pr\u00e4sident Donald Trump angek\u00fcndigten Z\u00f6lle. \u201eDie Lage f\u00fcr die handwerklichen Dienstleister und Ausstatter der Industrie ist kritisch und droht sich weiter zu versch\u00e4rfen\u201c, warnt der Kammerchef.<\/p>\n<p style=\"text-align: justify;\">Bei Umsatz und Auslastung der Betriebe gibt es kaum Ver\u00e4nderungen zum Vorjahr: 29 Prozent (Q2\/2024: 27 %) der Betriebe konnten ihre Ums\u00e4tze steigern, w\u00e4hrend 22 Prozent (Q2\/2024: 20 %) R\u00fcckg\u00e4nge verzeichnen. Die Kapazit\u00e4tsauslastung bleibt ebenfalls stabil: Die H\u00e4lfte der Betriebe (50 %) gibt an, \u00fcber 80 Prozent ausgelastet gewesen zu sein (Q2\/2024: 52 %). Gerade im Ausbaugewerbe sei die wirtschaftliche Lage solide, freut sich Peter Friedrich. \u201eAuch unser Sorgenkind Bau hat sich in den letzten Monaten leicht erholt, jedoch ist das mit Vorsicht zu bewerten\u201c, erkl\u00e4rt der Hauptgesch\u00e4ftsf\u00fchrer. \u201eDa im Vorjahr der Bau in der Krise steckte, k\u00f6nnen wir jetzt positivere Zahlen verzeichnen. Doch ob die Verbesserung langfristig h\u00e4lt, ist noch unklar.\u201c<\/p>\n<h4 style=\"text-align: justify;\"><strong>Zuverl\u00e4ssigkeit wichtig f\u00fcr Wachstumskurs<\/strong><\/h4>\n<p style=\"text-align: justify;\">Erfreulich ist die Entwicklung bei den Besch\u00e4ftigungszahlen: 13 Prozent der Handwerksbetriebe melden einen Zuwachs an Mitarbeitenden \u2013 fast doppelt so viele wie im Vorjahr (Q2\/2024: 7 %). \u201eEs ist gut, dass die Betriebe an ihren Fachkr\u00e4ften festhalten und weiter einstellen. Denn wenn die von der Politik geplanten Auftr\u00e4ge kommen, die das Sonderverm\u00f6gen Infrastruktur und Klimaschutz, brauchen wir viele H\u00e4nde im Handwerk\u201c, bewertete Peter Friedrich die Zahlen. Jetzt muss das Sonderverm\u00f6gen endlich auf die Strecke gebracht werden. \u201eDie Investitionen d\u00fcrfen nicht l\u00e4nger auf dem Papier stehen. Es braucht konkrete Projekte, die schnell umgesetzt werden\u201c, fordert Friedrich.<\/p>\n<p style=\"text-align: justify;\">Generell habe die Politik erste gute Signale gesendet: Das Investitionsprogramm, dass nun auch vom Bundesrat beschlossen wurde, bietet Handwerksbetrieben schnellere Abschreibungen und steuerliche Entlastungen. Das soll vor allem die Investitionsbereitschaft der Betriebe f\u00f6rdern, die in der schwierigen Wirtschaftslage lieber abwarten, als Neuanschaffungen zu t\u00e4tigen. Doch was die Wirtschaft vor allem brauchte, sei Zuverl\u00e4ssigkeit politischer Aussagen und Entscheidungen. \u201eVertrauen ist die zentrale W\u00e4hrung, um wieder einen selbsttragenden Aufschwung anzukurbeln. Daher darf so etwas, wie der Wegfall der Stromsteuersenkung f\u00fcr alle, nicht mehr passieren\u201c, fordert der Kammerchef.<\/p>\n<p style=\"text-align: justify;\">Den vollst\u00e4ndigen Konjunkturbericht finden Sie hier: <a href=\"http:\/\/www.hwk-stuttgart.de\/konjunktur\" target=\"_blank\" rel=\"noopener\">www.hwk-stuttgart.de\/konjunktur<\/a>.<\/p>\n<hr \/>\n<p style=\"text-align: justify;\">\n","protected":false},"excerpt":{"rendered":"<p>Die aktuelle Konjunkturfrage der Handwerkskammer Region Stuttgart zeigt: Auch im zweiten Quartal stemmt sich das regionale Handwerk gegen die Lethargie. Trotz anhaltender Herausforderungen gibt es erste positive Signale aus dem Bau \u2013 doch der Weg zu einem echten Aufschwung ist noch weit. Der Konjunkturmotor im Handwerk der Region Stuttgart m\u00f6chte immer noch nicht richtig in [&hellip;]<\/p>\n","protected":false},"author":4,"featured_media":156713,"comment_status":"closed","ping_status":"open","sticky":false,"template":"","format":"standard","meta":{"inline_featured_image":false,"_exactmetrics_skip_tracking":false,"_exactmetrics_sitenote_active":false,"_exactmetrics_sitenote_note":"","_exactmetrics_sitenote_category":0,"footnotes":""},"categories":[479],"tags":[4,14857,1116,1117,68],"class_list":{"0":"post-156712","1":"post","2":"type-post","3":"status-publish","4":"format-standard","5":"has-post-thumbnail","7":"category-wirtschaft","8":"tag-baden-wurttemberg","9":"tag-die-webzeitung","10":"tag-handwerk","11":"tag-konjunktur","12":"tag-online-zeitung"},"image_feature":"https:\/\/die-webzeitung.de\/stuttgart\/wp-content\/uploads\/sites\/4\/2025\/07\/baker-4840960_1280-scaled.jpg","author_name":"Redaktion","pure_taxonomies":{"categories":[{"term_id":479,"name":"Wirtschaft","slug":"wirtschaft","term_group":0,"term_taxonomy_id":1941,"taxonomy":"category","description":"","parent":0,"count":281,"filter":"raw","image":""}],"tags":[{"term_id":4,"name":"Baden-W\u00fcrttemberg","slug":"baden-wurttemberg","term_group":0,"term_taxonomy_id":4,"taxonomy":"post_tag","description":"","parent":0,"count":136,"filter":"raw","image":""},{"term_id":14857,"name":"Die-Webzeitung","slug":"die-webzeitung","term_group":0,"term_taxonomy_id":14876,"taxonomy":"post_tag","description":"","parent":0,"count":3624,"filter":"raw","image":""},{"term_id":1116,"name":"Handwerk","slug":"handwerk","term_group":0,"term_taxonomy_id":1125,"taxonomy":"post_tag","description":"","parent":0,"count":9,"filter":"raw","image":""},{"term_id":1117,"name":"Konjunktur","slug":"konjunktur","term_group":0,"term_taxonomy_id":1126,"taxonomy":"post_tag","description":"","parent":0,"count":4,"filter":"raw","image":""},{"term_id":68,"name":"Online-Zeitung","slug":"online-zeitung","term_group":0,"term_taxonomy_id":69,"taxonomy":"post_tag","description":"","parent":0,"count":3594,"filter":"raw","image":""}]},"_links":{"self":[{"href":"https:\/\/die-webzeitung.de\/stuttgart\/wp-json\/wp\/v2\/posts\/156712","targetHints":{"allow":["GET"]}}],"collection":[{"href":"https:\/\/die-webzeitung.de\/stuttgart\/wp-json\/wp\/v2\/posts"}],"about":[{"href":"https:\/\/die-webzeitung.de\/stuttgart\/wp-json\/wp\/v2\/types\/post"}],"author":[{"embeddable":true,"href":"https:\/\/die-webzeitung.de\/stuttgart\/wp-json\/wp\/v2\/users\/4"}],"replies":[{"embeddable":true,"href":"https:\/\/die-webzeitung.de\/stuttgart\/wp-json\/wp\/v2\/comments?post=156712"}],"version-history":[{"count":1,"href":"https:\/\/die-webzeitung.de\/stuttgart\/wp-json\/wp\/v2\/posts\/156712\/revisions"}],"predecessor-version":[{"id":156714,"href":"https:\/\/die-webzeitung.de\/stuttgart\/wp-json\/wp\/v2\/posts\/156712\/revisions\/156714"}],"wp:featuredmedia":[{"embeddable":true,"href":"https:\/\/die-webzeitung.de\/stuttgart\/wp-json\/wp\/v2\/media\/156713"}],"wp:attachment":[{"href":"https:\/\/die-webzeitung.de\/stuttgart\/wp-json\/wp\/v2\/media?parent=156712"}],"wp:term":[{"taxonomy":"category","embeddable":true,"href":"https:\/\/die-webzeitung.de\/stuttgart\/wp-json\/wp\/v2\/categories?post=156712"},{"taxonomy":"post_tag","embeddable":true,"href":"https:\/\/die-webzeitung.de\/stuttgart\/wp-json\/wp\/v2\/tags?post=156712"}],"curies":[{"name":"wp","href":"https:\/\/api.w.org\/{rel}","templated":true}]}}