{"id":156706,"date":"2025-07-15T09:44:26","date_gmt":"2025-07-15T08:44:26","guid":{"rendered":"https:\/\/die-webzeitung.de\/stuttgart\/?p=156706"},"modified":"2025-12-05T12:08:41","modified_gmt":"2025-12-05T11:08:41","slug":"auftaktworkshop-zum-hitzeaktionsplan-der-stadtverwaltung","status":"publish","type":"post","link":"https:\/\/die-webzeitung.de\/stuttgart\/2025\/07\/15\/auftaktworkshop-zum-hitzeaktionsplan-der-stadtverwaltung\/","title":{"rendered":"Auftaktworkshop zum Hitzeaktionsplan der Stadtverwaltung"},"content":{"rendered":"<p style=\"text-align: justify;\">Kirchheim unter Teck.|\u00a0Am letzten Dienstag, 8. Juli fand der Auftaktworkshop zur Entwicklung eines Hitzeaktionsplans f\u00fcr Kirchheim unter Teck statt. Rund 15 Mitarbeitende aus verschiedenen Bereichen der Stadtverwaltung, darunter Stadtplanung, Bildung, Soziales, Gr\u00fcnfl\u00e4chenmanagement, Sicherheit und Gewerbe, Klimaschutz und Nachhaltigkeit, \u00d6ffentlichkeitsarbeit sowie eine Vertreterin des Gesundheitsamts Esslingen und ein Vertreter des Kreisseniorenrates, arbeiteten gemeinsam mit zwei externen Fachreferenten der \u00d6konsult GbR Stuttgart an den Grundlagen f\u00fcr ein kommunales Vorgehen gegen gesundheitliche Belastungen durch Hitze.<\/p>\n<p style=\"text-align: justify;\">Auf der Agenda stehen zentrale Fragen wie: Wo und bei wem treten in Kirchheim besonders hohe Hitzebelastungen auf? Welche kurz- und langfristigen Ma\u00dfnahmen braucht es, um besonders gef\u00e4hrdete Gruppen zu sch\u00fctzen? Wie k\u00f6nnen diese Menschen erreicht werden? Deutlich wurde im Verlauf des Vormittags, dass insbesondere im Umfeld von Schulen und Kindertageseinrichtungen sowie bei \u00e4lteren Menschen dringender Handlungsbedarf besteht. Einigkeit herrscht dar\u00fcber, dass sowohl gezielte bauliche und organisatorische Ma\u00dfnahmen als auch Aufkl\u00e4rung und F\u00fcrsorge wichtige Bestandteile eines wirkungsvollen Hitzeaktionsplans sein m\u00fcssen.<\/p>\n<p style=\"text-align: justify;\">\u201eIn den letzten Jahrzehnten hat die Zahl der hei\u00dfen Tage in Kirchheim unter Teck schon deutlich zugenommen von durchschnittlich sieben Tagen im Jahr im Zeitraum von 1961-1990 auf 14 Tage im Zeitraum 1991-2020. Im vergangenen Jahr gab es 22 Hitzetage mit Temperaturen \u00fcber 30\u00b0C und diese Entwicklung wird weitergehen. Deshalb m\u00fcssen wir als Kommune und als Gesellschaft mit den gesundheitlichen Belastungen die damit einhergehen auseinandersetzen und was wir im Akutfall und.\u201c \u201eVorbeugend dagegen tun k\u00f6nnen. Studien zeigen, dass die meisten Menschen das pers\u00f6nliche Risiko durch Hitze untersch\u00e4tzen.\u201c<\/p>\n<p style=\"text-align: justify;\">Mit dem Workshop ist der Startschuss f\u00fcr die Entwicklung eines strategischen Plans mit der Definition von konkreten Ma\u00dfnahmen gefallen. Kommunale Hitzeaktionspl\u00e4ne gelten bundesweit zunehmend als zentrales Instrument, um St\u00e4dte und Gemeinden auf die Folgen extremer Temperaturen und der steigenden Anzahl an Hitzetagen vorzubereiten. Sie zielen darauf ab, besonders gef\u00e4hrdete Bev\u00f6lkerungsgruppen, dazu geh\u00f6ren Kinder, \u00e4ltere oder gesundheitlich vorbelastete Menschen sowie Menschen, die im Freien arbeiten oder Sport treiben, rechtzeitig zu sch\u00fctzen und Vorsorgema\u00dfnahmen zu etablieren.<\/p>\n<p style=\"text-align: justify;\">Der Gemeinderat hatte im Vorfeld den politischen Rahmen f\u00fcr die Entwicklung eines Hitzeaktionsplans geschaffen und den Prozess damit angesto\u00dfen. Aufbauend auf dem Auftaktworkshop wird in einem weiteren Treffen der fachliche Austausch fortgesetzt und \u00fcberlegt, wie die Bev\u00f6lkerung und Interessenvertreter mit einbezogen werden k\u00f6nnen. Ziel ist es, auf lokaler Ebene konkrete und umsetzbare Ma\u00dfnahmen zu entwickeln, um die Bev\u00f6lkerung in Zeiten zunehmender Hitzewellen wirksam zu sch\u00fctzen.<\/p>\n<hr \/>\n<p style=\"text-align: justify;\">\n","protected":false},"excerpt":{"rendered":"<p>Kirchheim unter Teck.|\u00a0Am letzten Dienstag, 8. Juli fand der Auftaktworkshop zur Entwicklung eines Hitzeaktionsplans f\u00fcr Kirchheim unter Teck statt. Rund 15 Mitarbeitende aus verschiedenen Bereichen der Stadtverwaltung, darunter Stadtplanung, Bildung, Soziales, Gr\u00fcnfl\u00e4chenmanagement, Sicherheit und Gewerbe, Klimaschutz und Nachhaltigkeit, \u00d6ffentlichkeitsarbeit sowie eine Vertreterin des Gesundheitsamts Esslingen und ein Vertreter des Kreisseniorenrates, arbeiteten gemeinsam mit zwei externen [&hellip;]<\/p>\n","protected":false},"author":4,"featured_media":0,"comment_status":"closed","ping_status":"open","sticky":false,"template":"","format":"standard","meta":{"inline_featured_image":false,"_exactmetrics_skip_tracking":false,"_exactmetrics_sitenote_active":false,"_exactmetrics_sitenote_note":"","_exactmetrics_sitenote_category":0,"footnotes":""},"categories":[2247],"tags":[14857,10978,68,1241],"class_list":{"0":"post-156706","1":"post","2":"type-post","3":"status-publish","4":"format-standard","6":"category-kreis-esslingen","7":"tag-die-webzeitung","8":"tag-hitze","9":"tag-online-zeitung","10":"tag-workshop"},"image_feature":null,"author_name":"Redaktion","pure_taxonomies":{"categories":[{"term_id":2247,"name":"Kreis Esslingen","slug":"kreis-esslingen","term_group":0,"term_taxonomy_id":2260,"taxonomy":"category","description":"Informationen aus dem Landkreis Esslingen","parent":171,"count":214,"filter":"raw","image":""}],"tags":[{"term_id":14857,"name":"Die-Webzeitung","slug":"die-webzeitung","term_group":0,"term_taxonomy_id":14876,"taxonomy":"post_tag","description":"","parent":0,"count":3624,"filter":"raw","image":""},{"term_id":10978,"name":"Hitze","slug":"hitze","term_group":0,"term_taxonomy_id":11016,"taxonomy":"post_tag","description":"","parent":0,"count":7,"filter":"raw","image":""},{"term_id":68,"name":"Online-Zeitung","slug":"online-zeitung","term_group":0,"term_taxonomy_id":69,"taxonomy":"post_tag","description":"","parent":0,"count":3594,"filter":"raw","image":""},{"term_id":1241,"name":"Workshop","slug":"workshop","term_group":0,"term_taxonomy_id":1250,"taxonomy":"post_tag","description":"","parent":0,"count":1,"filter":"raw","image":""}]},"_links":{"self":[{"href":"https:\/\/die-webzeitung.de\/stuttgart\/wp-json\/wp\/v2\/posts\/156706","targetHints":{"allow":["GET"]}}],"collection":[{"href":"https:\/\/die-webzeitung.de\/stuttgart\/wp-json\/wp\/v2\/posts"}],"about":[{"href":"https:\/\/die-webzeitung.de\/stuttgart\/wp-json\/wp\/v2\/types\/post"}],"author":[{"embeddable":true,"href":"https:\/\/die-webzeitung.de\/stuttgart\/wp-json\/wp\/v2\/users\/4"}],"replies":[{"embeddable":true,"href":"https:\/\/die-webzeitung.de\/stuttgart\/wp-json\/wp\/v2\/comments?post=156706"}],"version-history":[{"count":1,"href":"https:\/\/die-webzeitung.de\/stuttgart\/wp-json\/wp\/v2\/posts\/156706\/revisions"}],"predecessor-version":[{"id":156707,"href":"https:\/\/die-webzeitung.de\/stuttgart\/wp-json\/wp\/v2\/posts\/156706\/revisions\/156707"}],"wp:attachment":[{"href":"https:\/\/die-webzeitung.de\/stuttgart\/wp-json\/wp\/v2\/media?parent=156706"}],"wp:term":[{"taxonomy":"category","embeddable":true,"href":"https:\/\/die-webzeitung.de\/stuttgart\/wp-json\/wp\/v2\/categories?post=156706"},{"taxonomy":"post_tag","embeddable":true,"href":"https:\/\/die-webzeitung.de\/stuttgart\/wp-json\/wp\/v2\/tags?post=156706"}],"curies":[{"name":"wp","href":"https:\/\/api.w.org\/{rel}","templated":true}]}}