{"id":156698,"date":"2025-07-14T17:32:44","date_gmt":"2025-07-14T16:32:44","guid":{"rendered":"https:\/\/die-webzeitung.de\/stuttgart\/?p=156698"},"modified":"2025-12-05T12:08:58","modified_gmt":"2025-12-05T11:08:58","slug":"staedtebaulicher-vertrag-unterzeichnet","status":"publish","type":"post","link":"https:\/\/die-webzeitung.de\/stuttgart\/2025\/07\/14\/staedtebaulicher-vertrag-unterzeichnet\/","title":{"rendered":"St\u00e4dtebaulicher Vertrag unterzeichnet"},"content":{"rendered":"<p style=\"text-align: justify;\">N\u00fcrtingen.|\u00a0 Derzeit ist das Areal n\u00f6rdlich des Bahnhofs N\u00fcrtingen, das auch \u201eGleis 13\u201c genannt wird, eher von praktischem Nutzen gepr\u00e4gt, als dass es mit Aufenthaltsqualit\u00e4t punktet. Doch der momentan dort befindliche Schotterparkplatz soll k\u00fcnftig einem lebendigen Mix aus Wohnen, Gewerbe und Mobilit\u00e4t weichen. Auf einer Fl\u00e4che von rund 8000 Quadratmetern sind ca. 300 Wohneinheiten geplant. Dazu unterschrieben nun Oberb\u00fcrgermeister Dr. Johannes Fridrich und der Investor Sandro Camilli den unter Federf\u00fchrung des Amtes f\u00fcr Liegenschaften, Wirtschaftsf\u00f6rderung und B\u00fcrgerbeteiligung mit dem Vorhabentr\u00e4ger ausverhandelten st\u00e4dtebaulichen Vertrag.<\/p>\n<p style=\"text-align: justify;\">Als Grundlage f\u00fcr das Bauvorhaben \u201eUrbanes Leben am Bahnhof\u201c dient der Siegerentwurf eines Wettbewerbs vom Herbst 2024 des B\u00fcros \u201eARP Architektenpartnerschaft Stuttgart GbR\u201c. Das Wohnangebot wird von der Einzimmerwohnung f\u00fcr Studierende oder Senioren bis zur Vierzimmerwohnung f\u00fcr Familien reichen. Ann\u00e4hernd 40% der Wohnungen sollen sozial gef\u00f6rdert sein und nach M\u00f6glichkeit Wohnungssuchenden aus N\u00fcrtingen zugutekommen. Die geplanten drei Bauk\u00f6rper werden durch begr\u00fcnte, gemeinschaftlich genutzte Fl\u00e4chen sowie einer gemeinsamen Tiefgarage verbunden.<\/p>\n<p style=\"text-align: justify;\">Das Projekt ist elementares Element der N\u00fcrtinger Stadtplanung, vorzugsweise den Innenraum zu verdichten und damit den Fl\u00e4chenfra\u00df zu reduzieren. Zusammen mit den in der \u00f6stlichen Bahnstadt geplanten Objekten sollen so ca. 500 neue Wohnungen entstehen.<\/p>\n<hr \/>\n<p style=\"text-align: justify;\">\n","protected":false},"excerpt":{"rendered":"<p>N\u00fcrtingen.|\u00a0 Derzeit ist das Areal n\u00f6rdlich des Bahnhofs N\u00fcrtingen, das auch \u201eGleis 13\u201c genannt wird, eher von praktischem Nutzen gepr\u00e4gt, als dass es mit Aufenthaltsqualit\u00e4t punktet. Doch der momentan dort befindliche Schotterparkplatz soll k\u00fcnftig einem lebendigen Mix aus Wohnen, Gewerbe und Mobilit\u00e4t weichen. Auf einer Fl\u00e4che von rund 8000 Quadratmetern sind ca. 300 Wohneinheiten geplant. [&hellip;]<\/p>\n","protected":false},"author":4,"featured_media":156699,"comment_status":"closed","ping_status":"open","sticky":false,"template":"","format":"standard","meta":{"inline_featured_image":false,"_exactmetrics_skip_tracking":false,"footnotes":""},"categories":[2247],"tags":[14857,15471,68,1399],"class_list":{"0":"post-156698","1":"post","2":"type-post","3":"status-publish","4":"format-standard","5":"has-post-thumbnail","7":"category-kreis-esslingen","8":"tag-die-webzeitung","9":"tag-nuertingen","10":"tag-online-zeitung","11":"tag-stadtebau"},"image_feature":"https:\/\/die-webzeitung.de\/stuttgart\/wp-content\/uploads\/sites\/4\/2025\/07\/StaedtebaulicherVertrag_Gleis13_web-scaled.jpg","author_name":"Redaktion","pure_taxonomies":{"categories":[{"term_id":2247,"name":"Kreis Esslingen","slug":"kreis-esslingen","term_group":0,"term_taxonomy_id":2260,"taxonomy":"category","description":"Informationen aus dem Landkreis Esslingen","parent":171,"count":219,"filter":"raw","image":""}],"tags":[{"term_id":14857,"name":"Die-Webzeitung","slug":"die-webzeitung","term_group":0,"term_taxonomy_id":14876,"taxonomy":"post_tag","description":"","parent":0,"count":2533,"filter":"raw","image":""},{"term_id":15471,"name":"N\u00fcrtingen","slug":"nuertingen","term_group":0,"term_taxonomy_id":15490,"taxonomy":"post_tag","description":"","parent":0,"count":8,"filter":"raw","image":""},{"term_id":68,"name":"Online-Zeitung","slug":"online-zeitung","term_group":0,"term_taxonomy_id":69,"taxonomy":"post_tag","description":"","parent":0,"count":2519,"filter":"raw","image":""},{"term_id":1399,"name":"St\u00e4dtebau","slug":"stadtebau","term_group":0,"term_taxonomy_id":1408,"taxonomy":"post_tag","description":"","parent":0,"count":7,"filter":"raw","image":""}]},"_links":{"self":[{"href":"https:\/\/die-webzeitung.de\/stuttgart\/wp-json\/wp\/v2\/posts\/156698","targetHints":{"allow":["GET"]}}],"collection":[{"href":"https:\/\/die-webzeitung.de\/stuttgart\/wp-json\/wp\/v2\/posts"}],"about":[{"href":"https:\/\/die-webzeitung.de\/stuttgart\/wp-json\/wp\/v2\/types\/post"}],"author":[{"embeddable":true,"href":"https:\/\/die-webzeitung.de\/stuttgart\/wp-json\/wp\/v2\/users\/4"}],"replies":[{"embeddable":true,"href":"https:\/\/die-webzeitung.de\/stuttgart\/wp-json\/wp\/v2\/comments?post=156698"}],"version-history":[{"count":1,"href":"https:\/\/die-webzeitung.de\/stuttgart\/wp-json\/wp\/v2\/posts\/156698\/revisions"}],"predecessor-version":[{"id":156700,"href":"https:\/\/die-webzeitung.de\/stuttgart\/wp-json\/wp\/v2\/posts\/156698\/revisions\/156700"}],"wp:featuredmedia":[{"embeddable":true,"href":"https:\/\/die-webzeitung.de\/stuttgart\/wp-json\/wp\/v2\/media\/156699"}],"wp:attachment":[{"href":"https:\/\/die-webzeitung.de\/stuttgart\/wp-json\/wp\/v2\/media?parent=156698"}],"wp:term":[{"taxonomy":"category","embeddable":true,"href":"https:\/\/die-webzeitung.de\/stuttgart\/wp-json\/wp\/v2\/categories?post=156698"},{"taxonomy":"post_tag","embeddable":true,"href":"https:\/\/die-webzeitung.de\/stuttgart\/wp-json\/wp\/v2\/tags?post=156698"}],"curies":[{"name":"wp","href":"https:\/\/api.w.org\/{rel}","templated":true}]}}