{"id":156679,"date":"2025-07-17T11:31:43","date_gmt":"2025-07-17T10:31:43","guid":{"rendered":"https:\/\/die-webzeitung.de\/stuttgart\/?p=156679"},"modified":"2025-07-20T08:55:09","modified_gmt":"2025-07-20T07:55:09","slug":"polizei-report-stuttgart-woche-29-4","status":"publish","type":"post","link":"https:\/\/die-webzeitung.de\/stuttgart\/2025\/07\/17\/polizei-report-stuttgart-woche-29-4\/","title":{"rendered":"Polizei-Report Stuttgart | Woche 29"},"content":{"rendered":"<p><em>Quelle: ots<\/em><\/p>\n<p style=\"text-align: justify;\"><strong>Stuttgart-Stammheim: Brand in Justizvollzugsanstalt<\/strong><br \/>\nBei einem Brand in einer Zelle der Justizvollzugsanstalt haben sich am Samstag (19.07.2025) sieben Personen Verletzungen zugezogen. Mitarbeiter der Justizvollzugsanstalt konnten nach der Ausl\u00f6sung eines Brandalarms gegen 19.50 Uhr eine starke Rauchentwicklung aus der Zelle eines 24-j\u00e4hrigen H\u00e4ftlings wahrnehmen. Bei den L\u00f6scharbeiten erlitten sechs Justizbeamte leichte Verletzungen. Der H\u00e4ftling musste mit schweren Verletzungen in ein Krankenhaus eingeliefert werden. Ersten Ermittlungen zufolge steht der 24-J\u00e4hrige im Verdacht, in seiner Zelle eine Zeitung angez\u00fcndet zu haben. Die Kriminalpolizei hat die Ermittlungen zur genauen Brandursache \u00fcbernommen.<\/p>\n<p style=\"text-align: justify;\"><strong>Stuttgart-Nord: Gegen mehrere Parker gefahren<\/strong><br \/>\nEin 21-j\u00e4hriger Mann verursachte am Freitagmittag (18.07.2025) bei einem Verkehrsunfall einen Schaden von \u00fcber 50.000 Euro. Der 21-j\u00e4hrige Fahrer eines Range Rover befuhr kurz vor 12.00 Uhr die Birkenwaldstra\u00dfe in Richtung T\u00fcrlenstra\u00dfe und geriet aus bislang noch unbekannter Ursache mit seinem Fahrzeug zu weit nach rechts. Dabei stie\u00df er zun\u00e4chst gegen einen ordnungsgem\u00e4\u00df geparkten Porsche Cayenne, anschlie\u00dfend noch gegen einen VW Golf und einen Mazda, welche ebenfalls am Stra\u00dfenrand parkten. Durch den Aufprall mit dem Porsche brach beim Range Rover die Vorderachse, weshalb das Fahrzeug abgeschleppt werden musste. Es kam zu keinen gr\u00f6\u00dferen Verkehrsbehinderungen.<\/p>\n<p style=\"text-align: justify;\"><strong>Stuttgart-Weilimdorf: Vierj\u00e4hrige bei Unfall t\u00f6dlich verletzt &#8211; Zeugen gesucht<\/strong><br \/>\nBei einem Unfall am Donnerstagabend (17.07.2025) in der Lindenbachstra\u00dfe ist ein vier Jahre altes M\u00e4dchen t\u00f6dlich verletzt worden. Ein 67-j\u00e4hriger Hyundai-Fahrer war gegen 18.20 Uhr in der Lindenbachstra\u00dfe in ausw\u00e4rtiger Richtung unterwegs, als er nach links in eine Hofeinfahrt abbog. Ersten Ermittlungen zufolge \u00fcbersah er dabei das im Bereich der Hofeinfahrt spielende Kind und erfasste es. Rettungskr\u00e4fte brachten das Kind zur weiteren Versorgung in ein Krankenhaus. Durch den Zusammensto\u00df erlitt das vierj\u00e4hrige M\u00e4dchen schwerste Verletzungen, denen es noch am Abend im Krankenhaus erlag. Zeugen werden gebeten, sich unter der Rufnummer +4971189904100 bei der Verkehrspolizei zu melden.<\/p>\n<p style=\"text-align: justify;\"><strong>Stuttgart-M\u00f6hringen: Gegenstand von Br\u00fccke geworfen &#8211; Zeugen gesucht<\/strong><br \/>\nUnbekannte haben am Mittwochnachmittag (16.07.2025) von einer Br\u00fccke an der Bundesstra\u00dfe 27 Gegenst\u00e4nde geworfen. Eine 46-j\u00e4hrige Frau war mit ihrem Volvo gegen 15.30 Uhr in Richtung Echterdingen unterwegs, als sie auf H\u00f6he des SI-Zentrums unter der dortigen Bahnbr\u00fccke, auf der auch Fu\u00dfg\u00e4ngerverkehr m\u00f6glich ist, einen lauten Schlag h\u00f6rte. Als sie nachschaute, entdeckte sie einen Schaden oberhalb der Windschutzscheibe. Zeugen werden gebeten, sich unter der Rufnummer +4971189903400 beim Polizeirevier 4 Balinger Stra\u00dfe zu melden.<\/p>\n<p style=\"text-align: justify;\"><strong>Stuttgart\/Baden-W\u00fcrttemberg\/Bayern\/Hessen: Empfindlicher Schlag gegen die organisierte Bet\u00e4ubungsmittelkriminalit\u00e4t &#8211; Mehrere Rauschgifth\u00e4ndler festgenommen<\/strong><br \/>\nPolizeibeamte haben am Mittwoch (16.07.2025) 15 M\u00e4nner und eine Frau, im Alter von 28 bis 53 Jahren festgenommen, die im Verdacht stehen, bandenm\u00e4\u00dfig unerlaubten Handel mit Bet\u00e4ubungsmittel in nicht geringer Menge betrieben zu haben. Hintergrund der polizeilichen Ermittlungen ist ein seit Jahren andauernder Handel mit Kokain, Marihuana und Haschisch im zweistelligen Kilobereich. Die Beamten durchsuchten insgesamt 24 Objekte in Stuttgart, Wendlingen, Waiblingen, Fellbach, Ludwigsburg, Asperg, Vaihingen\/Enz, G\u00e4rtringen, Me\u00dfkirch sowie in M\u00fcnchen und in Frankfurt. Der Schwerpunkt der Durchsuchungen lag hierbei im Gro\u00dfraum Stuttgart. Unter anderem stellten die Beamten \u00fcber 100.000 Euro Bargeld, mehrere hochwertige Fahrzeuge, \u00fcber 50 Hieb- und Stichwaffen, zwei Schreckschusspistolen, Sprengstoff, sowie Kleinmengen an Kokain und Marihuana fest. Bei den Objekten handelt es sich \u00fcberwiegend um Wohn- und Nebenr\u00e4ume, die mutma\u00dflich als Bunker zur Lagerung von Bet\u00e4ubungsmittel genutzt wurden. Bei diesem Einsatz waren insgesamt \u00fcber 400 Beamte eingesetzt, darunter Einsatzkr\u00e4fte aus Baden-W\u00fcrttemberg, Spezialeinsatzkr\u00e4fte, sowie Beamte aus den beteiligten Bundesl\u00e4ndern Bayern und Hessen. Die Tatverd\u00e4chtigen wurden im Laufe des Mittwochs (16.07.2025) dem zust\u00e4ndigen Haftrichter vorgef\u00fchrt und in eine Justizvollzugsanstalt eingewiesen.<br \/>\nBereits am Mittwoch (26.02.2025) wurde ein 42 Jahre alter Mann festgenommen, der im Verdacht steht, im Zeitraum von 2019 bis 2021, insgesamt 68 Kilogramm Kokain, 51 Kilogramm Marihuana und 44,5 Kilogramm Haschisch erworben und zum Teil an die 16 Tatverd\u00e4chtigen gewinnbringend weiterverkauft haben soll. Die Beamten durchsuchten daraufhin Wohnungen, Bunker\u00f6rtlichkeiten und Fahrzeuge und beschlagnahmten mehrere hochwertige Fahrzeuge, rund 50.000 Euro mutma\u00dfliches Dealergeld, sowie weitere 1,2 Kilogramm Kokain. Der 42-J\u00e4hrige mit deutscher Staatsangeh\u00f6rigkeit wurde noch am selben Tag (26.02.2025) einem Haftrichter vorgef\u00fchrt und in eine Justizvollzugsanstalt eingewiesen.<br \/>\nEbenfalls im Zusammenhang mit diesem Ermittlungsverfahren durchsuchten Beamte am vergangenen Mittwoch (09.07.2025) f\u00fcnf Objekte und drei Fahrzeuge im Stuttgarter Stadtgebiet. Bei der Durchsuchung fanden die Beamten knapp 700 Gramm Kokain, zirka 2,5 Kilogramm Amphetamin, zwei Kanister mit zirka 10 Liter fl\u00fcssiger Amphetaminbase, zirka 4.500 Euro, sowie mehrere Waffen. Beamte nahmen dabei einen 22 und einen 30 Jahre alten Mann fest. Die beiden M\u00e4nner mit deutscher Staatsangeh\u00f6rigkeit wurden noch am Mittwoch (09.07.2025) einem Haftrichter vorgef\u00fchrt und in Justizvollzugsanstalten eingewiesen.<\/p>\n<p style=\"text-align: justify;\"><strong>Stuttgart-Weilimdorf: Love-Scamming: Betr\u00fcger erbeutet 20.000 Euro<\/strong><br \/>\nEin Unbekannter hat in einem Zeitraum von eineinhalb Jahren eine 61 Jahre alte Frau um mehrere Tausend Euro betrogen. Der Unbekannte gaukelte der 61-J\u00e4hrigen seit Januar 2024 eine Liebesbeziehung vor und gab an in Geldnot zu sein. Die gutgl\u00e4ubige Frau \u00fcbersandte dem Betr\u00fcger insgesamt 20.000 Euro. Erst am Sonntag (13.07.2025) machten Angeh\u00f6rige die Seniorin auf den sogenannten Love-Scamming Betrug aufmerksam und verst\u00e4ndigten die Polizei.<\/p>\n<p style=\"text-align: justify;\"><strong>Stuttgart-Kaltental: Radfahrerin nach Sturz schwer verletzt<\/strong><br \/>\nEine 38 Jahre alte Fahrradfahrerin hat sich am Montagmittag (14.07.2025) bei einem Unfall am Brandenkopfweg Ecke Schwarzwaldstra\u00dfe schwere Verletzungen zugezogen. Die 38-J\u00e4hrige und ihr 42-j\u00e4hriger Begleiter fuhren gegen 12.05 Uhr mit ihren Fahrr\u00e4dern im Brandenkopfweg Richtung Schwarzwaldstra\u00dfe. Mutma\u00dflich aufgrund von Unachtsamkeit gerieten die beiden Fahrr\u00e4der ineinander, in dessen Folge beide st\u00fcrzten. Hierbei zog sich die 38-J\u00e4hrige schwere Verletzungen zu, die eine Versorgung im Krankenhaus n\u00f6tig machten. Der 42-J\u00e4hrige blieb unverletzt.<\/p>\n<p style=\"text-align: justify;\"><strong>Stuttgart-Mitte: Mutma\u00dflicher Rauschgifth\u00e4ndler leistet bei Festnahme Widerstand<\/strong><br \/>\nPolizeibeamte haben am Samstag (12.07.2025) einen 47 Jahre alten Mann an der Olgastra\u00dfe festgenommen, der im Verdacht steht unerlaubt mit Rauschgift gehandelt und anschlie\u00dfend bei seiner Festnahme Widerstand geleistet haben soll. Der 47-J\u00e4hrige wollte gegen 18.30 Uhr einem zivilen Polizeibeamten Kokain verkaufen. Als dieser sich als Polizeibeamter zu erkennen gab, schluckte der 47-J\u00e4hrige eine Plombe mit mutma\u00dflichem Kokain. Bei seiner anschlie\u00dfenden Festnahme, bei der zwei Passanten halfen, wehrte sich der 33-J\u00e4hrige. Hierbei verletzte sich ein Polizeibeamter leicht. Der 47-J\u00e4hrige Tatverd\u00e4chtige mit deutsch-tunesischer Staatsangeh\u00f6rigkeit wurde im Laufe des Sonntags (13.07.2025) auf Antrag der Staatsanwaltschaft einem Haftrichter vorgef\u00fchrt. Dieser erlie\u00df Haftbefehl und wies den Tatverd\u00e4chtigen in eine Justizvollzugsanstalt ein.<\/p>\n<p style=\"text-align: justify;\"><strong>Stuttgart-Bad Cannstatt\/ Polen: Polizeipr\u00e4sidium Stuttgart rettet nach dreit\u00e4giger Entf\u00fchrungslage das Entf\u00fchrungsopfer und nimmt drei Tatverd\u00e4chtige fest<\/strong><br \/>\nIn einem rund 75-st\u00fcndigen Polizeieinsatz unter der Leitung des Polizeipr\u00e4sidiums Stuttgart haben Polizeibeamte einer polnischen Spezialeinheit am Mittwochabend, 09.07.2025 drei 24, 28 und 39 Jahre alte M\u00e4nner festgenommen, die im Verdacht stehen, bei der Entf\u00fchrung eines 25 Jahre alten Mannes in Bad Cannstatt beteiligt gewesen zu sein. Eine Zeugin w\u00e4hlte am Sonntag (06.07.2025) gegen 12.45 Uhr den Notruf, nachdem sie beobachtete, wie mehrere M\u00e4nner an der Wildunger Stra\u00dfe einen Mann schlugen, ihn in ein Fahrzeug zerrten und davonfuhren. Kurze Zeit sp\u00e4ter meldete ein Freund des 25-J\u00e4hrigen diesen bei einer Polizeidienststelle als vermisst.<br \/>\nAufgrund von Hinweisen auf eine Entf\u00fchrung richtete das Polizeipr\u00e4sidium Stuttgart die Besondere Aufbauorganisation &#8220;Seelberg&#8221; ein. In enger und vertrauensvoller beh\u00f6rden- und l\u00e4nder\u00fcbergreifender Zusammenarbeit wirkten alle beteiligten Polizeien zielorientiert zusammen, um den 25-J\u00e4hrigen schnellstm\u00f6glich und wohlbehalten zu befreien. Die mutma\u00dflichen Entf\u00fchrer forderten ein L\u00f6segeld von mehreren Hunderttausend Euro und drohten mit schwersten Verletzungen und der T\u00f6tung des 25-J\u00e4hrigen.<br \/>\nDie Spuren der Tatverd\u00e4chtigen f\u00fchrten nach Polen. Durch intensivste Ermittlungen gelangten die Beamten auf die Spur der Tatverd\u00e4chtigen, die letztlich in die Region Warschau und Katowice f\u00fchrte. Eine Spezialeinheit der polnischen Polizei nahm am Mittwoch, 09.07.25 den 39-J\u00e4hrigen und seinen mutma\u00dflichen 24-j\u00e4hrigen Komplizen in enger Abstimmung mit der Polizei Stuttgart in einem mehrst\u00fcndigen Spezialeinsatz in Warschau fest und befreiten den 25-j\u00e4hrigen Entf\u00fchrten, der unverletzt blieb. Nur kurze Zeit sp\u00e4ter wurde auch der dritte 28 Jahre alte Tatverd\u00e4chtige in Katowice von einer Spezialeinheit festgenommen. Zur Ermittlung des Motivs und den weiteren Hintergr\u00fcnden der Tat hat die Kriminalpolizei eine Ermittlungsgruppe mit internationalem Netzwerk eingerichtet. Verdeckte Ma\u00dfnahmen der polnischen Polizei und Staatsanwaltschaft gegen das T\u00e4terumfeld dauerten in Polen bis heute an.<br \/>\n&#8220;Die Ermittlungen zu den Hintergr\u00fcnden stehen noch am Anfang. Unseren ersten Erkenntnissen nach kannten sich T\u00e4ter und Opfer bereits zum Tatzeitpunkt&#8221;, so Daniela Treude von der Pressestelle des Polizeipr\u00e4sidiums Stuttgart.<br \/>\nGegen die Tatverd\u00e4chtigen, den 39-J\u00e4hrigen mit ungekl\u00e4rter Staatsangeh\u00f6rigkeit, den 24-J\u00e4hrigen mit libanesischer Staatsangeh\u00f6rigkeit und den 28-J\u00e4hrigen mit israelischer Staatsangeh\u00f6rigkeit wurden internationale Haftbefehle erwirkt.<br \/>\n&#8220;Die Gewalt, die von schwerster Kriminalit\u00e4t bei einer Entf\u00fchrung ausgeht, ist f\u00fcr das Opfer unertr\u00e4glich und untergr\u00e4bt das Vertrauen in unsere Sicherheit. Umso mehr freut es mich, dass wir in einem mehrt\u00e4gigen Spezialeinsatz alle unsere Kr\u00e4fte zielorientiert auf europ\u00e4ischer Ebene verzahnen konnten, um erfolgreich ein Menschenleben zu retten. In der Bek\u00e4mpfung von Schwerstkriminalit\u00e4t halten wir Schritt und das mit Erfolg auch \u00fcber die Grenzen hinweg&#8221;, so Einsatzleiter und Polizeivizepr\u00e4sident Carsten H\u00f6fler.<\/p>\n<p style=\"text-align: justify;\"><strong>Stuttgart-Vaihingen: Brand in Keller<\/strong><br \/>\nAus bislang unbekannter Ursache ist in einem Keller eines Mehrfamilienhauses an der Stra\u00dfe Am Pfaffenwaldring am Sonntag (13.07.2025) ein Feuer ausgebrochen. Ein Anwohner bemerkte gegen 20.15 Uhr das Feuer und verst\u00e4ndigte die Feuerwehr. Die Bewohner blieben unverletzt, die Schadensh\u00f6he wird auf zirka 50.000 Euro gesch\u00e4tzt. Die weiteren Ermittlungen zur Brandursache dauern an.<\/p>\n<p style=\"text-align: justify;\"><strong>Stuttgart-Nord: 19-J\u00e4hriger bei Auseinandersetzung schwer verletzt &#8211; Zeugen gesucht<\/strong><br \/>\nMehrere Personen sind am Sonntag (13.07.2025) mit T\u00fcrstehern vor einer Diskothek an der Stresemannstra\u00dfe in Streit geraten und haben sich zum Teil schwere Verletzungen zugezogen. Die Gruppe soll gegen 01.40 Uhr aus bislang unbekannten Gr\u00fcnden mit mehreren T\u00fcrstehern in Streit geraten sein, in dessen Verlauf sich ein 19-J\u00e4hriger schwere Verletzungen zuzog. Auch die T\u00fcrsteher zogen sich leichte Verletzungen zu. Die weiteren Ermittlungen, insbesondere zu den Hintergr\u00fcnden der Tat, dem genauen Tatablauf und weiteren m\u00f6glichen Tatbeteiligten dauern an. Zeugen werden gebeten, sich unter der Rufnummer +4971189905778 bei der Kriminalpolizei zu melden.<\/p>\n<hr \/>\n<p>&nbsp;<\/p>\n","protected":false},"excerpt":{"rendered":"<p>Quelle: ots Stuttgart-Stammheim: Brand in Justizvollzugsanstalt Bei einem Brand in einer Zelle der Justizvollzugsanstalt haben sich am Samstag (19.07.2025) sieben Personen Verletzungen zugezogen. Mitarbeiter der Justizvollzugsanstalt konnten nach der Ausl\u00f6sung eines Brandalarms gegen 19.50 Uhr eine starke Rauchentwicklung aus der Zelle eines 24-j\u00e4hrigen H\u00e4ftlings wahrnehmen. Bei den L\u00f6scharbeiten erlitten sechs Justizbeamte leichte Verletzungen. Der H\u00e4ftling [&hellip;]<\/p>\n","protected":false},"author":4,"featured_media":152245,"comment_status":"closed","ping_status":"open","sticky":false,"template":"","format":"standard","meta":{"inline_featured_image":false,"_exactmetrics_skip_tracking":false,"_exactmetrics_sitenote_active":false,"_exactmetrics_sitenote_note":"","_exactmetrics_sitenote_category":0,"footnotes":""},"categories":[11241],"tags":[14857,68,205,1625,275],"class_list":{"0":"post-156679","1":"post","2":"type-post","3":"status-publish","4":"format-standard","5":"has-post-thumbnail","7":"category-region-stuttgart","8":"tag-die-webzeitung","9":"tag-online-zeitung","10":"tag-polizei","11":"tag-report","12":"tag-stuttgart"},"image_feature":"https:\/\/die-webzeitung.de\/stuttgart\/wp-content\/uploads\/sites\/4\/2024\/02\/Polizei-Pix-scaled.jpg","author_name":"Redaktion","pure_taxonomies":{"categories":[{"term_id":11241,"name":"Polizei-Report Stuttgart","slug":"region-stuttgart","term_group":0,"term_taxonomy_id":11279,"taxonomy":"category","description":"Polizeiberichte aus der Region Stuttgart","parent":1619,"count":68,"filter":"raw","image":""}],"tags":[{"term_id":14857,"name":"Die-Webzeitung","slug":"die-webzeitung","term_group":0,"term_taxonomy_id":14876,"taxonomy":"post_tag","description":"","parent":0,"count":3623,"filter":"raw","image":""},{"term_id":68,"name":"Online-Zeitung","slug":"online-zeitung","term_group":0,"term_taxonomy_id":69,"taxonomy":"post_tag","description":"","parent":0,"count":3593,"filter":"raw","image":""},{"term_id":205,"name":"Polizei","slug":"polizei","term_group":0,"term_taxonomy_id":208,"taxonomy":"post_tag","description":"","parent":0,"count":277,"filter":"raw","image":""},{"term_id":1625,"name":"Report","slug":"report","term_group":0,"term_taxonomy_id":1634,"taxonomy":"post_tag","description":"","parent":0,"count":210,"filter":"raw","image":""},{"term_id":275,"name":"Stuttgart","slug":"stuttgart","term_group":0,"term_taxonomy_id":281,"taxonomy":"post_tag","description":"","parent":0,"count":1194,"filter":"raw","image":""}]},"_links":{"self":[{"href":"https:\/\/die-webzeitung.de\/stuttgart\/wp-json\/wp\/v2\/posts\/156679","targetHints":{"allow":["GET"]}}],"collection":[{"href":"https:\/\/die-webzeitung.de\/stuttgart\/wp-json\/wp\/v2\/posts"}],"about":[{"href":"https:\/\/die-webzeitung.de\/stuttgart\/wp-json\/wp\/v2\/types\/post"}],"author":[{"embeddable":true,"href":"https:\/\/die-webzeitung.de\/stuttgart\/wp-json\/wp\/v2\/users\/4"}],"replies":[{"embeddable":true,"href":"https:\/\/die-webzeitung.de\/stuttgart\/wp-json\/wp\/v2\/comments?post=156679"}],"version-history":[{"count":13,"href":"https:\/\/die-webzeitung.de\/stuttgart\/wp-json\/wp\/v2\/posts\/156679\/revisions"}],"predecessor-version":[{"id":156776,"href":"https:\/\/die-webzeitung.de\/stuttgart\/wp-json\/wp\/v2\/posts\/156679\/revisions\/156776"}],"wp:featuredmedia":[{"embeddable":true,"href":"https:\/\/die-webzeitung.de\/stuttgart\/wp-json\/wp\/v2\/media\/152245"}],"wp:attachment":[{"href":"https:\/\/die-webzeitung.de\/stuttgart\/wp-json\/wp\/v2\/media?parent=156679"}],"wp:term":[{"taxonomy":"category","embeddable":true,"href":"https:\/\/die-webzeitung.de\/stuttgart\/wp-json\/wp\/v2\/categories?post=156679"},{"taxonomy":"post_tag","embeddable":true,"href":"https:\/\/die-webzeitung.de\/stuttgart\/wp-json\/wp\/v2\/tags?post=156679"}],"curies":[{"name":"wp","href":"https:\/\/api.w.org\/{rel}","templated":true}]}}