{"id":156675,"date":"2025-07-17T11:25:31","date_gmt":"2025-07-17T10:25:31","guid":{"rendered":"https:\/\/die-webzeitung.de\/stuttgart\/?p=156675"},"modified":"2025-07-20T08:46:45","modified_gmt":"2025-07-20T07:46:45","slug":"polizei-report-kreis-boeblingen-woche-29-4","status":"publish","type":"post","link":"https:\/\/die-webzeitung.de\/stuttgart\/2025\/07\/17\/polizei-report-kreis-boeblingen-woche-29-4\/","title":{"rendered":"Polizei-Report Kreis B\u00f6blingen | Woche 29"},"content":{"rendered":"<p><em>Quelle: ots<\/em><\/p>\n<p style=\"text-align: justify;\"><strong>Leonberg: Polizeilicher Schusswaffengebrauch<\/strong><br \/>\nAm Nachmittag des 19. Juli 2025 ging bei der Polizei in Leonberg ein Notruf ein, in dem mitgeteilt wurde, dass in der Hohheckstra\u00dfe ein Mann aus dem Obergeschoss seines Hauses mit einer Schusswaffe offenbar wahllos mehrfach auf die Stra\u00dfe, das gegen\u00fcberliegende Geb\u00e4ude und vorbeigehende Passanten schie\u00dft. Auch auf die eintreffenden Polizeibeamten gab der Mann Sch\u00fcsse ab. Verletzt wurde hierbei gl\u00fccklicherweise niemand.<br \/>\nDer Sch\u00fctze, ein 44-J\u00e4hriger mit deutscher Staatsangeh\u00f6rigkeit, zog sich zun\u00e4chst in seine Wohnung zur\u00fcck. Eine Kontaktaufnahme durch die Polizei war nicht m\u00f6glich, da der Mann auf Anrufe nicht reagierte.<br \/>\nDer 44-J\u00e4hrige soll die Beamten des zwischenzeitlich hinzugezogenen Spezialeinsatzkommandos beim Zutritt in die Wohnung mit einer Schusswaffe bedroht haben, woraufhin es zum polizeilichen Schusswaffengebrauch kam. Trotz umgehend eingeleiteter medizinischer Versorgung verstarb der getroffene Mann noch vor Ort.<br \/>\nBei der anschlie\u00dfenden Sicherstellung der Schusswaffe, mit der die Beamten von dem 44-J\u00e4hrigen bedroht worden sein sollen, stellte sich heraus, dass es sich hierbei um eine Druckluftwaffe handelte. Ob der Mann diese oder eine andere Schusswaffe benutzt hat, um aus dem Geb\u00e4ude zu schie\u00dfen, ist Gegenstand der Ermittlungen.<br \/>\nDie Ermittlungen zum polizeilichen Schusswaffengebrauch werden durch das Landeskriminalamt Baden-W\u00fcrttemberg gef\u00fchrt.<\/p>\n<p style=\"text-align: justify;\"><strong>Sindelfingen: Pedelec-Fahrerin wird schwer verletzt<\/strong><br \/>\nEine Schwerverletzte forderte ein Verkehrsunfall am Freitagabend s\u00fcdlich von Maichingen im Gewann M\u00fchlweg. Gegen 18.12 Uhr fuhren sowohl eine 62 Jahre alte Pedelec-Fahrerin als auch ein 63 Jahre alter Rennradfahrer auf eine Feldwegkreuzung zu. Nachdem der Rennradfahrer die Kreuzung in s\u00fcdliche Richtung beinahe passiert hatte, erfasste die aus Osten kommende 62-J\u00e4hrige den Hinterreifen des Rennrads, woraufhin sie zu Fall kam und sich schwere Verletzungen zuzog. Am Pedelec der Marke Centurion entstand Sachschaden in H\u00f6he von 1000 Euro, das Rennrad der Marke M\u00fcsing blieb unbesch\u00e4digt. Neben dem Rettungsdienst waren drei Streifenwagen des Polizeipr\u00e4sidiums Ludwigsburg im Einsatz. Ein Rettungshubschrauber \u00fcbernahm den Transport der verletzten Frau in ein nahegelegenes Krankenhaus.<\/p>\n<p style=\"text-align: justify;\"><strong>Rutesheim: Betrug durch falsche Bankmitarbeiter<\/strong><br \/>\nEin 74 Jahre alter Rutesheimer erhielt am Dienstagmorgen (15.07.2025) einen Anruf eines angeblichen Bankmitarbeiters. Der Anrufer machte dem Senior durch geschickte Gespr\u00e4chsf\u00fchrung glaubhaft, dass es auf seinem Bankkonto zu auff\u00e4lligen Aktivit\u00e4ten gekommen sei. Zur Behebung des Problems sollte der 74-J\u00e4hrige eine Fernwartungssoftware auf seinem Computer installieren, um dem Anrufer Zugriff zu erm\u00f6glichen. Im weiteren Verlauf wurde der Senior zur Weitergabe mehrerer so genannter TANs aufgefordert, ehe das Gespr\u00e4ch durch den T\u00e4ter beendet wurde. Als der 74-J\u00e4hrige bemerkte, dass mehrere Tausend Euro von seinem Konto abgebucht worden waren, nahm er Kontakt zu einem echten Bankmitarbeiter und schlie\u00dflich mit der Polizei auf.<\/p>\n<p style=\"text-align: justify;\"><strong>Holzgerlingen: zwei Tatverd\u00e4chtige nach Diebstahl in Haft<\/strong><br \/>\nZwei M\u00e4nner im Alter von 21 Jahren befinden sich seit Montag (14.07.2025) in Untersuchungshaft, nachdem sie im Verdacht stehen, am fr\u00fchen Montagmorgen hochwertiges Veranstaltungsequipment aus einem LKW in Holzgerlingen gestohlen zu haben.<br \/>\nDie beiden M\u00e4nner sollen gegen 04.30 Uhr den Laderaum eines in der Schubertstra\u00dfe geparkten Lkws widerrechtlich ge\u00f6ffnet haben. Anschlie\u00dfend sollen die Tatverd\u00e4chtigen mehrere Kisten mit Veranstaltungstechnik aus dem Lkw aus- und in einen VW-Transporter eingeladen haben, ehe sie mit dem VW fl\u00fcchteten. Zeugen waren durch L\u00e4rm auf das Vorgehen der beiden M\u00e4nner aufmerksam geworden und hatten die Polizei verst\u00e4ndigt.<br \/>\nIm Zuge sofort eingeleiteter Fahndungsma\u00dfnahmen konnte der VW Crafter zun\u00e4chst auf der Bundesstra\u00dfe 464 gesichtet und schlie\u00dflich auf der Bundesautobahn 81 in Richtung Stuttgart kurz vor dem Autobahnkreuz Stuttgart kontrolliert werden. In dem Transporter fanden die Einsatzkr\u00e4fte das kurz zuvor entwendete Diebesgut im Wert von etwa 100.000 Euro.<br \/>\nDie beiden Tatverd\u00e4chtigen wurden vorl\u00e4ufig festgenommen und auf Antrag der Staatsanwaltschaft Stuttgart noch am selben Tag (14.07.2025) einem Richter am Amtsgericht B\u00f6blingen vorgef\u00fchrt. Dieser erlie\u00df Haftbefehle wegen des dringenden Verdachts des besonders schweren Falls des Diebstahls, setzte diese in Vollzug und wies die beiden 21-j\u00e4hrigen rum\u00e4nischen Staatsangeh\u00f6rigen in eine Justizvollzugsanstalt ein.<br \/>\nDen bisherigen Erkenntnissen zufolge k\u00f6nnten die beiden Tatverd\u00e4chtigen mit weiteren noch unbekannten Personen gemeinsam agiert haben, die mit einem VW Passat unterwegs gewesen und ebenfalls in Richtung Bundesautobahn 81 gefl\u00fcchtet sein sollen. Der VW Passat soll ein gelbes ausl\u00e4ndisches Kennzeichen gehabt haben. Die Kriminalpolizei des Polizeipr\u00e4sidiums Ludwigsburg hat die Ermittlungen aufgenommen und bittet Zeugen, die sachdienliche Hinweise geben k\u00f6nnen, sich unter der Tel. 0800 1100225 oder per E-Mail an <a href=\"mailto:hinweise.kripo.boeblingen@polizei.bwl.de\" target=\"_blank\" rel=\"noopener\">hinweise.kripo.boeblingen@polizei.bwl.de<\/a> zu melden.<\/p>\n<p style=\"text-align: justify;\"><strong>Leonberg: Bagger gestohlen<\/strong><br \/>\nNoch unbekannte T\u00e4ter entwendeten zwischen Freitag (11.07.2025), 14.00 Uhr und Montag (14.07.2025), 7.00 Uhr einen Minibagger, der auf einem Parkplatz im Bereich &#8220;Rappenhof&#8221; am Rande der Landesstra\u00dfe 1187 bei Leonberg abgestellt war. Das gelb-schwarze Gef\u00e4hrt hat einen Wert von etwa 8.000 Euro. Es wird davon ausgegangen, dass die T\u00e4ter den Bagger auf ein Transportfahrzeug luden.<br \/>\nZeugen, die sachdienliche Hinweise geben k\u00f6nnen, werden gebeten, sich unter der Tel. 07152 605-0 oder per E-Mail an <a href=\"mailto:leonberg.prev@polizei.bwl.de\" target=\"_blank\" rel=\"noopener\">leonberg.prev@polizei.bwl.de<\/a> mit dem Polizeirevier Leonberg in Verbindung zu setzen.<\/p>\n<p style=\"text-align: justify;\"><strong>Weissach: M\u00e4dchen bei Verkehrsunfall verletzt<\/strong><br \/>\nEin vier Jahre altes M\u00e4dchen wurde am Montag (14.07.2025) vom Rettungsdienst in ein Krankenhaus gebracht, nachdem es gegen 8.40 Uhr in Weissach in einen Verkehrsunfall verwickelt war.<br \/>\nDas M\u00e4dchen stand gemeinsam mit seiner Mutter am Rande der Leonberger Stra\u00dfe an einer Fu\u00dfg\u00e4ngerampel. Eine 54 Jahre alte Mercedes-Lenkerin fuhr unterdessen die Leonberger Stra\u00dfe in Richtung Rutesheim entlang, als das M\u00e4dchen unvermittelt bei Rot die Fahrbahn betrat und mit der rechten Seite des Pkw kollidierte. Die Vierj\u00e4hrige erlitt dabei schwere Verletzungen. Sachschaden entstand bei dem Unfall keiner.<\/p>\n<p style=\"text-align: justify;\"><strong>G\u00e4rtringen: Unbekannte versuchen Geldautomaten aufzubrechen<\/strong><br \/>\nBislang unbekannte T\u00e4ter versuchten am Montag (14.07.2025) gegen 04:30 Uhr einen Geldautomaten im Vorraum einer Bankfiliale in der Hauptstra\u00dfe in G\u00e4rtringen aufzubrechen. Zeugenangaben zufolge sollen drei vermummte Personen den Vorraum der Bank betreten haben und ein Geldautomat solle offenstehen. Mutma\u00dflich durch die Anwesenheit der Zeugen in der N\u00e4he aufgeschreckt, fl\u00fcchteten daraufhin die drei Unbekannten mit einem dunklen VW in unbekannte Richtung. Die alarmierten Streifenwagenbesatzungen stellten fest, dass die Einbrecher die obere Verkleidung des Geldautomaten aufgehebelt hatten, jedoch nicht an das im Automaten gelagerte Bargeld gelangen konnten. Eine sofort eingeleitete Fahndung, in die auch ein Polizeihubschrauber involviert war, f\u00fchrte bislang nicht zur Identifizierung der Tatverd\u00e4chtigen. Die H\u00f6he des entstandenen Sachschadens ist bislang nichtbekannt. Zeugen, die sachdienliche Hinweise geben k\u00f6nnen, werden gebeten, sich bei der Kriminalpolizei des Polizeipr\u00e4sidiums Ludwigsburg unter Tel. 0800 1100225 oder per E-Mail an <a href=\"mailto:hinweise.kripo.boeblingen@polizei.bwl.de\" target=\"_blank\" rel=\"noopener\">hinweise.kripo.boeblingen@polizei.bwl.de<\/a> zu melden.<\/p>\n<p style=\"text-align: justify;\"><strong>Grafenau-D\u00f6ffingen: 53-j\u00e4hriger Radfahrer alkoholisiert in Verkehrsunfall verwickelt<\/strong><br \/>\nMutma\u00dflich, da er unter Alkoholeinfluss stand, war ein 53-j\u00e4hriger Radfahrer am Samstag (12.07.2025) gegen 08:30 Uhr in Grafenau-D\u00f6ffingen in einen Verkehrsunfall verwickelt. Der 53-J\u00e4hrige war mit einem Mountainbike zun\u00e4chst mittig auf der D\u00e4tzinger in Richtung Ortsmitte unterwegs und kollidierte im weiteren Verlauf in H\u00f6he des Alten Rathauses mit einem am Fahrbahnrand geparkten VW. Bei der anschlie\u00dfenden Unfallaufnahme stellte die eingesetzte Streifenwagenbesatzung Anzeichen auf eine Alkoholbeeinflussung bei dem 53-J\u00e4hrigen fest. Ein Atemalkoholtest ergab einen Wert von rund 1,1 Promille. Der Zweiradfahrer musste sich daraufhin einer Blutentnahme unterziehen. Der Sachschaden am VW bel\u00e4uft sich auf etwa 5.000 Euro.<\/p>\n<p style=\"text-align: justify;\"><strong>Holzgerlingen: Unbekannte werfen Gegenst\u00e4nde auf Fahrzeuge &#8211; Zeugen gesucht<\/strong><br \/>\nDas Polizeirevier B\u00f6blingen sucht Zeugen f\u00fcr einen Vorfall, der sich am Sonntag (13.07.2025) auf der Bundesstra\u00dfe 464 (B 464) in Holzgerlingen ereignet hat. Noch unbekannte Personen warfen dort gegen 16:30 Uhr Gegenst\u00e4nde von einer Fu\u00dfg\u00e4ngerbr\u00fccke, die in der N\u00e4he der Regionalbahnhaltestelle Holzgerlingen-H\u00fclben \u00fcber die Bundesstra\u00dfe f\u00fchrt. Ein 51-J\u00e4hriger fuhr auf der B464 in Richtung B\u00f6blingen, als sein Skoda von einem von der Br\u00fccke geworfenen Tetrapack getroffen wurde. Dabei entstand ein Sachschaden von rund 1.000 Euro. Der 51-J\u00e4hrige konnte sehen, dass sich auf der Br\u00fccke zwei Jugendliche im Alter zwischen 12 und 14 Jahren befanden, die mit e-Scootern unterwegs waren. Eine der beiden Personen soll ein wei\u00dfes T-Shirt und eine schwarze Hose getragen haben. Das Polizeirevier B\u00f6blingen hat die Ermittlungen wegen gef\u00e4hrlichen Eingriffs in den Stra\u00dfenverkehr aufgenommen und nimmt sachdienliche Hinweise zu dem Vorfall unter Tel. 07031 13-2500 oder per E-Mail an <a href=\"mailto:boeblingen.prev@polizei.bwl.de\" target=\"_blank\" rel=\"noopener\">boeblingen.prev@polizei.bwl.de<\/a> entgegen.<\/p>\n<p style=\"text-align: justify;\"><strong>Leonberg-Eltingen: Unbekannter entbl\u00f6\u00dft sich vor M\u00e4dchen<\/strong><br \/>\nZwei M\u00e4dchen im Alter von 12 und 14 Jahren waren am Samstag (12.07.2025), gegen 20.45 Uhr zu Fu\u00df im Unteren Ezachweg in Leonberg unterwegs, als sie einem Mann begegneten. Der Unbekannte war mit einem E-Scooter unterwegs. Er soll vor den M\u00e4dchen angehalten und sein Glied entbl\u00f6\u00dft haben. Anschlie\u00dfend fuhr er in unbekannte Richtung davon. Sofort eingeleitete polizeiliche Fahndungsma\u00dfnahmen f\u00fchrten bislang nicht zur Identifizierung des Mannes. Er wird als etwa 20 bis 30 Jahre alt mit s\u00fcdl\u00e4ndischer Erscheinung beschrieben. Er soll einen Dreitagebart und kurze schwarze Haare gehabt haben. Zudem hatte er eine Einkaufst\u00fcte dabei, auf der Gem\u00fcse aufgedruckt war.<br \/>\nDie Kriminalpolizei des Polizeipr\u00e4sidiums Ludwigsburg hat die Ermittlungen aufgenommen und bittet Zeugen, die sachdienliche Hinweise geben k\u00f6nnen, sich unter der Tel. 0800 1100225 oder per E-Mail an <a href=\"mailto:hinweise.kripo.boeblingen@polizei.bwl.de\" target=\"_blank\" rel=\"noopener\">hinweise.kripo.boeblingen@polizei.bwl.de<\/a> zu melden.<\/p>\n<hr \/>\n<p>&nbsp;<\/p>\n","protected":false},"excerpt":{"rendered":"<p>Quelle: ots Leonberg: Polizeilicher Schusswaffengebrauch Am Nachmittag des 19. Juli 2025 ging bei der Polizei in Leonberg ein Notruf ein, in dem mitgeteilt wurde, dass in der Hohheckstra\u00dfe ein Mann aus dem Obergeschoss seines Hauses mit einer Schusswaffe offenbar wahllos mehrfach auf die Stra\u00dfe, das gegen\u00fcberliegende Geb\u00e4ude und vorbeigehende Passanten schie\u00dft. Auch auf die eintreffenden [&hellip;]<\/p>\n","protected":false},"author":4,"featured_media":152245,"comment_status":"closed","ping_status":"open","sticky":false,"template":"","format":"standard","meta":{"inline_featured_image":false,"_exactmetrics_skip_tracking":false,"_exactmetrics_sitenote_active":false,"_exactmetrics_sitenote_note":"","_exactmetrics_sitenote_category":0,"footnotes":""},"categories":[11239],"tags":[3061,14857,68,205,1625],"class_list":{"0":"post-156675","1":"post","2":"type-post","3":"status-publish","4":"format-standard","5":"has-post-thumbnail","7":"category-region-boblingen-leonberg","8":"tag-boblingen","9":"tag-die-webzeitung","10":"tag-online-zeitung","11":"tag-polizei","12":"tag-report"},"image_feature":"https:\/\/die-webzeitung.de\/stuttgart\/wp-content\/uploads\/sites\/4\/2024\/02\/Polizei-Pix-scaled.jpg","author_name":"Redaktion","pure_taxonomies":{"categories":[{"term_id":11239,"name":"Polizei-Report B\u00f6blingen","slug":"region-boblingen-leonberg","term_group":0,"term_taxonomy_id":11277,"taxonomy":"category","description":"Polizeiberichte aus der Region des Landkreises B\u00f6blingen","parent":1619,"count":68,"filter":"raw","image":""}],"tags":[{"term_id":3061,"name":"B\u00f6blingen","slug":"boblingen","term_group":0,"term_taxonomy_id":3075,"taxonomy":"post_tag","description":"","parent":0,"count":260,"filter":"raw","image":""},{"term_id":14857,"name":"Die-Webzeitung","slug":"die-webzeitung","term_group":0,"term_taxonomy_id":14876,"taxonomy":"post_tag","description":"","parent":0,"count":3623,"filter":"raw","image":""},{"term_id":68,"name":"Online-Zeitung","slug":"online-zeitung","term_group":0,"term_taxonomy_id":69,"taxonomy":"post_tag","description":"","parent":0,"count":3593,"filter":"raw","image":""},{"term_id":205,"name":"Polizei","slug":"polizei","term_group":0,"term_taxonomy_id":208,"taxonomy":"post_tag","description":"","parent":0,"count":277,"filter":"raw","image":""},{"term_id":1625,"name":"Report","slug":"report","term_group":0,"term_taxonomy_id":1634,"taxonomy":"post_tag","description":"","parent":0,"count":210,"filter":"raw","image":""}]},"_links":{"self":[{"href":"https:\/\/die-webzeitung.de\/stuttgart\/wp-json\/wp\/v2\/posts\/156675","targetHints":{"allow":["GET"]}}],"collection":[{"href":"https:\/\/die-webzeitung.de\/stuttgart\/wp-json\/wp\/v2\/posts"}],"about":[{"href":"https:\/\/die-webzeitung.de\/stuttgart\/wp-json\/wp\/v2\/types\/post"}],"author":[{"embeddable":true,"href":"https:\/\/die-webzeitung.de\/stuttgart\/wp-json\/wp\/v2\/users\/4"}],"replies":[{"embeddable":true,"href":"https:\/\/die-webzeitung.de\/stuttgart\/wp-json\/wp\/v2\/comments?post=156675"}],"version-history":[{"count":10,"href":"https:\/\/die-webzeitung.de\/stuttgart\/wp-json\/wp\/v2\/posts\/156675\/revisions"}],"predecessor-version":[{"id":156775,"href":"https:\/\/die-webzeitung.de\/stuttgart\/wp-json\/wp\/v2\/posts\/156675\/revisions\/156775"}],"wp:featuredmedia":[{"embeddable":true,"href":"https:\/\/die-webzeitung.de\/stuttgart\/wp-json\/wp\/v2\/media\/152245"}],"wp:attachment":[{"href":"https:\/\/die-webzeitung.de\/stuttgart\/wp-json\/wp\/v2\/media?parent=156675"}],"wp:term":[{"taxonomy":"category","embeddable":true,"href":"https:\/\/die-webzeitung.de\/stuttgart\/wp-json\/wp\/v2\/categories?post=156675"},{"taxonomy":"post_tag","embeddable":true,"href":"https:\/\/die-webzeitung.de\/stuttgart\/wp-json\/wp\/v2\/tags?post=156675"}],"curies":[{"name":"wp","href":"https:\/\/api.w.org\/{rel}","templated":true}]}}