{"id":156641,"date":"2025-07-09T14:44:46","date_gmt":"2025-07-09T13:44:46","guid":{"rendered":"https:\/\/die-webzeitung.de\/stuttgart\/?p=156641"},"modified":"2025-12-05T12:09:26","modified_gmt":"2025-12-05T11:09:26","slug":"kostenlos-mit-bussen-und-bahnen-in-ostfildern-fahren","status":"publish","type":"post","link":"https:\/\/die-webzeitung.de\/stuttgart\/2025\/07\/09\/kostenlos-mit-bussen-und-bahnen-in-ostfildern-fahren\/","title":{"rendered":"Kostenlos mit Bussen und Bahnen in Ostfildern fahren"},"content":{"rendered":"<h3 style=\"text-align: justify;\"><strong>Wer am Sonntag in Ostfildern mit Bus und Bahn f\u00e4hrt braucht anl\u00e4sslich des Stadtjubil\u00e4ums kein Ticket<\/strong><\/h3>\n<p style=\"text-align: justify;\">Ostfildern.| Am Sonntag, 13. Juli 2025 ist anl\u00e4sslich des Stadtjubil\u00e4ums in Ostfildern der gesamte Nahverkehr im kostenlos. Die Freifahrt gilt, wie das StadtTicket, f\u00fcr alle Busse und Stadtbahnen im gesamten Stadtgebiet, also auch in allen Teilorten. Die Stadtbahnen der U7 und U8 verbinden Ruit mit dem Nellinger Schulzentrum. Dazwischen machen die Bahnen Stopps an folgenden Haltestellen: Zinsholz, Parksiedlung, Scharnhauser Park, Kreuzbrunnen und Technische Akademie.<\/p>\n<p style=\"text-align: justify;\">Mit der Aktion m\u00f6chten die Stadt Ostfildern ein Zeichen f\u00fcr nachhaltige Mobilit\u00e4t setzen und gleichzeitig allen Besucherinnen und Besuchern die M\u00f6glichkeit geben, das Jubil\u00e4um bequem und umweltfreundlich zu erreichen. Das kostenlose Angebot richtet sich an alle, die kein Deutschland-Ticket, D-Ticket JugendBW oder VVS-Abo\/-Zeitticket haben und trotzdem an diesem Tag umweltfreundlich in Ostfildern unterwegs sein m\u00f6chten.<\/p>\n<p style=\"text-align: justify;\">Fahrg\u00e4ste finden ihren individuellen Fahrplan in der VVS-Fahrplanauskunft \u00fcber die VVS-Homepage unter <a href=\"http:\/\/vvs.de\" data-saferedirecturl=\"https:\/\/www.google.com\/url?q=http:\/\/vvs.de&amp;source=gmail&amp;ust=1752152394718000&amp;usg=AOvVaw2ZbvOrlnPASCeUl7kwJQP4\">vvs.de<\/a> oder in der App \u201eVVS mobil\u201c.<\/p>\n<p style=\"text-align: justify;\">Die Stadt Ostfildern feiert ihr Jubil\u00e4um vor dem Stadthaus und im Baumhain im Scharnhauser Park mit einem bunten Programm f\u00fcr die ganze Familie \u2013 von Musik und Kultur \u00fcber Mitmachaktionen bis hin zu kulinarischen Angeboten. Dank der kostenlosen Nutzung von Bus und Bahn steht einem entspannten Festsonntag nichts im Wege.<\/p>\n<p style=\"text-align: justify;\">Wichtiger Hinweis: F\u00fcr die Fahrt nach Ostfildern m\u00fcssen Fahrg\u00e4ste ein regul\u00e4res VVS-Ticket haben oder kaufen.<\/p>\n<hr \/>\n<p style=\"text-align: justify;\">\n","protected":false},"excerpt":{"rendered":"<p>Wer am Sonntag in Ostfildern mit Bus und Bahn f\u00e4hrt braucht anl\u00e4sslich des Stadtjubil\u00e4ums kein Ticket Ostfildern.| Am Sonntag, 13. Juli 2025 ist anl\u00e4sslich des Stadtjubil\u00e4ums in Ostfildern der gesamte Nahverkehr im kostenlos. Die Freifahrt gilt, wie das StadtTicket, f\u00fcr alle Busse und Stadtbahnen im gesamten Stadtgebiet, also auch in allen Teilorten. Die Stadtbahnen der [&hellip;]<\/p>\n","protected":false},"author":4,"featured_media":0,"comment_status":"closed","ping_status":"open","sticky":false,"template":"","format":"standard","meta":{"inline_featured_image":false,"_exactmetrics_skip_tracking":false,"_exactmetrics_sitenote_active":false,"_exactmetrics_sitenote_note":"","_exactmetrics_sitenote_category":0,"footnotes":""},"categories":[2247],"tags":[111,695,14857,258,68,14439],"class_list":{"0":"post-156641","1":"post","2":"type-post","3":"status-publish","4":"format-standard","6":"category-kreis-esslingen","7":"tag-bahn","8":"tag-bus","9":"tag-die-webzeitung","10":"tag-jubilaum","11":"tag-online-zeitung","12":"tag-ostfildern"},"image_feature":null,"author_name":"Redaktion","pure_taxonomies":{"categories":[{"term_id":2247,"name":"Kreis Esslingen","slug":"kreis-esslingen","term_group":0,"term_taxonomy_id":2260,"taxonomy":"category","description":"Informationen aus dem Landkreis Esslingen","parent":171,"count":214,"filter":"raw","image":""}],"tags":[{"term_id":111,"name":"Bahn","slug":"bahn","term_group":0,"term_taxonomy_id":113,"taxonomy":"post_tag","description":"","parent":0,"count":36,"filter":"raw","image":""},{"term_id":695,"name":"Bus","slug":"bus","term_group":0,"term_taxonomy_id":703,"taxonomy":"post_tag","description":"","parent":0,"count":17,"filter":"raw","image":""},{"term_id":14857,"name":"Die-Webzeitung","slug":"die-webzeitung","term_group":0,"term_taxonomy_id":14876,"taxonomy":"post_tag","description":"","parent":0,"count":3625,"filter":"raw","image":""},{"term_id":258,"name":"Jubil\u00e4um","slug":"jubilaum","term_group":0,"term_taxonomy_id":263,"taxonomy":"post_tag","description":"","parent":0,"count":4,"filter":"raw","image":""},{"term_id":68,"name":"Online-Zeitung","slug":"online-zeitung","term_group":0,"term_taxonomy_id":69,"taxonomy":"post_tag","description":"","parent":0,"count":3595,"filter":"raw","image":""},{"term_id":14439,"name":"Ostfildern","slug":"ostfildern","term_group":0,"term_taxonomy_id":1797,"taxonomy":"post_tag","description":"","parent":0,"count":35,"filter":"raw","image":""}]},"_links":{"self":[{"href":"https:\/\/die-webzeitung.de\/stuttgart\/wp-json\/wp\/v2\/posts\/156641","targetHints":{"allow":["GET"]}}],"collection":[{"href":"https:\/\/die-webzeitung.de\/stuttgart\/wp-json\/wp\/v2\/posts"}],"about":[{"href":"https:\/\/die-webzeitung.de\/stuttgart\/wp-json\/wp\/v2\/types\/post"}],"author":[{"embeddable":true,"href":"https:\/\/die-webzeitung.de\/stuttgart\/wp-json\/wp\/v2\/users\/4"}],"replies":[{"embeddable":true,"href":"https:\/\/die-webzeitung.de\/stuttgart\/wp-json\/wp\/v2\/comments?post=156641"}],"version-history":[{"count":1,"href":"https:\/\/die-webzeitung.de\/stuttgart\/wp-json\/wp\/v2\/posts\/156641\/revisions"}],"predecessor-version":[{"id":156642,"href":"https:\/\/die-webzeitung.de\/stuttgart\/wp-json\/wp\/v2\/posts\/156641\/revisions\/156642"}],"wp:attachment":[{"href":"https:\/\/die-webzeitung.de\/stuttgart\/wp-json\/wp\/v2\/media?parent=156641"}],"wp:term":[{"taxonomy":"category","embeddable":true,"href":"https:\/\/die-webzeitung.de\/stuttgart\/wp-json\/wp\/v2\/categories?post=156641"},{"taxonomy":"post_tag","embeddable":true,"href":"https:\/\/die-webzeitung.de\/stuttgart\/wp-json\/wp\/v2\/tags?post=156641"}],"curies":[{"name":"wp","href":"https:\/\/api.w.org\/{rel}","templated":true}]}}