{"id":156629,"date":"2025-07-08T18:16:27","date_gmt":"2025-07-08T17:16:27","guid":{"rendered":"https:\/\/die-webzeitung.de\/stuttgart\/?p=156629"},"modified":"2025-12-05T12:09:50","modified_gmt":"2025-12-05T11:09:50","slug":"auszeichnung-fuer-arbeitgeberkampagne-der-stadt-kirchheim-unter-teck","status":"publish","type":"post","link":"https:\/\/die-webzeitung.de\/stuttgart\/2025\/07\/08\/auszeichnung-fuer-arbeitgeberkampagne-der-stadt-kirchheim-unter-teck\/","title":{"rendered":"Auszeichnung f\u00fcr Arbeitgeberkampagne der Stadt Kirchheim unter Teck"},"content":{"rendered":"<h3 style=\"text-align: justify;\"><strong>German Brand Award f\u00fcr Agentur fmk.<\/strong><\/h3>\n<p style=\"text-align: justify;\">Kirchheim unter Teck.|\u00a0Die von der Stadt Kirchheim unter Teck im Auftrag gegebene Arbeitgeberkampagne wurde mit dem German Brand Award 2025 ausgezeichnet. Die Kirchheimer Agenturgruppe fmk. und FACT, die die neue Arbeitgebermarke entwickelt und umgesetzt hat, erhielt den renommierten Markenpreis in der Kategorie \u201eEmployer Branding Activities &amp; Campaigns\u201c und \u201eBrand Strategy of the Year\u201c. Die Stadt freut sich \u00fcber die \u00fcberregionale Anerkennung f\u00fcr einen Markenauftritt, der mit kreativen Ideen und authentischer Umsetzung neue Ma\u00dfst\u00e4be im \u00f6ffentlichen Dienst setzt.<\/p>\n<p style=\"text-align: justify;\">\u201eDass unsere Arbeitgebermarke jetzt mit dem German Brand Award ausgezeichnet wurde, freut uns riesig. Die kreative Idee und das Gesp\u00fcr von der Agenturgruppe fmk. und FACT haben entscheidend dazu beigetragen, dass aus unseren Inhalten und Werten ein st\u00e4rkerer, moderner Auftritt geworden ist, der zu uns passt und wirkt\u201c, so Katja Schmitt, Abteilungsleiterin Personal und Organisation.<\/p>\n<p style=\"text-align: justify;\">Ziel der Kampagne war es, das Profil der Stadt Kirchheim unter Teck als moderne Arbeitgeberin zu sch\u00e4rfen, um qualifizierte Fachkr\u00e4fte zu gewinnen \u2013 und das auf eine Weise, die auff\u00e4llt und h\u00e4ngen bleibt. Das zentrale Leitmotiv: Arbeiten bei der Stadt Kirchheim unter Teck ist nie \u201eoder\u201c, sondern immer \u201eund\u201c . Ein einfaches, aber starkes Versprechen: Karriere &amp; Privatleben. Struktur &amp; Kreativit\u00e4t. Sicherheit &amp; Entwicklung.<\/p>\n<p style=\"text-align: justify;\">Entwickelt wurde die Kampagne auf Grundlage einer breit angelegten Mitarbeitendenbefragung, an der sich \u00fcber 350 Mitarbeitende beteiligt haben. In mehreren Workshops wurden darauf aufbauend Leitmotive, Bildsprache und ein grafisches Element entwickelt, das nun alle Kommunikationskan\u00e4le begleitet und f\u00fcr hohe Wiedererkennung sorgt. Als Gesichter der Kampagne treten Mitarbeitende selbst auf. Das war ein bewusst gew\u00e4hlter Schritt, um Authentizit\u00e4t statt Hochglanzversprechen zu vermitteln.<\/p>\n<p style=\"text-align: justify;\">\u201eUns war wichtig, nicht nur modern zu wirken, sondern unsere Haltung nach au\u00dfen sichtbar zu machen: Wir wollen individuelle Wege erm\u00f6glichen, flexibel auf Lebenssituationen eingehen und ein menschliches Arbeitsumfeld schaffen\u201c, betont Katja Schmitt.<\/p>\n<p style=\"text-align: justify;\">Die Agenturgruppe fmk. und FACT kann auf eine au\u00dfergew\u00f6hnliche Erfolgsbilanz beim German Brand Award 2025 zur\u00fcckblicken: Insgesamt sieben Auszeichnungen sprechen f\u00fcr die hohe Qualit\u00e4t und Kreativit\u00e4t des Teams, das von internationalem Brand Design \u00fcber innovative Kommunikationskampagnen bis hin zur Entwicklung von Corporate Brands reicht. Die Entscheidung f\u00fcr die Agenturgruppe fmk. und FACT und den gemeinsam eingeschlagenen Weg haben sich bew\u00e4hrt: Die neue Arbeitgebermarke \u00fcberzeugt durch einen klaren, authentischen und zeitgem\u00e4\u00dfen Auftritt.<\/p>\n<p style=\"text-align: justify;\">Bereits erste Umsetzungsschritte wie ein neuer Karrierebereich auf der st\u00e4dtischen Website sowie gezielte Social-Media-Ma\u00dfnahmen haben die Aufmerksamkeit f\u00fcr die Arbeitgebermarke erh\u00f6ht. Weitere Schritte zur Steigerung der Sichtbarkeit und Fachkr\u00e4ftegewinnung sind in der Planung.<\/p>\n<p style=\"text-align: justify;\">Der German Brand Award z\u00e4hlt zu den bedeutendsten Marken- und Kommunikationspreisen Deutschlands. Er pr\u00e4sentiert herausragende Markenerfolge \u2013 ausgew\u00e4hlt durch eine unabh\u00e4ngige Jury aus \u00fcber 1.500 Einreichungen aus 11 L\u00e4ndern. Hinter dem German Brand Award steht der Rat f\u00fcr Formgebung. Er arbeitet im Auftrag des Deutschen Bundestages und ist die Instanz f\u00fcr Design in Deutschland seit 1953. Aufgabe ist es, das Potenzial von Design f\u00fcr eine nachhaltige Zukunft zu entfalten und Wirtschaft und Design zusammenzubringen.<\/p>\n<hr \/>\n<p style=\"text-align: justify;\">\n","protected":false},"excerpt":{"rendered":"<p>German Brand Award f\u00fcr Agentur fmk. Kirchheim unter Teck.|\u00a0Die von der Stadt Kirchheim unter Teck im Auftrag gegebene Arbeitgeberkampagne wurde mit dem German Brand Award 2025 ausgezeichnet. Die Kirchheimer Agenturgruppe fmk. und FACT, die die neue Arbeitgebermarke entwickelt und umgesetzt hat, erhielt den renommierten Markenpreis in der Kategorie \u201eEmployer Branding Activities &amp; Campaigns\u201c und \u201eBrand [&hellip;]<\/p>\n","protected":false},"author":4,"featured_media":156630,"comment_status":"closed","ping_status":"open","sticky":false,"template":"","format":"standard","meta":{"inline_featured_image":false,"_exactmetrics_skip_tracking":false,"_exactmetrics_sitenote_active":false,"_exactmetrics_sitenote_note":"","_exactmetrics_sitenote_category":0,"footnotes":""},"categories":[59,2247],"tags":[14857,18052,68],"class_list":{"0":"post-156629","1":"post","2":"type-post","3":"status-publish","4":"format-standard","5":"has-post-thumbnail","7":"category-aktuell","8":"category-kreis-esslingen","9":"tag-die-webzeitung","10":"tag-kirchheim-teck","11":"tag-online-zeitung"},"image_feature":"https:\/\/die-webzeitung.de\/stuttgart\/wp-content\/uploads\/sites\/4\/2025\/07\/Bild2_Stadtverwaltung-Kirchheim-unter-Teck_Gruppenfot-der-Mitarbeitenden-der-Arbeitgebermarke-scaled.jpg","author_name":"Redaktion","pure_taxonomies":{"categories":[{"term_id":59,"name":"Aktuell","slug":"aktuell","term_group":0,"term_taxonomy_id":60,"taxonomy":"category","description":"","parent":0,"count":1017,"filter":"raw","image":""},{"term_id":2247,"name":"Kreis Esslingen","slug":"kreis-esslingen","term_group":0,"term_taxonomy_id":2260,"taxonomy":"category","description":"Informationen aus dem Landkreis Esslingen","parent":171,"count":214,"filter":"raw","image":""}],"tags":[{"term_id":14857,"name":"Die-Webzeitung","slug":"die-webzeitung","term_group":0,"term_taxonomy_id":14876,"taxonomy":"post_tag","description":"","parent":0,"count":3625,"filter":"raw","image":""},{"term_id":18052,"name":"Kirchheim\/Teck","slug":"kirchheim-teck","term_group":0,"term_taxonomy_id":18071,"taxonomy":"post_tag","description":"","parent":0,"count":23,"filter":"raw","image":""},{"term_id":68,"name":"Online-Zeitung","slug":"online-zeitung","term_group":0,"term_taxonomy_id":69,"taxonomy":"post_tag","description":"","parent":0,"count":3595,"filter":"raw","image":""}]},"_links":{"self":[{"href":"https:\/\/die-webzeitung.de\/stuttgart\/wp-json\/wp\/v2\/posts\/156629","targetHints":{"allow":["GET"]}}],"collection":[{"href":"https:\/\/die-webzeitung.de\/stuttgart\/wp-json\/wp\/v2\/posts"}],"about":[{"href":"https:\/\/die-webzeitung.de\/stuttgart\/wp-json\/wp\/v2\/types\/post"}],"author":[{"embeddable":true,"href":"https:\/\/die-webzeitung.de\/stuttgart\/wp-json\/wp\/v2\/users\/4"}],"replies":[{"embeddable":true,"href":"https:\/\/die-webzeitung.de\/stuttgart\/wp-json\/wp\/v2\/comments?post=156629"}],"version-history":[{"count":1,"href":"https:\/\/die-webzeitung.de\/stuttgart\/wp-json\/wp\/v2\/posts\/156629\/revisions"}],"predecessor-version":[{"id":156631,"href":"https:\/\/die-webzeitung.de\/stuttgart\/wp-json\/wp\/v2\/posts\/156629\/revisions\/156631"}],"wp:featuredmedia":[{"embeddable":true,"href":"https:\/\/die-webzeitung.de\/stuttgart\/wp-json\/wp\/v2\/media\/156630"}],"wp:attachment":[{"href":"https:\/\/die-webzeitung.de\/stuttgart\/wp-json\/wp\/v2\/media?parent=156629"}],"wp:term":[{"taxonomy":"category","embeddable":true,"href":"https:\/\/die-webzeitung.de\/stuttgart\/wp-json\/wp\/v2\/categories?post=156629"},{"taxonomy":"post_tag","embeddable":true,"href":"https:\/\/die-webzeitung.de\/stuttgart\/wp-json\/wp\/v2\/tags?post=156629"}],"curies":[{"name":"wp","href":"https:\/\/api.w.org\/{rel}","templated":true}]}}