{"id":156604,"date":"2025-07-07T13:12:40","date_gmt":"2025-07-07T12:12:40","guid":{"rendered":"https:\/\/die-webzeitung.de\/stuttgart\/2025\/07\/07\/barock-volleys-beweisen-u23-nationalspieler-aus-den-usa\/"},"modified":"2025-07-07T13:12:40","modified_gmt":"2025-07-07T12:12:40","slug":"barock-volleys-beweisen-u23-nationalspieler-aus-den-usa","status":"publish","type":"post","link":"https:\/\/die-webzeitung.de\/stuttgart\/2025\/07\/07\/barock-volleys-beweisen-u23-nationalspieler-aus-den-usa\/","title":{"rendered":"Barock Volleys beweisen U23-Nationalspieler aus den USA"},"content":{"rendered":"<p style=\"text-align: justify;\">Ludwigsburg.| Der US-Amerikaner Nyherowo Omene ist der n\u00e4chste Neuzugang des Volleyball-Bundesligisten Barock Volleys MTV Ludwigsburg. Der 22-J\u00e4hrige soll als Schl\u00fcsselspieler auf der Diagonalposition f\u00fcr Punkte sorgen, wenn die Ludwigsburger ab Oktober in ihre erste Saison der 1. Volleyball-Bundesliga starten. Nyherowo Omene hat sein Architektur-Studium an der Princeton University gerade abgeschlossen und wird nun in Europa seine Profikarriere vorantreiben.<\/p>\n<h4 style=\"text-align: justify;\"><strong>Feste Gr\u00f6\u00dfe in den Nachwuchsteams der USA<\/strong><\/h4>\n<p style=\"text-align: justify;\">Im Juli ist der Diagonalangreifer noch mit dem Team USA U23 unterwegs und wird Anfang August um den Pan-American-Cup spielen. Der 2,01 Meter gro\u00dfe Angreifer, der urspr\u00fcnglich als Blockspieler ausgebildet wurde, spielt bereits seit 2021 in den Nachwuchsteams der USA und war Kapit\u00e4n der U21-Mannschaft. Auch an der Universit\u00e4t f\u00fchrte er die Princeton Tigers als Kapit\u00e4n an und wurde mehrfach als bester Spieler ausgezeichnet (ua 2025 AVCA All-American Honourable Mention).<\/p>\n<p style=\"text-align: justify;\">Ludwigsburgs Sportdirektor Michael Dornheim freute sich \u00fcber den schlagkr\u00e4ftigen US-Amerikaner: \u201eNyherowo bringt alles mit, was ein guter Diagonalangreifer braucht: gro\u00dfe Flexibilit\u00e4t gepaart mit Schlagh\u00e4rte und einer enormen Abschlagh\u00f6he.\u201c Nyherowo Omene wird Mitte August in Ludwigsburg ankommen und schickt vorab Gr\u00fc\u00dfe in die Barockstadt: \u201eIch freue mich auf die Barock Volleys und die 1. Bundesliga. Ludwigsburg ist ein guter Standort, um in meine berufliche Karriere zu starten.\u201c<\/p>\n<h4 style=\"text-align: justify;\"><strong>Der bisherige Kader der Barock Volleys<\/strong><\/h4>\n<p style=\"text-align: justify;\">Damit w\u00e4chst der Kader der Barock Volleys weiter an. Neben Cheftrainer Hasse Mattila sind bereits neun Spieler offiziell verk\u00fcndet worden. Als zehnte Verpflichtung wird am Montag Jonah Dornheim auf der Zuspiel-Position bekannt gegeben:<br \/>\nKader Barock Volleys : Nyherowo Omene (Diagonalangriff\/Princeton University), Tomi Saarinen (Zuspiel\/Powervolleys D\u00fcren), Kapit\u00e4n Ben-Simon Bonin (Au\u00dfenangriff\/Barock Volleys), Tim K\u00f6pfli (Au\u00dfenangriff\/Barock Volleys), Mykyta Shapovalov (Au\u00dfenangriff\/Barock Volleys), Philipp Herrmann (Mittelblock\/Barock Volleys), Jan Huber (Mittelblock\/TV Rottenburg), Darius Diefenbach (Mittelblock\/Barock Volleys), Laurin Schiegl (Libero\/Barock Volleys), Jonah Dornheim (Zuspiel\/Barock Volleys).<\/p>\n<hr \/>\n<p style=\"text-align: justify;\">\n","protected":false},"excerpt":{"rendered":"<p>Ludwigsburg.| Der US-Amerikaner Nyherowo Omene ist der n\u00e4chste Neuzugang des Volleyball-Bundesligisten Barock Volleys MTV Ludwigsburg. Der 22-J\u00e4hrige soll als Schl\u00fcsselspieler auf der Diagonalposition f\u00fcr Punkte sorgen, wenn die Ludwigsburger ab Oktober in ihre erste Saison der 1. Volleyball-Bundesliga starten. Nyherowo Omene hat sein Architektur-Studium an der Princeton University gerade abgeschlossen und wird nun in Europa [&hellip;]<\/p>\n","protected":false},"author":4,"featured_media":0,"comment_status":"closed","ping_status":"open","sticky":false,"template":"","format":"standard","meta":{"inline_featured_image":false,"_exactmetrics_skip_tracking":false,"_exactmetrics_sitenote_active":false,"_exactmetrics_sitenote_note":"","_exactmetrics_sitenote_category":0,"footnotes":""},"categories":[110],"tags":[17904,131,14857,68,10629],"class_list":{"0":"post-156604","1":"post","2":"type-post","3":"status-publish","4":"format-standard","6":"category-sport","7":"tag-barock-volleys","8":"tag-bundesliga","9":"tag-die-webzeitung","10":"tag-online-zeitung","11":"tag-volleyball"},"image_feature":null,"author_name":"Redaktion","pure_taxonomies":{"categories":[{"term_id":110,"name":"Sport","slug":"sport","term_group":0,"term_taxonomy_id":112,"taxonomy":"category","description":"Sportberichte","parent":0,"count":1043,"filter":"raw","image":""}],"tags":[{"term_id":17904,"name":"Barock-Volleys","slug":"barock-volleys","term_group":0,"term_taxonomy_id":17923,"taxonomy":"post_tag","description":"","parent":0,"count":39,"filter":"raw","image":""},{"term_id":131,"name":"Bundesliga","slug":"bundesliga","term_group":0,"term_taxonomy_id":133,"taxonomy":"post_tag","description":"","parent":0,"count":699,"filter":"raw","image":""},{"term_id":14857,"name":"Die-Webzeitung","slug":"die-webzeitung","term_group":0,"term_taxonomy_id":14876,"taxonomy":"post_tag","description":"","parent":0,"count":3628,"filter":"raw","image":""},{"term_id":68,"name":"Online-Zeitung","slug":"online-zeitung","term_group":0,"term_taxonomy_id":69,"taxonomy":"post_tag","description":"","parent":0,"count":3598,"filter":"raw","image":""},{"term_id":10629,"name":"Volleyball","slug":"volleyball","term_group":0,"term_taxonomy_id":10665,"taxonomy":"post_tag","description":"","parent":0,"count":90,"filter":"raw","image":""}]},"_links":{"self":[{"href":"https:\/\/die-webzeitung.de\/stuttgart\/wp-json\/wp\/v2\/posts\/156604","targetHints":{"allow":["GET"]}}],"collection":[{"href":"https:\/\/die-webzeitung.de\/stuttgart\/wp-json\/wp\/v2\/posts"}],"about":[{"href":"https:\/\/die-webzeitung.de\/stuttgart\/wp-json\/wp\/v2\/types\/post"}],"author":[{"embeddable":true,"href":"https:\/\/die-webzeitung.de\/stuttgart\/wp-json\/wp\/v2\/users\/4"}],"replies":[{"embeddable":true,"href":"https:\/\/die-webzeitung.de\/stuttgart\/wp-json\/wp\/v2\/comments?post=156604"}],"version-history":[{"count":0,"href":"https:\/\/die-webzeitung.de\/stuttgart\/wp-json\/wp\/v2\/posts\/156604\/revisions"}],"wp:attachment":[{"href":"https:\/\/die-webzeitung.de\/stuttgart\/wp-json\/wp\/v2\/media?parent=156604"}],"wp:term":[{"taxonomy":"category","embeddable":true,"href":"https:\/\/die-webzeitung.de\/stuttgart\/wp-json\/wp\/v2\/categories?post=156604"},{"taxonomy":"post_tag","embeddable":true,"href":"https:\/\/die-webzeitung.de\/stuttgart\/wp-json\/wp\/v2\/tags?post=156604"}],"curies":[{"name":"wp","href":"https:\/\/api.w.org\/{rel}","templated":true}]}}