{"id":156577,"date":"2025-07-04T17:14:34","date_gmt":"2025-07-04T16:14:34","guid":{"rendered":"https:\/\/die-webzeitung.de\/stuttgart\/2025\/07\/04\/sgv-verpflichtet-stuermertalent-karlo-kuranyi-vom-vfb-stuttgart\/"},"modified":"2025-07-04T17:14:34","modified_gmt":"2025-07-04T16:14:34","slug":"sgv-verpflichtet-stuermertalent-karlo-kuranyi-vom-vfb-stuttgart","status":"publish","type":"post","link":"https:\/\/die-webzeitung.de\/stuttgart\/2025\/07\/04\/sgv-verpflichtet-stuermertalent-karlo-kuranyi-vom-vfb-stuttgart\/","title":{"rendered":"SGV verpflichtet St\u00fcrmertalent Karlo Kuranyi vom VfB Stuttgart"},"content":{"rendered":"<p style=\"text-align: justify;\">Freiberg a. N.| Der SGV Freiberg Fu\u00dfball freut sich \u00fcber die Verpflichtung von Karlo Kuranyi , der zur Saison den Angriff des neuen SGV verst\u00e4rken wird. Der 19-j\u00e4hrige St\u00fcrmer kommt vom VfB Stuttgart , war zuletzt an den FC 08 Villingen verliehen.<\/p>\n<p style=\"text-align: justify;\">Kuranyi, 1,93 Meter gro\u00df , bringt k\u00f6rperliche Pr\u00e4senz, Abschlussst\u00e4rke und viel Potenzial mit. In der Jugend wurde er zun\u00e4chst bei den Stuttgarter Kickers und anschlie\u00dfend beim VfB Stuttgart ausgebildet. Beim FC 08 Villingen sammelte er zuletzt wertvolle Spielpraxis im Herrenbereich.<\/p>\n<p style=\"text-align: justify;\">Zudem ist Kuranyi aktueller U20-Nationalspieler Panamas und bringt internationale Erfahrung mit.<\/p>\n<p style=\"text-align: justify;\">\u201eKarlo ist ein spannendes St\u00fcrmertalent mit viel Entwicklungspotenzial. Wir freuen uns, dass er sich f\u00fcr den SGV entschieden hat und bei uns den n\u00e4chsten Schritt machen m\u00f6chte\u201c, so Sportlicher Leiter Mario Estasi .<\/p>\n<p style=\"text-align: justify;\">Der SGV hei\u00dft Karlo Kuranyi herzlich willkommen in Freiberg und freut sich auf die gemeinsame Zukunft.<\/p>\n<hr \/>\n<p style=\"text-align: justify;\">\n","protected":false},"excerpt":{"rendered":"<p>Freiberg a. N.| Der SGV Freiberg Fu\u00dfball freut sich \u00fcber die Verpflichtung von Karlo Kuranyi , der zur Saison den Angriff des neuen SGV verst\u00e4rken wird. Der 19-j\u00e4hrige St\u00fcrmer kommt vom VfB Stuttgart , war zuletzt an den FC 08 Villingen verliehen. Kuranyi, 1,93 Meter gro\u00df , bringt k\u00f6rperliche Pr\u00e4senz, Abschlussst\u00e4rke und viel Potenzial mit. [&hellip;]<\/p>\n","protected":false},"author":4,"featured_media":156578,"comment_status":"closed","ping_status":"open","sticky":false,"template":"","format":"standard","meta":{"inline_featured_image":false,"_exactmetrics_skip_tracking":false,"_exactmetrics_sitenote_active":false,"_exactmetrics_sitenote_note":"","_exactmetrics_sitenote_category":0,"footnotes":""},"categories":[110],"tags":[14857,80,129,68,14737],"class_list":{"0":"post-156577","1":"post","2":"type-post","3":"status-publish","4":"format-standard","5":"has-post-thumbnail","7":"category-sport","8":"tag-die-webzeitung","9":"tag-freiberger-seite","10":"tag-fusball","11":"tag-online-zeitung","12":"tag-regionalliga"},"image_feature":"https:\/\/die-webzeitung.de\/stuttgart\/wp-content\/uploads\/sites\/4\/2025\/07\/Regionalliga-News-scaled.jpg","author_name":"Redaktion","pure_taxonomies":{"categories":[{"term_id":110,"name":"Sport","slug":"sport","term_group":0,"term_taxonomy_id":112,"taxonomy":"category","description":"Sportberichte","parent":0,"count":1043,"filter":"raw","image":""}],"tags":[{"term_id":14857,"name":"Die-Webzeitung","slug":"die-webzeitung","term_group":0,"term_taxonomy_id":14876,"taxonomy":"post_tag","description":"","parent":0,"count":3625,"filter":"raw","image":""},{"term_id":80,"name":"Freiberg","slug":"freiberger-seite","term_group":0,"term_taxonomy_id":95,"taxonomy":"post_tag","description":"","parent":0,"count":78,"filter":"raw","image":""},{"term_id":129,"name":"Fu\u00dfball","slug":"fusball","term_group":0,"term_taxonomy_id":131,"taxonomy":"post_tag","description":"","parent":0,"count":171,"filter":"raw","image":""},{"term_id":68,"name":"Online-Zeitung","slug":"online-zeitung","term_group":0,"term_taxonomy_id":69,"taxonomy":"post_tag","description":"","parent":0,"count":3595,"filter":"raw","image":""},{"term_id":14737,"name":"Regionalliga","slug":"regionalliga","term_group":0,"term_taxonomy_id":14756,"taxonomy":"post_tag","description":"","parent":0,"count":53,"filter":"raw","image":""}]},"_links":{"self":[{"href":"https:\/\/die-webzeitung.de\/stuttgart\/wp-json\/wp\/v2\/posts\/156577","targetHints":{"allow":["GET"]}}],"collection":[{"href":"https:\/\/die-webzeitung.de\/stuttgart\/wp-json\/wp\/v2\/posts"}],"about":[{"href":"https:\/\/die-webzeitung.de\/stuttgart\/wp-json\/wp\/v2\/types\/post"}],"author":[{"embeddable":true,"href":"https:\/\/die-webzeitung.de\/stuttgart\/wp-json\/wp\/v2\/users\/4"}],"replies":[{"embeddable":true,"href":"https:\/\/die-webzeitung.de\/stuttgart\/wp-json\/wp\/v2\/comments?post=156577"}],"version-history":[{"count":0,"href":"https:\/\/die-webzeitung.de\/stuttgart\/wp-json\/wp\/v2\/posts\/156577\/revisions"}],"wp:featuredmedia":[{"embeddable":true,"href":"https:\/\/die-webzeitung.de\/stuttgart\/wp-json\/wp\/v2\/media\/156578"}],"wp:attachment":[{"href":"https:\/\/die-webzeitung.de\/stuttgart\/wp-json\/wp\/v2\/media?parent=156577"}],"wp:term":[{"taxonomy":"category","embeddable":true,"href":"https:\/\/die-webzeitung.de\/stuttgart\/wp-json\/wp\/v2\/categories?post=156577"},{"taxonomy":"post_tag","embeddable":true,"href":"https:\/\/die-webzeitung.de\/stuttgart\/wp-json\/wp\/v2\/tags?post=156577"}],"curies":[{"name":"wp","href":"https:\/\/api.w.org\/{rel}","templated":true}]}}