{"id":156561,"date":"2025-07-05T19:37:58","date_gmt":"2025-07-05T18:37:58","guid":{"rendered":"https:\/\/die-webzeitung.de\/stuttgart\/?p=156561"},"modified":"2025-07-06T10:32:19","modified_gmt":"2025-07-06T09:32:19","slug":"stuttgarter-gemeinderat-beschliesst-gemeinsame-machbarkeitsstudie-fuer-buga-2043","status":"publish","type":"post","link":"https:\/\/die-webzeitung.de\/stuttgart\/2025\/07\/05\/stuttgarter-gemeinderat-beschliesst-gemeinsame-machbarkeitsstudie-fuer-buga-2043\/","title":{"rendered":"Stuttgarter Gemeinderat beschlie\u00dft\u00a0 gemeinsame Machbarkeitsstudie f\u00fcr BUGA 2043"},"content":{"rendered":"<h3 style=\"text-align: justify;\"><strong>Auf die Idee folgt der erste Schritt: Gemeinsam wollen die Landeshauptstadt<\/strong><\/h3>\n<p style=\"text-align: justify;\">Stuttgart.| Stuttgart, die St\u00e4dte Esslingen und Ludwigsburg sowie der Verband Region Stuttgart (VRS) sich um die Ausrichtung einer interkommunalen Bundesgartenschau (BUGA) im Jahr 2043 \u2013 oder zu einem fr\u00fcheren Zeitpunkt \u2013 bewerben. Einstimmig hat der Stuttgarter Gemeinderat daf\u00fcr in seiner Sitzung am Donnerstag, 3. Juli, jetzt Mittel freigegeben, um eine Machbarkeitsstudie mitzufinanzieren.<\/p>\n<p style=\"text-align: justify;\">Die Landeshauptstadt tr\u00e4gt wie jeder Partner mit rund 66.000 Euro ein Viertel der\u00a0Gesamtkosten der Studie, die sich auf maximal 262.990 Euro belaufen. Der Stuttgarter Beitrag kommt aus dem Budget des Amtes f\u00fcr Stadtplanung und Wohnen im laufenden Haushalt.<\/p>\n<p style=\"text-align: justify;\">Oberb\u00fcrgermeister Dr. Frank Nopper sagte: \u201eEs wird allerh\u00f6chste Zeit f\u00fcr eine weitere Bundesgartenschau in unserer Region. Der Neckar als einer der\u00a0Hauptschaupl\u00e4tze der angestrebten Bundesgartenschau ist das verbindende Band der Region\u201c, so der OB. \u201eEine Bundesgartenschau w\u00fcrde ganz neue Perspektiven f\u00fcr den uns alle verbindenden Neckar er\u00f6ffnen. Er k\u00f6nnte sich f\u00fcr kommende Generationen vom reinen Industriefluss zum vitalen Landschaftserlebnis weiterentwickeln. Die \u201aStadt am Fluss\u2018 ist eine seit Jahren bestehende Vision. F\u00fcr die Verwirklichung solcher Ideen braucht man viel Geduld und einen langen Atem. Was beim ,Gr\u00fcnen U\u2018 mithilfe der Internationalen Gartenbauausstellung 1993 gelang, kann beim ,Blauen Band\u2018 mithilfe der BUGA 2043 gelingen.\u201c<\/p>\n<h4 style=\"text-align: justify;\"><strong>Nachhaltige Entwicklung entlang des Neckars<\/strong><\/h4>\n<p style=\"text-align: justify;\">Von der Initiative versprechen sich die Partner, die nachhaltige Stadt- und\u00a0Regionalentwicklung entlang des Neckars vorantreiben. Die Studie soll eine fachlich fundierte Grundlage liefern und das Potenzial einer BUGA f\u00fcr die zentralen\u00a0Entwicklungsziele mit Blick auf Lebensqualit\u00e4t, Biodiversit\u00e4t, Naherholung,\u00a0Wassermanagement, Fachkr\u00e4ftegewinnung und Standortattraktivit\u00e4t bewerten sowie die r\u00e4umlichen, finanziellen sowie organisatorischen Herausforderungen aufzeigen.<\/p>\n<p style=\"text-align: justify;\">Erst auf Basis dieser Analyse entscheiden die Gremien der St\u00e4dte und des VRS, ob sie eine Bewerbung f\u00fcr die BUGA 2043 (oder fr\u00fcher) tats\u00e4chlich einreichen.<\/p>\n<p style=\"text-align: justify;\">Die angestrebte BUGA soll den in diesem Abschnitt urban-industriell gepr\u00e4gten Raum entlang des Neckars neu interpretieren und Zukunftsthemen in den Bereichen der Klimaanpassung, Biodiversit\u00e4t, Naherholung und Standortattraktivit\u00e4t aufgreifen. Ein besonderer Fokus liegt auf der Verzahnung von Stadt, Freiraum und\u00a0Wasserinfrastruktur \u2013 basierend auf den Prinzipien einer multifunktionalen \u201eblaugr\u00fcnen Infrastruktur\u201c aus nat\u00fcrlichen und naturnahen Fl\u00e4chen.<\/p>\n<h4 style=\"text-align: justify;\"><strong>Einbindung von B\u00fcrgerschaft und Fachwelt<\/strong><\/h4>\n<p style=\"text-align: justify;\">Ein zentrales Anliegen ist das aktive Einbinden von B\u00fcrgerschaft und Fachwelt. Die BUGA soll nicht nur als einmaliges Ereignis, sondern als langfristiger Prozess mit sichtbaren Entwicklungsschritten erlebt werden. Geplant ist eine breite Beteiligung durch Dialogformate, Veranstaltungen und Erlebnisangebote \u2013 etwa im Rahmen etablierter Veranstaltungsreihen wie den Neckartagungen, dem NaturVision-Festival oder den NaturErlebnisTagen. Damit wollen die Initiatoren das Thema kontinuierlich in die Bev\u00f6lkerung tragen, erlebbare Momente am Fluss schaffen und dabei stetig Impulse f\u00fcr neue Ideen geben.<\/p>\n<p style=\"text-align: justify;\">Bereits bestehende Planwerke wie der \u201eMasterplan Neckar\u201c und der \u201eMasterplan Erlebnisraum Neckar\u201c bilden die konzeptionelle Grundlage f\u00fcr das Projekt. Auch Hochschulen, Vereine, Kulturinstitutionen sowie Akteure aus Wirtschaft und Wissenschaft sollen fr\u00fchzeitig in den Prozess einbezogen werden.<\/p>\n<hr \/>\n<p style=\"text-align: justify;\">\n","protected":false},"excerpt":{"rendered":"<p>Auf die Idee folgt der erste Schritt: Gemeinsam wollen die Landeshauptstadt Stuttgart.| Stuttgart, die St\u00e4dte Esslingen und Ludwigsburg sowie der Verband Region Stuttgart (VRS) sich um die Ausrichtung einer interkommunalen Bundesgartenschau (BUGA) im Jahr 2043 \u2013 oder zu einem fr\u00fcheren Zeitpunkt \u2013 bewerben. Einstimmig hat der Stuttgarter Gemeinderat daf\u00fcr in seiner Sitzung am Donnerstag, 3. [&hellip;]<\/p>\n","protected":false},"author":4,"featured_media":156562,"comment_status":"closed","ping_status":"open","sticky":false,"template":"","format":"standard","meta":{"inline_featured_image":false,"_exactmetrics_skip_tracking":false,"_exactmetrics_sitenote_active":false,"_exactmetrics_sitenote_note":"","_exactmetrics_sitenote_category":0,"footnotes":""},"categories":[2239],"tags":[18086,14857,68,275],"class_list":{"0":"post-156561","1":"post","2":"type-post","3":"status-publish","4":"format-standard","5":"has-post-thumbnail","7":"category-stuttgart-lokal","8":"tag-buga","9":"tag-die-webzeitung","10":"tag-online-zeitung","11":"tag-stuttgart"},"image_feature":"https:\/\/die-webzeitung.de\/stuttgart\/wp-content\/uploads\/sites\/4\/2025\/07\/flower-97756_1280-scaled.jpg","author_name":"Redaktion","pure_taxonomies":{"categories":[{"term_id":2239,"name":"Stuttgart","slug":"stuttgart-lokal","term_group":0,"term_taxonomy_id":2252,"taxonomy":"category","description":"Berichte und Informationen aus Stuttgart","parent":1433,"count":942,"filter":"raw","image":""}],"tags":[{"term_id":18086,"name":"BUGA","slug":"buga","term_group":0,"term_taxonomy_id":18105,"taxonomy":"post_tag","description":"","parent":0,"count":2,"filter":"raw","image":""},{"term_id":14857,"name":"Die-Webzeitung","slug":"die-webzeitung","term_group":0,"term_taxonomy_id":14876,"taxonomy":"post_tag","description":"","parent":0,"count":3625,"filter":"raw","image":""},{"term_id":68,"name":"Online-Zeitung","slug":"online-zeitung","term_group":0,"term_taxonomy_id":69,"taxonomy":"post_tag","description":"","parent":0,"count":3595,"filter":"raw","image":""},{"term_id":275,"name":"Stuttgart","slug":"stuttgart","term_group":0,"term_taxonomy_id":281,"taxonomy":"post_tag","description":"","parent":0,"count":1195,"filter":"raw","image":""}]},"_links":{"self":[{"href":"https:\/\/die-webzeitung.de\/stuttgart\/wp-json\/wp\/v2\/posts\/156561","targetHints":{"allow":["GET"]}}],"collection":[{"href":"https:\/\/die-webzeitung.de\/stuttgart\/wp-json\/wp\/v2\/posts"}],"about":[{"href":"https:\/\/die-webzeitung.de\/stuttgart\/wp-json\/wp\/v2\/types\/post"}],"author":[{"embeddable":true,"href":"https:\/\/die-webzeitung.de\/stuttgart\/wp-json\/wp\/v2\/users\/4"}],"replies":[{"embeddable":true,"href":"https:\/\/die-webzeitung.de\/stuttgart\/wp-json\/wp\/v2\/comments?post=156561"}],"version-history":[{"count":1,"href":"https:\/\/die-webzeitung.de\/stuttgart\/wp-json\/wp\/v2\/posts\/156561\/revisions"}],"predecessor-version":[{"id":156563,"href":"https:\/\/die-webzeitung.de\/stuttgart\/wp-json\/wp\/v2\/posts\/156561\/revisions\/156563"}],"wp:featuredmedia":[{"embeddable":true,"href":"https:\/\/die-webzeitung.de\/stuttgart\/wp-json\/wp\/v2\/media\/156562"}],"wp:attachment":[{"href":"https:\/\/die-webzeitung.de\/stuttgart\/wp-json\/wp\/v2\/media?parent=156561"}],"wp:term":[{"taxonomy":"category","embeddable":true,"href":"https:\/\/die-webzeitung.de\/stuttgart\/wp-json\/wp\/v2\/categories?post=156561"},{"taxonomy":"post_tag","embeddable":true,"href":"https:\/\/die-webzeitung.de\/stuttgart\/wp-json\/wp\/v2\/tags?post=156561"}],"curies":[{"name":"wp","href":"https:\/\/api.w.org\/{rel}","templated":true}]}}