{"id":156553,"date":"2025-07-03T08:50:26","date_gmt":"2025-07-03T07:50:26","guid":{"rendered":"https:\/\/die-webzeitung.de\/stuttgart\/?p=156553"},"modified":"2025-12-05T12:10:12","modified_gmt":"2025-12-05T11:10:12","slug":"150-jahre-freiwillige-feuerwehr-jesingen","status":"publish","type":"post","link":"https:\/\/die-webzeitung.de\/stuttgart\/2025\/07\/03\/150-jahre-freiwillige-feuerwehr-jesingen\/","title":{"rendered":"150 Jahre Freiwillige Feuerwehr Jesingen"},"content":{"rendered":"<h3 style=\"text-align: justify;\"><strong>Kreisfeuerwehrtag 2025<\/strong><\/h3>\n<p style=\"text-align: justify;\">Kirchheim unter Teck.|\u00a0Von Freitag, 4. Juli bis Sonntag, 6. Juli 2025 findet im Ortsteil Jesingen das 150-j\u00e4hrige Jubil\u00e4um der freiwilligen Feuerwehr Abteilung Jesingen und der Kreisfeuerwehrtag statt.<\/p>\n<p style=\"text-align: justify;\">Im Bereich rund um die Gemeindehalle erwartet die Besucherinnen und Besucher an allen drei Tagen einen Festbetrieb mit Festzelt und Bar. F\u00fcr ausreichend Parkm\u00f6glichkeiten ist gesorgt. Diese sind auch entsprechend ausgeschildert.<\/p>\n<p style=\"text-align: justify;\">Au\u00dferdem findet am Sonntag, den 6. Juli 2025 ein Festumzug von der Fau\u00dflerstra\u00dfe \u2013 Kirchheimer Stra\u00dfe \u2013 Vordere Stra\u00dfe \u2013 Naberner Stra\u00dfe und Alte Weilheimer Stra\u00dfe bis zum Festgel\u00e4nde statt.<\/p>\n<p style=\"text-align: justify;\">Im Zusammenhang mit der Veranstaltung kommt es zu Verkehrsbeschr\u00e4nkungen:<\/p>\n<p style=\"text-align: justify;\">Die Ortsdurchfahrt Jesingen (Vordere Stra\u00dfe und Kirchheimer Stra\u00dfe) wird am Sonntag, 6. Juli ab der Kreuzung Einsteinstra\u00dfe\/ Kirchheimer Stra\u00dfe und Vordere Stra\u00dfe\/ Kirchstra\u00dfe gesperrt. Entsprechende Hinweise\/Vorhinweisschilder werden aufgestellt.<\/p>\n<p style=\"text-align: justify;\">Dar\u00fcber hinaus werden in einigen Bereichen Halteverbote angebracht, um einen reibungslosen Auf- und Abbau zu gew\u00e4hrleisten und die Rettungszufahrten freizuhalten. Zudem wird es im Bereich der Umzugsstrecke und der Aufstellfl\u00e4che f\u00fcr den Festumzug Haltverbote geben. Verkehrsteilnehmende werden gebeten, dies zu beachten.<\/p>\n<p style=\"text-align: justify;\">Im Linienverkehr sind die beiden Haltestellen in der Kirchheimer Stra\u00dfe bzw. Vorderen Stra\u00dfe am Sonntag, 6. Juli 2025 von ca. 13:00 Uhr bis 15:30 Uhr nicht anfahrbar. Die Linie zwischen Zell unter Aichelberg und Kirchheim und Ohmden und Kirchheim entf\u00e4llt.<\/p>\n<p style=\"text-align: justify;\">Die Stadtverwaltung bittet die betroffenen Verkehrsteilnehmer um Verst\u00e4ndnis f\u00fcr die erforderlichen Ma\u00dfnahmen und die damit verbundenen Einschr\u00e4nkungen.<\/p>\n<hr \/>\n<p style=\"text-align: justify;\">\n","protected":false},"excerpt":{"rendered":"<p>Kreisfeuerwehrtag 2025 Kirchheim unter Teck.|\u00a0Von Freitag, 4. Juli bis Sonntag, 6. Juli 2025 findet im Ortsteil Jesingen das 150-j\u00e4hrige Jubil\u00e4um der freiwilligen Feuerwehr Abteilung Jesingen und der Kreisfeuerwehrtag statt. Im Bereich rund um die Gemeindehalle erwartet die Besucherinnen und Besucher an allen drei Tagen einen Festbetrieb mit Festzelt und Bar. F\u00fcr ausreichend Parkm\u00f6glichkeiten ist gesorgt. [&hellip;]<\/p>\n","protected":false},"author":4,"featured_media":0,"comment_status":"closed","ping_status":"open","sticky":false,"template":"","format":"standard","meta":{"inline_featured_image":false,"_exactmetrics_skip_tracking":false,"_exactmetrics_sitenote_active":false,"_exactmetrics_sitenote_note":"","_exactmetrics_sitenote_category":0,"footnotes":""},"categories":[2247],"tags":[14857,440,18052,68],"class_list":{"0":"post-156553","1":"post","2":"type-post","3":"status-publish","4":"format-standard","6":"category-kreis-esslingen","7":"tag-die-webzeitung","8":"tag-feuerwehr","9":"tag-kirchheim-teck","10":"tag-online-zeitung"},"image_feature":null,"author_name":"Redaktion","pure_taxonomies":{"categories":[{"term_id":2247,"name":"Kreis Esslingen","slug":"kreis-esslingen","term_group":0,"term_taxonomy_id":2260,"taxonomy":"category","description":"Informationen aus dem Landkreis Esslingen","parent":171,"count":214,"filter":"raw","image":""}],"tags":[{"term_id":14857,"name":"Die-Webzeitung","slug":"die-webzeitung","term_group":0,"term_taxonomy_id":14876,"taxonomy":"post_tag","description":"","parent":0,"count":3625,"filter":"raw","image":""},{"term_id":440,"name":"Feuerwehr","slug":"feuerwehr","term_group":0,"term_taxonomy_id":447,"taxonomy":"post_tag","description":"","parent":0,"count":23,"filter":"raw","image":""},{"term_id":18052,"name":"Kirchheim\/Teck","slug":"kirchheim-teck","term_group":0,"term_taxonomy_id":18071,"taxonomy":"post_tag","description":"","parent":0,"count":23,"filter":"raw","image":""},{"term_id":68,"name":"Online-Zeitung","slug":"online-zeitung","term_group":0,"term_taxonomy_id":69,"taxonomy":"post_tag","description":"","parent":0,"count":3595,"filter":"raw","image":""}]},"_links":{"self":[{"href":"https:\/\/die-webzeitung.de\/stuttgart\/wp-json\/wp\/v2\/posts\/156553","targetHints":{"allow":["GET"]}}],"collection":[{"href":"https:\/\/die-webzeitung.de\/stuttgart\/wp-json\/wp\/v2\/posts"}],"about":[{"href":"https:\/\/die-webzeitung.de\/stuttgart\/wp-json\/wp\/v2\/types\/post"}],"author":[{"embeddable":true,"href":"https:\/\/die-webzeitung.de\/stuttgart\/wp-json\/wp\/v2\/users\/4"}],"replies":[{"embeddable":true,"href":"https:\/\/die-webzeitung.de\/stuttgart\/wp-json\/wp\/v2\/comments?post=156553"}],"version-history":[{"count":1,"href":"https:\/\/die-webzeitung.de\/stuttgart\/wp-json\/wp\/v2\/posts\/156553\/revisions"}],"predecessor-version":[{"id":156554,"href":"https:\/\/die-webzeitung.de\/stuttgart\/wp-json\/wp\/v2\/posts\/156553\/revisions\/156554"}],"wp:attachment":[{"href":"https:\/\/die-webzeitung.de\/stuttgart\/wp-json\/wp\/v2\/media?parent=156553"}],"wp:term":[{"taxonomy":"category","embeddable":true,"href":"https:\/\/die-webzeitung.de\/stuttgart\/wp-json\/wp\/v2\/categories?post=156553"},{"taxonomy":"post_tag","embeddable":true,"href":"https:\/\/die-webzeitung.de\/stuttgart\/wp-json\/wp\/v2\/tags?post=156553"}],"curies":[{"name":"wp","href":"https:\/\/api.w.org\/{rel}","templated":true}]}}