{"id":156539,"date":"2025-07-02T09:39:58","date_gmt":"2025-07-02T08:39:58","guid":{"rendered":"https:\/\/die-webzeitung.de\/stuttgart\/?p=156539"},"modified":"2025-07-02T09:39:58","modified_gmt":"2025-07-02T08:39:58","slug":"der-stuttgarter-hitzebus-ist-wieder-unterwegs","status":"publish","type":"post","link":"https:\/\/die-webzeitung.de\/stuttgart\/2025\/07\/02\/der-stuttgarter-hitzebus-ist-wieder-unterwegs\/","title":{"rendered":"Der Stuttgarter Hitzebus ist wieder unterwegs"},"content":{"rendered":"<p style=\"text-align: justify;\">Stuttgart.| In Stuttgart ist der Hitzebus in die Saison gestartet: Seit drei Jahren k\u00fcmmern sich in der Landeshauptstadt bei Temperaturen \u00fcber 30 Grad ehrenamtliche Rotkreuz-Teams mit dem\u00a0Hitzebus um Menschen, die auf der Stra\u00dfe leben. Das Gemeinschaftsprojekt der\u00a0Landeshauptstadt Stuttgart und des DRK Stuttgart ist ein Vorzeigemodell im Land und wurde vor einem Jahr auch in Freiburg eingef\u00fchrt.<\/p>\n<p style=\"text-align: justify;\">In Zeiten des Klimawandels steigen gerade in den St\u00e4dten die Temperaturen immer h\u00e4ufiger auf deutlich \u00fcber 30 Grad. F\u00fcr obdach- und wohnungslose Menschen, die keinen R\u00fcckzugsraum haben, Menschen mit einer Vorerkrankung und \u00e4ltere Menschen kann die\u00a0Hitze lebensbedrohlich werden. Daher haben das Amt f\u00fcr Soziales und Teilhabe der Stadt Stuttgart und das DRK Stuttgart 2022 den Hitzebus ins Leben gerufen. Er setzt in der hei\u00dfen Jahreszeit die Arbeit fort, die der 2013 von Stadt und DRK eingef\u00fchrte K\u00e4ltebus leistet.<\/p>\n<p style=\"text-align: justify;\">Als sogenannte aufsuchende Hilfe kommt das niederschwellige Angebot gut an.\u00a0 Ehrenamtliche Helferinnen und Helfer fahren bei Temperaturen \u00fcber 30 Grad Celsius mit einem entsprechend markierten DRK-Transporter von 13 bis 17 Uhr durch das Stadtgebiet und versorgen Menschen, die auf der Stra\u00dfe leben, mit Wasser, Sonnencreme oder M\u00fctzen.<\/p>\n<p style=\"text-align: justify;\">Im Sommer 2024 haben die Hitzebus-Teams bei \u00fcber 20 Eins\u00e4tzen allein 3806 Flaschen\u00a0Wasser und 61-mal Sonnencreme an Bed\u00fcrftige verteilt. Neben der ganz praktischen Unterst\u00fctzung bieten die Teams den Menschen Sozialkontakte, sie informieren \u00fcber bestehende Hilfsangebote oder Brunnen und leisten im Bedarfsfall Erste Hilfe.<\/p>\n<p style=\"text-align: justify;\">Die Bev\u00f6lkerung kann unter der Hitzebus-Hotline Telefon 0711 219-54776 auf hilfsbed\u00fcrftige Menschen aufmerksam machen und so die Fahrtrouten mitbestimmen. Bei lebensbedrohlichen F\u00e4llen immer sofort den Notruf 112 w\u00e4hlen.<\/p>\n<p style=\"text-align: justify;\">\u201eDer Hitze- und K\u00e4ltebus ist ein Aush\u00e4ngeschild f\u00fcr das DRK Stuttgart. Er zeigt deutlich, dass wir im Sinne der Mitmenschlichkeit und Solidarit\u00e4t in unserer Stadt handeln\u201c, sagt DRKPr\u00e4sident Dr. Martin Schairer. Stuttgarts B\u00fcrgermeisterin f\u00fcr Soziales, Gesundheit und gesellschaftliche Integration, Dr. Alexandra Su\u00dfmann, betont: \u201eDer Hitzebus ist bedeutender Baustein im Hitzeaktionsplan der Stadt Stuttgart, weshalb wir dieses Projekt auch sehr gerne unterst\u00fctzen. Damit der Hitzebus wirklich helfen kann, bedarf es vieler Ehrenamtlicher. Ihnen gilt mein ganz besonderer Dank f\u00fcr ihr Engagement und ihre F\u00fcrsorge f\u00fcr die Menschen in unserer Stadt, die keine Zuflucht finden und auf der Stra\u00dfe leben.\u201c<\/p>\n<p style=\"text-align: justify;\">Das Stuttgarter Projekt Hitzebus hat bereits viel Beachtung gefunden: Beim 11. Stuttgarter B\u00fcrgerpreis 2024 gewann es einen Jurypreis in der Kategorie Innovation.\u00a0 Die badenw\u00fcrttembergischen Landesminister f\u00fcr Umwelt, Klima und Energiewirtschaft sowie f\u00fcr Soziales, Gesundheit und Integration haben sich das Vorzeigeprojekt vor Ort vorstellen lassen und die Stadt Freiburg hat in Kooperation mit dem dortigen DRK-Kreisverband im vergangenen Sommer ebenfalls einen Hitzebus eingef\u00fchrt.<\/p>\n<hr \/>\n<p style=\"text-align: justify;\">\n","protected":false},"excerpt":{"rendered":"<p>Stuttgart.| In Stuttgart ist der Hitzebus in die Saison gestartet: Seit drei Jahren k\u00fcmmern sich in der Landeshauptstadt bei Temperaturen \u00fcber 30 Grad ehrenamtliche Rotkreuz-Teams mit dem\u00a0Hitzebus um Menschen, die auf der Stra\u00dfe leben. Das Gemeinschaftsprojekt der\u00a0Landeshauptstadt Stuttgart und des DRK Stuttgart ist ein Vorzeigemodell im Land und wurde vor einem Jahr auch in Freiburg [&hellip;]<\/p>\n","protected":false},"author":4,"featured_media":156514,"comment_status":"closed","ping_status":"open","sticky":false,"template":"","format":"standard","meta":{"inline_featured_image":false,"_exactmetrics_skip_tracking":false,"_exactmetrics_sitenote_active":false,"_exactmetrics_sitenote_note":"","_exactmetrics_sitenote_category":0,"footnotes":""},"categories":[2239],"tags":[14857,18109,68,275],"class_list":{"0":"post-156539","1":"post","2":"type-post","3":"status-publish","4":"format-standard","5":"has-post-thumbnail","7":"category-stuttgart-lokal","8":"tag-die-webzeitung","9":"tag-hitzebus","10":"tag-online-zeitung","11":"tag-stuttgart"},"image_feature":"https:\/\/die-webzeitung.de\/stuttgart\/wp-content\/uploads\/sites\/4\/2025\/06\/sun-3588618_1280-scaled.jpg","author_name":"Redaktion","pure_taxonomies":{"categories":[{"term_id":2239,"name":"Stuttgart","slug":"stuttgart-lokal","term_group":0,"term_taxonomy_id":2252,"taxonomy":"category","description":"Berichte und Informationen aus Stuttgart","parent":1433,"count":942,"filter":"raw","image":""}],"tags":[{"term_id":14857,"name":"Die-Webzeitung","slug":"die-webzeitung","term_group":0,"term_taxonomy_id":14876,"taxonomy":"post_tag","description":"","parent":0,"count":3625,"filter":"raw","image":""},{"term_id":18109,"name":"Hitzebus","slug":"hitzebus","term_group":0,"term_taxonomy_id":18128,"taxonomy":"post_tag","description":"","parent":0,"count":1,"filter":"raw","image":""},{"term_id":68,"name":"Online-Zeitung","slug":"online-zeitung","term_group":0,"term_taxonomy_id":69,"taxonomy":"post_tag","description":"","parent":0,"count":3595,"filter":"raw","image":""},{"term_id":275,"name":"Stuttgart","slug":"stuttgart","term_group":0,"term_taxonomy_id":281,"taxonomy":"post_tag","description":"","parent":0,"count":1195,"filter":"raw","image":""}]},"_links":{"self":[{"href":"https:\/\/die-webzeitung.de\/stuttgart\/wp-json\/wp\/v2\/posts\/156539","targetHints":{"allow":["GET"]}}],"collection":[{"href":"https:\/\/die-webzeitung.de\/stuttgart\/wp-json\/wp\/v2\/posts"}],"about":[{"href":"https:\/\/die-webzeitung.de\/stuttgart\/wp-json\/wp\/v2\/types\/post"}],"author":[{"embeddable":true,"href":"https:\/\/die-webzeitung.de\/stuttgart\/wp-json\/wp\/v2\/users\/4"}],"replies":[{"embeddable":true,"href":"https:\/\/die-webzeitung.de\/stuttgart\/wp-json\/wp\/v2\/comments?post=156539"}],"version-history":[{"count":1,"href":"https:\/\/die-webzeitung.de\/stuttgart\/wp-json\/wp\/v2\/posts\/156539\/revisions"}],"predecessor-version":[{"id":156540,"href":"https:\/\/die-webzeitung.de\/stuttgart\/wp-json\/wp\/v2\/posts\/156539\/revisions\/156540"}],"wp:featuredmedia":[{"embeddable":true,"href":"https:\/\/die-webzeitung.de\/stuttgart\/wp-json\/wp\/v2\/media\/156514"}],"wp:attachment":[{"href":"https:\/\/die-webzeitung.de\/stuttgart\/wp-json\/wp\/v2\/media?parent=156539"}],"wp:term":[{"taxonomy":"category","embeddable":true,"href":"https:\/\/die-webzeitung.de\/stuttgart\/wp-json\/wp\/v2\/categories?post=156539"},{"taxonomy":"post_tag","embeddable":true,"href":"https:\/\/die-webzeitung.de\/stuttgart\/wp-json\/wp\/v2\/tags?post=156539"}],"curies":[{"name":"wp","href":"https:\/\/api.w.org\/{rel}","templated":true}]}}