{"id":156532,"date":"2025-07-01T16:19:57","date_gmt":"2025-07-01T15:19:57","guid":{"rendered":"https:\/\/die-webzeitung.de\/stuttgart\/?p=156532"},"modified":"2025-07-01T16:19:57","modified_gmt":"2025-07-01T15:19:57","slug":"mercedes-benz-feiert-wiedereroeffnung-der-modernisierten-niederlassung","status":"publish","type":"post","link":"https:\/\/die-webzeitung.de\/stuttgart\/2025\/07\/01\/mercedes-benz-feiert-wiedereroeffnung-der-modernisierten-niederlassung\/","title":{"rendered":"Mercedes-Benz feiert Wiederer\u00f6ffnung der modernisierten Niederlassung"},"content":{"rendered":"<ul style=\"text-align: justify;\">\n<li>Die Mercedes-Benz Niederlassung Stuttgart feiert Wiederer\u00f6ffnung mit einem besonderen Erlebnistag und einem abwechslungsreichen Programm am 13. Juli 2025<\/li>\n<li>Umbau und Modernisierung in der Mercedesstr. 102, 70372 Stuttgart<\/li>\n<li>Investition im zweistelligen Millionenbereich<\/li>\n<li>Moderne Service-Lobby f\u00fcr pers\u00f6nliche Beratung und h\u00f6chsten Komfort<\/li>\n<li>Modernisierter Showroom mit neuem Markenerlebnis<\/li>\n<li>Hochwertige Auslieferungshalle f\u00fcr eine exklusive Fahrzeug\u00fcbergabe<\/li>\n<\/ul>\n<p style=\"text-align: justify;\">Stuttgart.| Nach einer knapp eineinhalbj\u00e4hriger Umbauphase feiert die Mercedes-Benz Niederlassung Stuttgart die Wieder\u00f6ffnung. Das mit einer Investition im zweistelligen Millionenbereich modernisierte Mercedes-Benz Center bietet auf 21.000 m\u00b2 zahlreiche Neuerungen: Der umfassend erneuerte Servicebereich garantiert maximale Effizienz und Komfort f\u00fcr Kundinnen und Kunden. Eine moderne Ein\u2013 bzw. Ausfahrt mit einem innovativen 360\u00b0-Vehicle-Scan-Kamerasystem erfasst den Fahrzeugzustand pr\u00e4zise und erm\u00f6glicht Kundinnen und Kunden direkt mit ihrem Fahrzeug in die neu gebaute Service-Lobby hineinzufahren. Zus\u00e4tzlich l\u00e4dt der modernisierte Showroom mit einem neuen Markenerlebnis zum Entdecken ein, w\u00e4hrend die Auslieferungshalle mit Blick auf das Mercedes-Benz Museum ein besonderes Kundenerlebnis f\u00fcr die Fahrzeug\u00fcbergabe schafft. Abgerundet wird das Angebot durch ein neu er\u00f6ffnetes Caf\u00e9, das zum Verweilen und Genie\u00dfen einl\u00e4dt.<\/p>\n<h4 style=\"text-align: justify;\"><strong>Feierliche Wiederer\u00f6ffnung mit Erlebnistag am 13. Juli 2025<\/strong><\/h4>\n<p style=\"text-align: justify;\">Die Wiederer\u00f6ffnung der Mercedes-Benz Niederlassung Stuttgart wird am 13. Juli 2025 mit einem besonderen Erlebnistag gefeiert. Von 11 bis 20 Uhr k\u00f6nnen Besucherinnen und Besucher die neuesten Innovationen sowie die gesamte Marken- und Produktpalette hautnah erleben \u2013 von Maybach \u00fcber AMG bis smart. Zudem gibt es spannende Einblicke in die neuesten Serviceprozesse sowie in exklusive Angebote wie Mercedes-Benz Rent und Mercedes-Benz Teile &amp; Zubeh\u00f6r. Der Erlebnistag findet in Kooperation mit dem Mercedes-Benz Museum statt, das zeitgleich seinen Familientag feiert. Gemeinsam entsteht an diesem besonderen Tag eine MercedesBenz Welt, die ein einzigartiges Markenerlebnis bietet.<\/p>\n<h4 style=\"text-align: justify;\"><strong>Moderne Serviceprozesse<\/strong><\/h4>\n<p style=\"text-align: justify;\">Zu den Neuerungen z\u00e4hlt der Bereich rund um die Serviceannahme, der an die neuesten Standards angepasst wurde. Eine zukunftsorientierte Servicelane beschleunigt und optimiert den Wartungs- und Reparaturprozess, sodass Kundinnen und Kunden von einem noch schnelleren und bequemeren Service profitieren. Das Fahrzeug wird in der neuen Ein- bzw. Ausfahrt von einem innovativen, KI-gest\u00fctzten 360\u00b0-Vehicle-Scan-Kamerasystem erfasst. Kundinnen und Kunden fahren anschlie\u00dfend direkt in die neu gebaute Service-Lobby, die Platz f\u00fcr bis zu acht Fahrzeuge bietet. Digitale Services erh\u00f6hen zus\u00e4tzlich den Kundenkomfort. Ein neu installierter Bremspr\u00fcfstand reduziert die Wartezeiten weiter. Erg\u00e4nzend dazu wurden die Backoffice-Bereiche und Counter neugestaltet, um in der Mercedes-Benz Niederlassung eine einladende Atmosph\u00e4re zu schaffen. Die umfassenden Optimierungen durch das Bauprojekt haben zus\u00e4tzlich zur Steigerung der physischen Werkstattkapazit\u00e4t gef\u00fchrt und somit die Serviceverf\u00fcgbarkeit erh\u00f6ht.<\/p>\n<h4 style=\"text-align: justify;\"><strong>Neues Erlebnis im innovativen Showroom<\/strong><\/h4>\n<p style=\"text-align: justify;\">Der Showroom, gestaltet nach der neuen Markenarchitektur, begeistert durch die Verbindung von Offenheit und eleganten Formen. Durch den Einsatz digitaler L\u00f6sungen wird das Kundenerlebnis noch individueller gestaltet und somit das haptische und physische Erlebnis der Produkte erg\u00e4nzt. Mit seinen individuell gestalteten Beratungszonen schafft der Showroom eine entspannte Atmosph\u00e4re f\u00fcr Verkaufs- und Beratungsgespr\u00e4che. So verk\u00f6rpert der Showroom in Stuttgart ein faszinierendes Markenerlebnis, das sich durch modernes Design, innovative Raumkonzepte und eine ma\u00dfgeschneiderte Kundenansprache auszeichnet.<\/p>\n<h4 style=\"text-align: justify;\"><strong>Exklusive Fahrzeug\u00fcbergabe in der modernen Auslieferungshalle<\/strong><\/h4>\n<p style=\"text-align: justify;\">Im Zuge der Modernisierung wurde eine beeindruckende neue Auslieferungshalle mit acht Auslieferungspl\u00e4tzen geschaffen, der die Fahrzeuge in besonderem Glanz pr\u00e4sentiert. Die gro\u00dfz\u00fcgige Halle begeistert mit einem spektakul\u00e4ren Blick auf das Mercedes-Benz Museum, der die Fahrzeug\u00fcbergabe in ein unvergessliches Erlebnis f\u00fcr Kundinnen und Kunden verwandelt und das Einkaufserlebnis perfekt abrundet.<\/p>\n<h4 style=\"text-align: justify;\"><strong>Genuss im Caf\u00e9 Jellinek<\/strong><\/h4>\n<p style=\"text-align: justify;\">Ein weiteres Highlight ist das neu gebaute Caf\u00e9 Jellinek, das eine besondere historische Bedeutung f\u00fcr Mercedes-Benz tr\u00e4gt. Benannt nach Emil Jellinek, dem ersten Kunden der Marke, w\u00fcrdigt es eine pr\u00e4gende Pers\u00f6nlichkeit der Unternehmensgeschichte. Fr\u00fcher im Zwischengeschoss angesiedelt, befindet sich das Caf\u00e9 nun im ersten Obergeschoss und bietet dadurch mehr Platz und ein einladendes Ambiente. Zus\u00e4tzlich wurde neben dem Caf\u00e9 ein flexibler Konferenzbereich geschaffen, der von externen G\u00e4sten gemietet werden kann. Das Caf\u00e9 wird vom renommierten Stuttgarter Gastronomen Michael Wilhelmer betrieben, der f\u00fcr Qualit\u00e4t und Gastlichkeit steht.<\/p>\n<h4 style=\"text-align: justify;\"><strong>Mercedes-Benz Niederlassung in Stuttgart<\/strong><\/h4>\n<p style=\"text-align: justify;\">Seit 2006 geh\u00f6rt das rund 21.000 m\u00b2 gro\u00dfe Grundst\u00fcck an der Mercedesstra\u00dfe 102 in Stuttgart zu der Marke Mercedes-Benz. Auf etwa 17.000 m\u00b2 erstreckt sich die beeindruckende Verkaufs-, Service- und\u00a0Ausstellungsfl\u00e4che. Das vierst\u00f6ckige Mercedes-Benz Center bietet dabei ausreichend Raum f\u00fcr die gro\u00dfz\u00fcgige Pr\u00e4sentation von \u00fcber 120 Fahrzeugen. Durch seine Gestaltung und Produktpr\u00e4sentation bietet es ein einzigartiges Kundenerlebnis. Mit einem j\u00e4hrlichen Fahrzeugabsatz von rund 3.400 Einheiten ist das Center nicht nur ein bedeutender Vertriebsstandort f\u00fcr Neufahrzeuge sowie Gesch\u00e4fts- und Jahreswagen, sondern beherbergt auch eine moderne Fahrzeugauslieferung und einen umfassend ausgestatteten Servicest\u00fctzpunkt mit 32 Werkstattpl\u00e4tzen. Rund 150 Mitarbeitende k\u00fcmmern sich engagiert um die Anliegen von Kundinnen und Kunden sowie G\u00e4sten. Zus\u00e4tzlich ist das Mercedes-Benz Center durch eine etwa 100 Meter lange Fl\u00e4che, in der sich die Gastronomie und Shops der Mercedes-Benz Welt befinden, mit dem Mercedes-Benz Museum verbunden.<\/p>\n<h4 style=\"text-align: justify;\"><strong>Key Facts Neubau Mercedes-Benz Niederlassung Stuttgart<\/strong><\/h4>\n<ul style=\"text-align: justify;\">\n<li>Errichtung einer neuen Ein- bzw. Ausfahrt<\/li>\n<li>Neubau der Service-Lobby<\/li>\n<li>Modernisierung des Showrooms mit neuen R\u00e4umen f\u00fcr Beratung<\/li>\n<li>Neubau einer modernen Auslieferungshalle<\/li>\n<li>Neubau des Caf\u00e9 Jellinek mit angrenzendem Konferenzbereich zur Vermietung<\/li>\n<\/ul>\n<h4 style=\"text-align: justify;\"><strong>Mercedes-Benz Vertriebsdirektion W\u00fcrttemberg<\/strong><\/h4>\n<p style=\"text-align: justify;\">Im Jahr 2015 wurden die Mercedes-Benz Niederlassungen in Stuttgart, Reutlingen, Ulm und Schw\u00e4bisch Gm\u00fcnd zu einer Mercedes-Benz Vertriebsdirektion zusammengeschlossen, wodurch Leitungs- und Verwaltungsfunktionen in der Region geb\u00fcndelt wurden. Heute engagieren sich mehr als 1.100 Mitarbeitende an zehn Standorten f\u00fcr den Vertrieb, Service und s\u00e4mtliche Dienstleistungen f\u00fcr die Marken Mercedes-Benz, EQ, Maybach und AMG. Die Niederlassungen der Vertriebsdirektion W\u00fcrttemberg Pkw &amp; Vans erstrecken sich \u00fcber das Mercedes-Benz Center in Stuttgart (Verkauf PKW Neuwagen, Service, Teileverkauf), die MercedesBenz Niederlassung in Stuttgart-Hallschlag (Verkauf PKW Neuwagen, Service, Teileverkauf), Stuttgart-Wangen (Verkauf Van\/ Transporter Gebrauchtwagen), Stuttgart-Degerloch (Service, Teileverkauf), Stuttgart-Feuerbach (Verkauf Van\/ Transporter Gebrauchtwagen), Leonberg (Service, Teileverkauf),\u00a0 B\u00f6blingen (Verkauf Pkw Neuwagen, Pkw Gebrauchtwagen und Van\/ Transporter Gebrauchtwagen, Service und Teileverkauf) sowie die Mercedes-Benz Niederlassungen in Reutlingen\/T\u00fcbingen, Ulm und Schw\u00e4bisch Gm\u00fcnd.<\/p>\n<hr \/>\n<p style=\"text-align: justify;\">\n","protected":false},"excerpt":{"rendered":"<p>Die Mercedes-Benz Niederlassung Stuttgart feiert Wiederer\u00f6ffnung mit einem besonderen Erlebnistag und einem abwechslungsreichen Programm am 13. Juli 2025 Umbau und Modernisierung in der Mercedesstr. 102, 70372 Stuttgart Investition im zweistelligen Millionenbereich Moderne Service-Lobby f\u00fcr pers\u00f6nliche Beratung und h\u00f6chsten Komfort Modernisierter Showroom mit neuem Markenerlebnis Hochwertige Auslieferungshalle f\u00fcr eine exklusive Fahrzeug\u00fcbergabe Stuttgart.| Nach einer knapp eineinhalbj\u00e4hriger [&hellip;]<\/p>\n","protected":false},"author":4,"featured_media":0,"comment_status":"closed","ping_status":"open","sticky":false,"template":"","format":"standard","meta":{"inline_featured_image":false,"_exactmetrics_skip_tracking":false,"_exactmetrics_sitenote_active":false,"_exactmetrics_sitenote_note":"","_exactmetrics_sitenote_category":0,"footnotes":""},"categories":[479],"tags":[14857,518,12121,68,275],"class_list":{"0":"post-156532","1":"post","2":"type-post","3":"status-publish","4":"format-standard","6":"category-wirtschaft","7":"tag-die-webzeitung","8":"tag-mercedes-benz","9":"tag-niederlassung","10":"tag-online-zeitung","11":"tag-stuttgart"},"image_feature":null,"author_name":"Redaktion","pure_taxonomies":{"categories":[{"term_id":479,"name":"Wirtschaft","slug":"wirtschaft","term_group":0,"term_taxonomy_id":1941,"taxonomy":"category","description":"","parent":0,"count":282,"filter":"raw","image":""}],"tags":[{"term_id":14857,"name":"Die-Webzeitung","slug":"die-webzeitung","term_group":0,"term_taxonomy_id":14876,"taxonomy":"post_tag","description":"","parent":0,"count":3625,"filter":"raw","image":""},{"term_id":518,"name":"Mercedes-Benz","slug":"mercedes-benz","term_group":0,"term_taxonomy_id":525,"taxonomy":"post_tag","description":"","parent":0,"count":8,"filter":"raw","image":""},{"term_id":12121,"name":"Niederlassung","slug":"niederlassung","term_group":0,"term_taxonomy_id":12159,"taxonomy":"post_tag","description":"","parent":0,"count":1,"filter":"raw","image":""},{"term_id":68,"name":"Online-Zeitung","slug":"online-zeitung","term_group":0,"term_taxonomy_id":69,"taxonomy":"post_tag","description":"","parent":0,"count":3595,"filter":"raw","image":""},{"term_id":275,"name":"Stuttgart","slug":"stuttgart","term_group":0,"term_taxonomy_id":281,"taxonomy":"post_tag","description":"","parent":0,"count":1195,"filter":"raw","image":""}]},"_links":{"self":[{"href":"https:\/\/die-webzeitung.de\/stuttgart\/wp-json\/wp\/v2\/posts\/156532","targetHints":{"allow":["GET"]}}],"collection":[{"href":"https:\/\/die-webzeitung.de\/stuttgart\/wp-json\/wp\/v2\/posts"}],"about":[{"href":"https:\/\/die-webzeitung.de\/stuttgart\/wp-json\/wp\/v2\/types\/post"}],"author":[{"embeddable":true,"href":"https:\/\/die-webzeitung.de\/stuttgart\/wp-json\/wp\/v2\/users\/4"}],"replies":[{"embeddable":true,"href":"https:\/\/die-webzeitung.de\/stuttgart\/wp-json\/wp\/v2\/comments?post=156532"}],"version-history":[{"count":1,"href":"https:\/\/die-webzeitung.de\/stuttgart\/wp-json\/wp\/v2\/posts\/156532\/revisions"}],"predecessor-version":[{"id":156533,"href":"https:\/\/die-webzeitung.de\/stuttgart\/wp-json\/wp\/v2\/posts\/156532\/revisions\/156533"}],"wp:attachment":[{"href":"https:\/\/die-webzeitung.de\/stuttgart\/wp-json\/wp\/v2\/media?parent=156532"}],"wp:term":[{"taxonomy":"category","embeddable":true,"href":"https:\/\/die-webzeitung.de\/stuttgart\/wp-json\/wp\/v2\/categories?post=156532"},{"taxonomy":"post_tag","embeddable":true,"href":"https:\/\/die-webzeitung.de\/stuttgart\/wp-json\/wp\/v2\/tags?post=156532"}],"curies":[{"name":"wp","href":"https:\/\/api.w.org\/{rel}","templated":true}]}}