{"id":156528,"date":"2025-07-01T11:31:54","date_gmt":"2025-07-01T10:31:54","guid":{"rendered":"https:\/\/die-webzeitung.de\/stuttgart\/2025\/07\/01\/whs-thomas-zahlmann-neues-mitglied-der-geschaeftsfuehrung\/"},"modified":"2025-07-01T11:31:54","modified_gmt":"2025-07-01T10:31:54","slug":"whs-thomas-zahlmann-neues-mitglied-der-geschaeftsfuehrung","status":"publish","type":"post","link":"https:\/\/die-webzeitung.de\/stuttgart\/2025\/07\/01\/whs-thomas-zahlmann-neues-mitglied-der-geschaeftsfuehrung\/","title":{"rendered":"WHS: Thomas Zahlmann neues Mitglied der Gesch\u00e4ftsf\u00fchrung"},"content":{"rendered":"<p style=\"text-align: justify;\">Thomas Zahlmann (54) wird ab 1. Juli 2025 neuer Gesch\u00e4ftsf\u00fchrer der W\u00fcstenrot Haus- und St\u00e4dtebau GmbH (WHS) neben Marcus Ziemer (56), der bereits seit 2014 Mitglied der Gesch\u00e4ftsf\u00fchrung der WHS ist.<\/p>\n<p style=\"text-align: justify;\">Thomas Zahlmann war bislang Gesch\u00e4ftsf\u00fchrer der Projektmanagement GmbH und der Engineering GmbH der Pandion AG, K\u00f6ln. Zuvor war er Bereichsleiter Projektentwicklung und Neubau bei der Vonovia SE in Bochum. Er folgt auf J\u00f6rg Tigges (59), der seit 1. Mai 2024 interimsweise Gesch\u00e4ftsf\u00fchrer der WHS war. J\u00f6rg Tigges wird ab dem 1. Juli als Abteilungsleiter unter anderem wieder im technischen Geb\u00e4udemanagement der WHS t\u00e4tig sein.<\/p>\n<p style=\"text-align: justify;\">Die Gesch\u00e4ftsf\u00fchrung der WHS besteht ab dem 1. Juli 2025 aus Thomas Zahlmann und Marcus Ziemer (56). Bernd Hertweck, Gesch\u00e4ftsfeldleiter Wohnen der W&amp;W-Gruppe und Vorstandschef der Bausparkasse W\u00fcstenrot: \u201eIch freue mich, dass wir mit Thomas Zahlmann einen renommierten Experten insbesondere f\u00fcr anstehende gro\u00dfe Bauprojekte gefunden haben. Ich danke J\u00f6rg Tigges, dass dieser sich bereit erkl\u00e4rt hatte, in schwierigen wirtschaftlichen Zeiten vor\u00fcbergehend f\u00fcr die WHS als Gesch\u00e4ftsf\u00fchrer t\u00e4tig zu sein. Alle verfolgten W\u00fcnsche ich f\u00fcr ihre weitere T\u00e4tigkeit viel Erfolg.\u201c<\/p>\n<hr \/>\n<p style=\"text-align: justify;\">\n","protected":false},"excerpt":{"rendered":"<p>Thomas Zahlmann (54) wird ab 1. Juli 2025 neuer Gesch\u00e4ftsf\u00fchrer der W\u00fcstenrot Haus- und St\u00e4dtebau GmbH (WHS) neben Marcus Ziemer (56), der bereits seit 2014 Mitglied der Gesch\u00e4ftsf\u00fchrung der WHS ist. Thomas Zahlmann war bislang Gesch\u00e4ftsf\u00fchrer der Projektmanagement GmbH und der Engineering GmbH der Pandion AG, K\u00f6ln. Zuvor war er Bereichsleiter Projektentwicklung und Neubau bei [&hellip;]<\/p>\n","protected":false},"author":4,"featured_media":156529,"comment_status":"closed","ping_status":"open","sticky":false,"template":"","format":"standard","meta":{"inline_featured_image":false,"_exactmetrics_skip_tracking":false,"_exactmetrics_sitenote_active":false,"_exactmetrics_sitenote_note":"","_exactmetrics_sitenote_category":0,"footnotes":""},"categories":[479],"tags":[14857,68,2018,19],"class_list":{"0":"post-156528","1":"post","2":"type-post","3":"status-publish","4":"format-standard","5":"has-post-thumbnail","7":"category-wirtschaft","8":"tag-die-webzeitung","9":"tag-online-zeitung","10":"tag-whs","11":"tag-wustenrot"},"image_feature":"https:\/\/die-webzeitung.de\/stuttgart\/wp-content\/uploads\/sites\/4\/2025\/07\/Thomas-Zahlmann-Mitglied-der-Geschaeftsfuehrung-WHS-Foto_privat-scaled.jpg","author_name":"Redaktion","pure_taxonomies":{"categories":[{"term_id":479,"name":"Wirtschaft","slug":"wirtschaft","term_group":0,"term_taxonomy_id":1941,"taxonomy":"category","description":"","parent":0,"count":282,"filter":"raw","image":""}],"tags":[{"term_id":14857,"name":"Die-Webzeitung","slug":"die-webzeitung","term_group":0,"term_taxonomy_id":14876,"taxonomy":"post_tag","description":"","parent":0,"count":3625,"filter":"raw","image":""},{"term_id":68,"name":"Online-Zeitung","slug":"online-zeitung","term_group":0,"term_taxonomy_id":69,"taxonomy":"post_tag","description":"","parent":0,"count":3595,"filter":"raw","image":""},{"term_id":2018,"name":"WHS","slug":"whs","term_group":0,"term_taxonomy_id":2030,"taxonomy":"post_tag","description":"","parent":0,"count":24,"filter":"raw","image":""},{"term_id":19,"name":"W\u00fcstenrot","slug":"wustenrot","term_group":0,"term_taxonomy_id":19,"taxonomy":"post_tag","description":"","parent":0,"count":171,"filter":"raw","image":""}]},"_links":{"self":[{"href":"https:\/\/die-webzeitung.de\/stuttgart\/wp-json\/wp\/v2\/posts\/156528","targetHints":{"allow":["GET"]}}],"collection":[{"href":"https:\/\/die-webzeitung.de\/stuttgart\/wp-json\/wp\/v2\/posts"}],"about":[{"href":"https:\/\/die-webzeitung.de\/stuttgart\/wp-json\/wp\/v2\/types\/post"}],"author":[{"embeddable":true,"href":"https:\/\/die-webzeitung.de\/stuttgart\/wp-json\/wp\/v2\/users\/4"}],"replies":[{"embeddable":true,"href":"https:\/\/die-webzeitung.de\/stuttgart\/wp-json\/wp\/v2\/comments?post=156528"}],"version-history":[{"count":0,"href":"https:\/\/die-webzeitung.de\/stuttgart\/wp-json\/wp\/v2\/posts\/156528\/revisions"}],"wp:featuredmedia":[{"embeddable":true,"href":"https:\/\/die-webzeitung.de\/stuttgart\/wp-json\/wp\/v2\/media\/156529"}],"wp:attachment":[{"href":"https:\/\/die-webzeitung.de\/stuttgart\/wp-json\/wp\/v2\/media?parent=156528"}],"wp:term":[{"taxonomy":"category","embeddable":true,"href":"https:\/\/die-webzeitung.de\/stuttgart\/wp-json\/wp\/v2\/categories?post=156528"},{"taxonomy":"post_tag","embeddable":true,"href":"https:\/\/die-webzeitung.de\/stuttgart\/wp-json\/wp\/v2\/tags?post=156528"}],"curies":[{"name":"wp","href":"https:\/\/api.w.org\/{rel}","templated":true}]}}