{"id":156513,"date":"2025-06-30T12:11:51","date_gmt":"2025-06-30T11:11:51","guid":{"rendered":"https:\/\/die-webzeitung.de\/stuttgart\/?p=156513"},"modified":"2025-06-30T12:11:51","modified_gmt":"2025-06-30T11:11:51","slug":"gemeinsam-gegen-die-hitze","status":"publish","type":"post","link":"https:\/\/die-webzeitung.de\/stuttgart\/2025\/06\/30\/gemeinsam-gegen-die-hitze\/","title":{"rendered":"Gemeinsam gegen die Hitze"},"content":{"rendered":"<h3 style=\"text-align: justify;\"><strong>Stuttgart stellt umfassenden Aktionsplan zum Schutz der Bev\u00f6lkerung vor <\/strong><\/h3>\n<p style=\"text-align: justify;\">Stuttgart.| Stuttgart r\u00fcstet sich f\u00fcr hei\u00dfe Tage: Ein umfassender Hitzeaktionsplan informiert und motiviert, sich vor den gesundheitlichen Folgen extremer Temperaturen besser zu sch\u00fctzen und zeigt auf, wie sich die Landeshauptstadt Stuttgart m\u00f6glichst hitzeresilient aufstellen kann. Die Verwaltung stellte den Plan am Montag, 30. Juni, im Ausschuss f\u00fcr Soziales und Gesundheit vor.<\/p>\n<p style=\"text-align: justify;\">Die B\u00fcrgermeisterin f\u00fcr Soziales, Gesundheit und Integration, Dr. Alexandra Su\u00dfmann, betonte: \u201eHitzeschutz wird immer mehr zur sozialen Frage. Unser Aktionsplan tr\u00e4gt dazu bei, dass in Stuttgart alle gut durch hei\u00dfe Tage kommen. Er bietet Unterst\u00fctzung, wo sie gebraucht wird. Ob \u00e4ltere Menschen, kleine Kinder oder Menschen mit Vorerkrankungen \u2013 wir nehmen die in den Blick, die zunehmenden Hitzewellen am meisten ausgeliefert sind. Das ist konkrete F\u00fcr- und Vorsorge.\u201c<\/p>\n<p style=\"text-align: justify;\">Prof. Dr. Stefan Ehehalt, Leiter des Gesundheitsamts, hebt hervor: \u201eDie mittel- und langfristigen Folgen von Hitze sind gravierender als die einer Krankheitswelle. Anders als gegen Viren gibt es keine Impfung. Dennoch sind wir nicht schutzlos ausgeliefert. Das macht der Plan deutlich. Wir haben daf\u00fcr das Fachwissen vieler Verwaltungsbereiche zusammengef\u00fchrt. So k\u00f6nnen wir die Bev\u00f6lkerung rechtzeitig informieren und gezielt unterst\u00fctzen, um gesundheitliche Risiken durch Hitze zu minimieren.\u201c<\/p>\n<p style=\"text-align: justify;\">Im Mittelpunkt des Hitzeaktionsplans stehen umfassende Informationen und gezielte Aufkl\u00e4rung, damit die B\u00fcrgerinnen und B\u00fcrger ihren eigenen Schutz vor Hitze aktiv verbessern k\u00f6nnen. Dar\u00fcber hinaus setzt die Stadt auf konkrete Ma\u00dfnahmen zur Hitzeanpassung und Pr\u00e4vention im \u00f6ffentlichen Raum.<\/p>\n<p style=\"text-align: justify;\">So ist dieser Tage auf dem Erwin\u2010Schoettle\u2010Platz der 115. \u00f6ffentliche Trinkbrunnen in Betrieb gegangen. Eine Online-Karte der k\u00fchlen Orte zeigt, wo sich Pl\u00e4tze zur Erholung finden: zum Beispiel Stadtteilbibliotheken, Spielpl\u00e4tze, Gr\u00fcnanlagen und Gew\u00e4sser. Dazu kommen Geheimtipps aus der B\u00fcrgerschaft.<\/p>\n<p style=\"text-align: justify;\">Die Verwaltung st\u00e4rkt gleichzeitig die Gesundheits- und Sozialsysteme, um insbesondere gef\u00e4hrdete Gruppen w\u00e4hrend Hitzeperioden bestm\u00f6glich zu unterst\u00fctzen und die Versorgungssicherheit auch bei extremen Wetterlagen zu gew\u00e4hrleisten.<\/p>\n<p style=\"text-align: justify;\">Das Amt f\u00fcr Umweltschutz wies bereits Anfang des Monats darauf hin, dass Stuttgart im vergangenen Jahrzehnt durchschnittlich 85 Sommertage (ab 25 \u00b0C), 29 Hei\u00dfe Tage (ab 30 \u00b0C) und 4 W\u00fcstentage (ab 35 \u00b0C) pro Jahr z\u00e4hlte. In den letzten drei Jahren stiegen diese<\/p>\n<p style=\"text-align: justify;\">Werte weiter an: Im Mittel wurden 95 Sommertage, 33 Hei\u00dfe Tage und 5 W\u00fcstentage pro Jahr verzeichnet. Auch die Zahl der Tropischen N\u00e4chte \u2013 also N\u00e4chte mit Temperaturen \u00fcber 20 Grad Celsius \u2013 zeigt eine steigende Tendenz: Im Mittel gab es 10 tropische N\u00e4chte pro Jahr im vergangenen Jahrzehnt, in den letzten drei Jahren bereits 11. Neben der Zunahme von Hitzewellen ist auch eine Temperaturerh\u00f6hung w\u00e4hrend der Hitzewellen selbst zu beobachten \u2013 im Vergleich zu den Temperaturen bisher bekannter Hitzewellen.<\/p>\n<p style=\"text-align: justify;\">Der Hitzeaktionsplan greift diese Entwicklung auf. Er ist Teil einer mittel- und langfristigen Strategie, mit der Stuttgart seine Widerstandskraft gegen die Folgen des Klimawandels systematisch st\u00e4rken will. Der Plan wird laufend fortgeschrieben und an neue wissenschaftliche Erkenntnisse sowie praktische Erfahrungen angepasst, um den Schutz der Bev\u00f6lkerung kontinuierlich zu verbessern.<\/p>\n<p style=\"text-align: justify;\">Der vollst\u00e4ndige Hitzeaktionsplan sowie weiterf\u00fchrende Informationen sind abrufbar unter: <a href=\"http:\/\/www.stuttgart.de\/hitze\" target=\"_blank\" rel=\"noopener\">www.stuttgart.de\/hitze<\/a><\/p>\n<hr \/>\n<p style=\"text-align: justify;\">\n","protected":false},"excerpt":{"rendered":"<p>Stuttgart stellt umfassenden Aktionsplan zum Schutz der Bev\u00f6lkerung vor Stuttgart.| Stuttgart r\u00fcstet sich f\u00fcr hei\u00dfe Tage: Ein umfassender Hitzeaktionsplan informiert und motiviert, sich vor den gesundheitlichen Folgen extremer Temperaturen besser zu sch\u00fctzen und zeigt auf, wie sich die Landeshauptstadt Stuttgart m\u00f6glichst hitzeresilient aufstellen kann. Die Verwaltung stellte den Plan am Montag, 30. Juni, im Ausschuss [&hellip;]<\/p>\n","protected":false},"author":4,"featured_media":156514,"comment_status":"closed","ping_status":"open","sticky":false,"template":"","format":"standard","meta":{"inline_featured_image":false,"_exactmetrics_skip_tracking":false,"_exactmetrics_sitenote_active":false,"_exactmetrics_sitenote_note":"","_exactmetrics_sitenote_category":0,"footnotes":""},"categories":[2239],"tags":[14857,10978,68,275],"class_list":{"0":"post-156513","1":"post","2":"type-post","3":"status-publish","4":"format-standard","5":"has-post-thumbnail","7":"category-stuttgart-lokal","8":"tag-die-webzeitung","9":"tag-hitze","10":"tag-online-zeitung","11":"tag-stuttgart"},"image_feature":"https:\/\/die-webzeitung.de\/stuttgart\/wp-content\/uploads\/sites\/4\/2025\/06\/sun-3588618_1280-scaled.jpg","author_name":"Redaktion","pure_taxonomies":{"categories":[{"term_id":2239,"name":"Stuttgart","slug":"stuttgart-lokal","term_group":0,"term_taxonomy_id":2252,"taxonomy":"category","description":"Berichte und Informationen aus Stuttgart","parent":1433,"count":942,"filter":"raw","image":""}],"tags":[{"term_id":14857,"name":"Die-Webzeitung","slug":"die-webzeitung","term_group":0,"term_taxonomy_id":14876,"taxonomy":"post_tag","description":"","parent":0,"count":3625,"filter":"raw","image":""},{"term_id":10978,"name":"Hitze","slug":"hitze","term_group":0,"term_taxonomy_id":11016,"taxonomy":"post_tag","description":"","parent":0,"count":7,"filter":"raw","image":""},{"term_id":68,"name":"Online-Zeitung","slug":"online-zeitung","term_group":0,"term_taxonomy_id":69,"taxonomy":"post_tag","description":"","parent":0,"count":3595,"filter":"raw","image":""},{"term_id":275,"name":"Stuttgart","slug":"stuttgart","term_group":0,"term_taxonomy_id":281,"taxonomy":"post_tag","description":"","parent":0,"count":1195,"filter":"raw","image":""}]},"_links":{"self":[{"href":"https:\/\/die-webzeitung.de\/stuttgart\/wp-json\/wp\/v2\/posts\/156513","targetHints":{"allow":["GET"]}}],"collection":[{"href":"https:\/\/die-webzeitung.de\/stuttgart\/wp-json\/wp\/v2\/posts"}],"about":[{"href":"https:\/\/die-webzeitung.de\/stuttgart\/wp-json\/wp\/v2\/types\/post"}],"author":[{"embeddable":true,"href":"https:\/\/die-webzeitung.de\/stuttgart\/wp-json\/wp\/v2\/users\/4"}],"replies":[{"embeddable":true,"href":"https:\/\/die-webzeitung.de\/stuttgart\/wp-json\/wp\/v2\/comments?post=156513"}],"version-history":[{"count":1,"href":"https:\/\/die-webzeitung.de\/stuttgart\/wp-json\/wp\/v2\/posts\/156513\/revisions"}],"predecessor-version":[{"id":156515,"href":"https:\/\/die-webzeitung.de\/stuttgart\/wp-json\/wp\/v2\/posts\/156513\/revisions\/156515"}],"wp:featuredmedia":[{"embeddable":true,"href":"https:\/\/die-webzeitung.de\/stuttgart\/wp-json\/wp\/v2\/media\/156514"}],"wp:attachment":[{"href":"https:\/\/die-webzeitung.de\/stuttgart\/wp-json\/wp\/v2\/media?parent=156513"}],"wp:term":[{"taxonomy":"category","embeddable":true,"href":"https:\/\/die-webzeitung.de\/stuttgart\/wp-json\/wp\/v2\/categories?post=156513"},{"taxonomy":"post_tag","embeddable":true,"href":"https:\/\/die-webzeitung.de\/stuttgart\/wp-json\/wp\/v2\/tags?post=156513"}],"curies":[{"name":"wp","href":"https:\/\/api.w.org\/{rel}","templated":true}]}}