{"id":156508,"date":"2025-06-30T10:07:59","date_gmt":"2025-06-30T09:07:59","guid":{"rendered":"https:\/\/die-webzeitung.de\/stuttgart\/2025\/06\/30\/sommerhitze-in-der-stadt\/"},"modified":"2025-06-30T10:07:59","modified_gmt":"2025-06-30T09:07:59","slug":"sommerhitze-in-der-stadt","status":"publish","type":"post","link":"https:\/\/die-webzeitung.de\/stuttgart\/2025\/06\/30\/sommerhitze-in-der-stadt\/","title":{"rendered":"Sommerhitze in der Stadt"},"content":{"rendered":"<h3 style=\"text-align: justify;\"><strong>Was der K\u00f6rper jetzt braucht<\/strong><\/h3>\n<p style=\"text-align: justify;\"><strong>Europas St\u00e4dte heizen sich immer mehr auf. Wo <\/strong><strong>Asphaltb\u00f6den, Betonw\u00e4nde und <\/strong><strong>reflektierende <\/strong><strong>Glasfassaden<\/strong><strong> dominieren, klettert das Thermometer h\u00e4ufig \u00fcber die <\/strong><strong>30-Grad-Marke<\/strong><strong>. Damit wird selbst ein kurzer Gang zum B\u00e4cker zur schwei\u00dftreibenden Angelegenheit. Wie St\u00e4dter die Hitze gut \u00fcberstehen, wei\u00df Solveig Haw, \u00c4rztin und Gesundheitsexpertin der DKV Deutsche Krankenversicherung AG.<\/strong><\/p>\n<h4 style=\"text-align: justify;\"><strong>Schattige Routen w\u00e4hlen, Einkaufszeiten ver\u00e4ndern<\/strong><\/h4>\n<p style=\"text-align: justify;\">Wer zu Fu\u00df unterwegs ist, sollte m\u00f6glichst schattige Routen aussuchen. Parks und Stra\u00dfen mit B\u00e4umen bieten angenehmen Schatten und oftmals einen k\u00fchlen Luftzug. Solveig Haw, \u00c4rztin und Gesundheitsexpertin der DKV, r\u00e4t:<\/p>\n<ul style=\"text-align: justify;\">\n<li>Wer die M\u00f6glichkeit hat, sollte gerade in der Mittagszeit ein schattiges Pl\u00e4tzchen aufsuchen und die direkte Sonneneinstrahlung meiden.<\/li>\n<li>Ein kleiner Umweg zugunsten schattiger Wege kann hier einen gro\u00dfen Unterschied machen und dem Kreislauf guttun.<\/li>\n<li>Extreme Temperaturwechsel, etwa beim Betreten eines klimatisierten Geb\u00e4udes, belasten den K\u00f6rper zus\u00e4tzlich. Daher ist es empfehlenswert, Aktivit\u00e4ten wie Eink\u00e4ufe m\u00f6glichst fr\u00fch oder sp\u00e4t zu erledigen. <strong><br \/>\n<\/strong><\/li>\n<\/ul>\n<h4 style=\"text-align: justify;\"><strong>Lieber langsamer unterwegs sein<\/strong><\/h4>\n<p style=\"text-align: justify;\">Wer mit dem Rad unterwegs ist, sollte nicht in der prallen Mittagshitze in die Pedale treten. Und wenn es doch n\u00f6tig ist:<\/p>\n<ul style=\"text-align: justify;\">\n<li>Fahren Sie langsamer und gleichm\u00e4\u00dfiger, um Ihren Kreislauf nicht zu \u00fcberlasten.<\/li>\n<li>Wenn Sie merken, dass es zu viel wird, legen Sie eine Pause im Schatten ein und trinken Sie Wasser.<\/li>\n<li>Sport auf die Morgen- oder Abendstunden verlegen<strong>.<\/strong> Intensive Bewegung in der prallen Sonne vermeiden.<\/li>\n<\/ul>\n<p style=\"text-align: justify;\">Grunds\u00e4tzlich gilt es, anstrengende Fahrten, hohe Geschwindigkeiten oder lange Steigungen zu vermeiden<\/p>\n<h4 style=\"text-align: justify;\"><strong>Wasser trinken \u2013 auch unterwegs<\/strong><\/h4>\n<p style=\"text-align: justify;\">Bei hohen sommerlichen Temperaturen verliert unsere K\u00f6rper viel Wasser und das oft unbemerkt.<\/p>\n<ul style=\"text-align: justify;\">\n<li>Bis zu einem halben Liter pro Stunde sind bei Temperaturen \u00fcber 30 Grad m\u00f6glich, so die Gesundheitsexpertin.<\/li>\n<li>Deshalb ist es wichtig, auf eine ausreichende Fl\u00fcssigkeitsaufnahme zu achten.<\/li>\n<li>Fu\u00dfg\u00e4nger und Radfahrer, die l\u00e4nger unterwegs sind, sollten deshalb immer eine wiederverwendbare Trinkflasche dabeihaben.<\/li>\n<li>Ein nasses Tuch im Nacken oder auf der Stirn hilft schnell, sich abzuk\u00fchlen.<\/li>\n<\/ul>\n<p style=\"text-align: justify;\">Viele St\u00e4dte stellen inzwischen mit \u00f6ffentlichen Trinkbrunnen kostenlos Wasser zur Verf\u00fcgung.<\/p>\n<h4 style=\"text-align: justify;\"><strong>Luftige Kleidung und Sonnenschutz<\/strong><\/h4>\n<ul style=\"text-align: justify;\">\n<li>Leichte, atmungsaktive Materialien wie Baumwolle oder Leinen helfen der Haut, zu atmen und Schwei\u00df besser abzuleiten.<\/li>\n<li>Helle Farben reflektieren das Sonnenlicht besser als dunkle T\u00f6ne und ein Hut oder eine Kappe sch\u00fctzt den Kopf vor direkter Sonneneinstrahlung.<\/li>\n<li>Bei starker UV-Strahlung sollten unbedeckte K\u00f6rperstellen regelm\u00e4\u00dfig mit hohem Lichtschutzfaktor eingecremt werden, r\u00e4t Haw.<\/li>\n<li>Das sch\u00fctzt nicht nur vor Sonnenbrand, sondern auch vor langfristigen Hautsch\u00e4den.<\/li>\n<li>Auch die Augen k\u00f6nnen durch UV-Strahlung gesch\u00e4digt werden. Sonnenbrille mit UV-Schutz tragen.<\/li>\n<\/ul>\n<h4 style=\"text-align: justify;\"><strong>Gesundheit geht vor \u2013 Warnsignale beachten<\/strong><\/h4>\n<p style=\"text-align: justify;\">\u201eTemperaturen \u00fcber 30 Grad sind eine echte Herausforderung f\u00fcr unseren K\u00f6rper. Besonders \u00e4ltere Menschen, Kinder und Personen mit Vorerkrankungen sind bei Hitze gef\u00e4hrdet,\u201c wei\u00df Haw und r\u00e4t dazu, regelm\u00e4\u00dfig auch ans Trinken zu erinnern.<\/p>\n<ul>\n<li style=\"text-align: justify;\">Wer sich unwohl f\u00fchlt, Schwindel, Kopfschmerzen oder starkes Schwitzen bemerkt, sollte sich so schnell wie m\u00f6glich eine Pause g\u00f6nnen und Fl\u00fcssigkeit zu sich nehmen.<\/li>\n<li style=\"text-align: justify;\">Im Zweifelsfall oder bei anhaltenden Symptomen sollte Betroffene medizinische Hilfe in Anspruch nehmen.<\/li>\n<\/ul>\n<hr \/>\n","protected":false},"excerpt":{"rendered":"<p>Was der K\u00f6rper jetzt braucht Europas St\u00e4dte heizen sich immer mehr auf. Wo Asphaltb\u00f6den, Betonw\u00e4nde und reflektierende Glasfassaden dominieren, klettert das Thermometer h\u00e4ufig \u00fcber die 30-Grad-Marke. Damit wird selbst ein kurzer Gang zum B\u00e4cker zur schwei\u00dftreibenden Angelegenheit. Wie St\u00e4dter die Hitze gut \u00fcberstehen, wei\u00df Solveig Haw, \u00c4rztin und Gesundheitsexpertin der DKV Deutsche Krankenversicherung AG. Schattige [&hellip;]<\/p>\n","protected":false},"author":4,"featured_media":156509,"comment_status":"closed","ping_status":"open","sticky":false,"template":"","format":"standard","meta":{"inline_featured_image":false,"_exactmetrics_skip_tracking":false,"_exactmetrics_sitenote_active":false,"_exactmetrics_sitenote_note":"","_exactmetrics_sitenote_category":0,"footnotes":""},"categories":[59,210],"tags":[14857,10978,16320,68,10739],"class_list":{"0":"post-156508","1":"post","2":"type-post","3":"status-publish","4":"format-standard","5":"has-post-thumbnail","7":"category-aktuell","8":"category-gesundheit","9":"tag-die-webzeitung","10":"tag-hitze","11":"tag-hitzewelle","12":"tag-online-zeitung","13":"tag-sommer"},"image_feature":"https:\/\/die-webzeitung.de\/stuttgart\/wp-content\/uploads\/sites\/4\/2025\/06\/thermometer-4295884_1280-scaled.jpg","author_name":"Redaktion","pure_taxonomies":{"categories":[{"term_id":59,"name":"Aktuell","slug":"aktuell","term_group":0,"term_taxonomy_id":60,"taxonomy":"category","description":"","parent":0,"count":1017,"filter":"raw","image":""},{"term_id":210,"name":"Gesundheit","slug":"gesundheit","term_group":0,"term_taxonomy_id":213,"taxonomy":"category","description":"","parent":482,"count":20,"filter":"raw","image":""}],"tags":[{"term_id":14857,"name":"Die-Webzeitung","slug":"die-webzeitung","term_group":0,"term_taxonomy_id":14876,"taxonomy":"post_tag","description":"","parent":0,"count":3625,"filter":"raw","image":""},{"term_id":10978,"name":"Hitze","slug":"hitze","term_group":0,"term_taxonomy_id":11016,"taxonomy":"post_tag","description":"","parent":0,"count":7,"filter":"raw","image":""},{"term_id":16320,"name":"Hitzewelle","slug":"hitzewelle","term_group":0,"term_taxonomy_id":16339,"taxonomy":"post_tag","description":"","parent":0,"count":2,"filter":"raw","image":""},{"term_id":68,"name":"Online-Zeitung","slug":"online-zeitung","term_group":0,"term_taxonomy_id":69,"taxonomy":"post_tag","description":"","parent":0,"count":3595,"filter":"raw","image":""},{"term_id":10739,"name":"Sommer","slug":"sommer","term_group":0,"term_taxonomy_id":10775,"taxonomy":"post_tag","description":"","parent":0,"count":2,"filter":"raw","image":""}]},"_links":{"self":[{"href":"https:\/\/die-webzeitung.de\/stuttgart\/wp-json\/wp\/v2\/posts\/156508","targetHints":{"allow":["GET"]}}],"collection":[{"href":"https:\/\/die-webzeitung.de\/stuttgart\/wp-json\/wp\/v2\/posts"}],"about":[{"href":"https:\/\/die-webzeitung.de\/stuttgart\/wp-json\/wp\/v2\/types\/post"}],"author":[{"embeddable":true,"href":"https:\/\/die-webzeitung.de\/stuttgart\/wp-json\/wp\/v2\/users\/4"}],"replies":[{"embeddable":true,"href":"https:\/\/die-webzeitung.de\/stuttgart\/wp-json\/wp\/v2\/comments?post=156508"}],"version-history":[{"count":0,"href":"https:\/\/die-webzeitung.de\/stuttgart\/wp-json\/wp\/v2\/posts\/156508\/revisions"}],"wp:featuredmedia":[{"embeddable":true,"href":"https:\/\/die-webzeitung.de\/stuttgart\/wp-json\/wp\/v2\/media\/156509"}],"wp:attachment":[{"href":"https:\/\/die-webzeitung.de\/stuttgart\/wp-json\/wp\/v2\/media?parent=156508"}],"wp:term":[{"taxonomy":"category","embeddable":true,"href":"https:\/\/die-webzeitung.de\/stuttgart\/wp-json\/wp\/v2\/categories?post=156508"},{"taxonomy":"post_tag","embeddable":true,"href":"https:\/\/die-webzeitung.de\/stuttgart\/wp-json\/wp\/v2\/tags?post=156508"}],"curies":[{"name":"wp","href":"https:\/\/api.w.org\/{rel}","templated":true}]}}