{"id":156498,"date":"2025-06-30T12:10:00","date_gmt":"2025-06-30T11:10:00","guid":{"rendered":"https:\/\/die-webzeitung.de\/stuttgart\/?p=156498"},"modified":"2025-07-06T20:11:34","modified_gmt":"2025-07-06T19:11:34","slug":"polizei-report-stuttgart-woche-27-5","status":"publish","type":"post","link":"https:\/\/die-webzeitung.de\/stuttgart\/2025\/06\/30\/polizei-report-stuttgart-woche-27-5\/","title":{"rendered":"Polizei-Report Stuttgart | Woche 27"},"content":{"rendered":"<p><em>Quelle: ots<\/em><\/p>\n<p style=\"text-align: justify;\"><strong>Stuttgart-Mitte: Versuchtes T\u00f6tungsdelikt &#8211; Tatverd\u00e4chtiger festgenommen<\/strong><br \/>\nAus bislang nicht bekannten Gr\u00fcnden kam es am Samstag (05.07.2025) gegen 17.00 Uhr an der Leonhardskirche zu einem heftigen Streit zwischen zwei 46 und 54 Jahre alten M\u00e4nnern. Dabei wurde dem 54-J\u00e4hrigen von seinem Kontrahenten mit einem spitzen Gegenstand eine stark blutende Wunde am Hals zugef\u00fcgt. Nachdem Zeugen per Notruf die Polizei alarmiert hatten, konnte der Verletzte aufgrund der deutlich sichtbaren Blutspur in der Katharinenstra\u00dfe entdeckt werden. Er wurde nach Erstversorgung durch Polizeibeamte und Angeh\u00f6rige des Rettungsdienstes in eine Klinik verbracht und dort station\u00e4r aufgenommen. Anhand der T\u00e4terbeschreibung konnte der Tatverd\u00e4chtige unweit des Tatortes festgenommen werden. Der 46 Jahre alte Rum\u00e4ne wird am 06.07.2025 auf Antrag der Staatsanwaltschaft einem Haftrichter vorgef\u00fchrt.<\/p>\n<p style=\"text-align: justify;\"><strong>Stuttgart-Nord: Polizeibeamte angegriffen &#8211; zwei Beamte verletzt<\/strong><br \/>\nEin polizeibekannter 33 Jahre alter Mann widersetzte sich am Samstagnachmittag (05.07.2025) gegen 16.00 Uhr seiner Festnahme und verletzte hierbei eine 28 Jahre alte Polizeibeamtin und einen 40 Jahre alten Beamten. Der 33-J\u00e4hrige hatte sich zuvor am U-Halt Milchhof auf die Gleise vor eine Stadtbahn gesetzt und diese an der Weiterfahrt gehindert. Beim Eintreffen der alarmierten Beamten stand er auf und ging mit Steinen in der Hand auf diese los. Bei der anschlie\u00dfenden Festnahme leistete er erheblichen Widerstand, weshalb Pfefferspray und der Schlagstock eingesetzt werden mussten. Dennoch versuchte der Mann, der Beamtin die Pistole aus dem Holster zu rei\u00dfen, was aber verhindert werden konnte. Erst mit Hilfe eines 35 Jahre alten Passanten konnte der 33-J\u00e4hrige schlie\u00dflich \u00fcberw\u00e4ltigt werden. Er wurde im Anschluss in eine psychiatrische Einrichtung eingeliefert. Die Polizeibeamtin und der Beamte erlitten leichte Verletzungen, wobei der 40-j\u00e4hrige Beamte dennoch seinen Dienst vorzeitig beenden musste.<br \/>\nZeugen des Geschehens werden gebeten, sich unter der Rufnummer +4971189903200 mit dem Polizeirevier 2 Willy-Brand-Stra\u00dfe in Verbindung zu setzen.<\/p>\n<p style=\"text-align: justify;\"><strong>Stuttgart-Ost: 14-J\u00e4hrigen ausgeraubt &#8211; Zeugen gesucht<\/strong><br \/>\nMehrere Unbekannte haben am Samstagabend (05.07.2025) am Alfred-L\u00f6rcher-Weg einen 14-J\u00e4hringen ausgeraubt. Der Gesch\u00e4digte war gegen 22:45 Uhr mit einem Begleiter auf der Uhlandsh\u00f6he beim dortigen Basketball Platz unterwegs, als er von einer sieben- bis zehnk\u00f6pfigen Gruppe Jugendlicher umringt und festgehalten wurde. Unter Gewaltandrohung wurde er durchsucht und sein Mobiltelefon, Kopfh\u00f6rer und eine Sonnenbrille entwendet. Die T\u00e4ter wurden als 175 cm gro\u00df und schwarz gekleidet beschrieben werden. Zeugen werden gebeten, sich mit der Kriminalpolizei unter der Telefonnummer +4971189905778 in Verbindung zu setzen.<\/p>\n<p style=\"text-align: justify;\"><strong>Stuttgart-M\u00f6hringen: Mutma\u00dflich betrunkener Autofahrer gef\u00e4hrdet Mercedesfahrer &#8211; Zeugen gesucht<\/strong><br \/>\nDurch Polizeibeamte wurde beobachtet, wie ein 38 Jahre alter Autofahrer in der Nacht auf Sonntag (06.07.2025) m\u00f6glicherweise einen anderen Autofahrer gef\u00e4hrdet hat. Der 38 Jahre alte Mann fuhr gegen 24:00 Uhr mit seinem Renault von der Sigmaringer Stra\u00dfe in den dortigen Kreisverkehr Sigmaringer Stra\u00dfe\/Plieninger Stra\u00dfe\/Rembrandtstra\u00dfe und nahm dabei einem vorfahrtsberechtigen Fahrzeug, vermutlich ein silberfarbener Mercedes, die Vorfahrt. Bei der Kontrolle des 38-J\u00e4hringen wurde eine mutma\u00dfliche Alkoholeinwirkung festgestellt. Er musste eine Blutprobe abgeben und die Beamten beschlagnahmten seinen F\u00fchrerschein. Zeugen, insbesondere der Fahrer des silbernen Mercedes, werden gebeten, sich unter der Rufnummer +4971189903400 beim Polizeirevier 4 Balinger Stra\u00dfe zu melden.<\/p>\n<p style=\"text-align: justify;\"><strong>Stuttgart-S\u00fcd: P\u00e4rchen geschlagen und bestohlen &#8211; Zeugen gesucht<\/strong><br \/>\nUnbekannte haben in der Nacht zum Samstag (05.07.2025) ein P\u00e4rchen auf der Karlsh\u00f6he bestohlen und geschlagen. Das P\u00e4rchen im Alter von 16 Jahren hielt sich gegen 01.45 Uhr im Biergarten auf, als ein T\u00e4ter die neben dem M\u00e4dchen stehende Handtasche entwendete. Als die Gesch\u00e4digte den Diebstahl bemerkte und die Tasche zur\u00fcckforderte, wurde sie von dem Dieb mittels Faustschl\u00e4gen ins Gesicht angegriffen. Ihr Partner versuchte ihr zu helfen und wurde daraufhin von einer etwa 15-k\u00f6pfigen Gruppe ebenfalls mit Faustschl\u00e4gen traktiert. Die T\u00e4ter konnten anschlie\u00dfend mit dem Diebesgut fl\u00fcchten. Der Hauptt\u00e4ter soll etwa 18 Jahre alt, dunkelh\u00e4utig, etwa 2 Meter gro\u00df und muskul\u00f6s gewesen sein. Er war mit einem schwarzen T-Shirt, einer grauen Jogginghose und einem schwarzen Basecap bekleidet. Ein weiterer T\u00e4ter wurde als ebenfalls etwa 18 Jahre alt, hellh\u00e4utig mit einem Mittelscheitel beschrieben. Er soll ein Paris-Saint-Germain-T-Shirt getragen haben. Zeugen werden gebeten, sich unter der Rufnummer +4971189905778 bei der Kriminalpolizei zu melden.<\/p>\n<p style=\"text-align: justify;\"><strong>Stuttgart-Ost: Auto in Brand geraten<\/strong><br \/>\nMutma\u00dflich aufgrund eines technischen Defekts ist am Freitag (04.07.2025) ein Ford in Brand geraten. Eine 30 Jahre alte Frau fuhr gegen 12.40 Uhr mit ihrem Oldtimer in der Heidehofstra\u00dfe, als das Fahrzeug auf H\u00f6he der Bushaltestelle pl\u00f6tzlich in Brand geriet. Sie stellte das Fahrzeug am Fahrbahnrand ab und verlie\u00df mit ihrem 32 Jahre alten Beifahrer unverletzt das Fahrzeug. Kurz darauf stand das Auto in Vollbrand und die alarmierte Feuerwehr l\u00f6schte den Brand. W\u00e4hrend der L\u00f6scharbeiten war die Fahrbahn in beide Richtungen gesperrt. Der entstandene Schaden am Fahrzeug wird auf zirka 20.000 Euro gesch\u00e4tzt.<\/p>\n<p style=\"text-align: justify;\"><strong>Stuttgart-Mitte: Bei Auseinandersetzung lebensgef\u00e4hrlich verletzt &#8211; Zeugen gesucht<\/strong><br \/>\nEin 45 Jahre alter Mann hat sich am Donnerstag (03.07.2025) bei einer Auseinandersetzung an der Konrad-Adenauer-Stra\u00dfe lebensgef\u00e4hrliche Verletzungen zugezogen. Der Mann befand sich gegen 21.20 Uhr am Stadtpalais, als er mit einem 46-J\u00e4hrigen in eine verbale Auseinandersetzung geriet, die handgreiflich wurde. Im weiteren Verlauf mischte sich ein weiterer bislang unbekannter T\u00e4ter in die Auseinandersetzung ein. Dabei st\u00fcrzte der 45-J\u00e4hrige und zog sich lebensgef\u00e4hrliche Kopfverletzungen zu. Alarmierte Rettungskr\u00e4fte stellten zudem eine Stichwunde im Halsbereich des 45-J\u00e4hrigen fest und brachten ihn in ein Krankenhaus. Zwischenzeitlich befindet sich der 45-J\u00e4hrige au\u00dfer Lebensgefahr. Beamte nahmen den 46-J\u00e4hrigen in Tatortn\u00e4he fest. Der zweite T\u00e4ter fl\u00fcchtete unerkannt. Nach Abschluss der polizeilichen Ma\u00dfnahmen setzten die Beamten den 46-J\u00e4hrigen wieder auf freien Fu\u00df. Der fl\u00fcchtige Tatverd\u00e4chtige war etwa 30 Jahre alt und hatte einen dunkleren Hauttyp. Er hatte eine sportliche Figur, kurze, dunkle Haare und trug einen Dreitagebart. Bekleidet war er mit einem gr\u00fcnen oder hellen T-Shirt. Zeugen werden gebeten, sich unter der Rufnummer +4971189905778 an die Kriminalpolizei zu wenden.<\/p>\n<p style=\"text-align: justify;\"><strong>Stuttgart-Bad Cannstatt: Fahrradstra\u00dfe \u00fcberwacht &#8211; Zahlreiche Verst\u00f6\u00dfe festgestellt<\/strong><br \/>\nPolizeibeamte haben am Donnerstagmorgen (03.07.2025) in den Stra\u00dfen Bahnhof- und Eisenbahnstra\u00dfe Verkehrskontrollen durchgef\u00fchrt und ihr Augenmerk insbesondere auf den Durchgangsverkehr in der neu eingerichteten Fahrradstra\u00dfe gelegt. Die Beamten kontrollierten in der Zeit von 08.50 Uhr bis 09.50 Uhr insgesamt 53 Autos und 76 Personen. Hierbei stellten die Beamten 51 Verst\u00f6\u00dfe wegen des verbotswidrigen Befahrens der Fahrradstra\u00dfe fest.<\/p>\n<p style=\"text-align: justify;\"><strong>Stuttgart-Obert\u00fcrkheim: Dachstuhlbrand<\/strong><br \/>\nAus unbekannter Ursache ist in der Nacht zum Donnerstag (03.07.2025) in einem Geb\u00e4ude an der Asangstra\u00dfe ein Feuer ausgebrochen. Ein Anwohner entdeckte den Brand gegen 00.20 Uhr und setzte einen Notruf ab. Beim Eintreffen der Beamten schlugen bereits Flammen aus dem Dachgeschoss. Das Geb\u00e4ude ist derzeit unbewohnt und wird saniert. Die Kriminalpolizei hat die Ermittlungen zur genauen Brandursache \u00fcbernommen. Der Schaden kann bislang noch nicht beziffert werden.<\/p>\n<p style=\"text-align: justify;\"><strong>Stuttgart-West: Pedelec-Fahrer bei Zusammensto\u00df mit Stadtbahn leicht verletzt &#8211; Zeugen gesucht<\/strong><br \/>\nEin 58 Jahre alter Pedelec-Fahrer hat sich am Mittwoch (02.07.2025) beim Zusammensto\u00df mit einer Stadtbahn in der Schlo\u00dfstra\u00dfe leichte Verletzungen zugezogen. Der 58-J\u00e4hrige fuhr kurz vor 19.00 Uhr mit seinem Zweirad in der B\u00fcchsenstra\u00dfe Richtung Leuschnerstra\u00dfe. Beim \u00dcberqueren der Schlo\u00dfstra\u00dfe stie\u00df er mit einer Stadtbahn der Linie U1 zusammen, die in Richtung Berliner Platz unterwegs war. Rettungskr\u00e4fte k\u00fcmmerten sich um den Verletzten und brachten ihn vorsorglich in ein Krankenhaus. Zeugen werden gebeten, sich unter der Rufnummer +4971189904100 bei der Verkehrspolizei zu melden.<\/p>\n<p style=\"text-align: justify;\"><strong>Stuttgart-Vaihingen: Drehmaschine in Brand geraten &#8211; Vier Arbeiter leicht verletzt<\/strong><br \/>\nAus unbekannter Ursache ist am sp\u00e4ten Mittwochabend (02.07.2025) in einem Betrieb an der Stra\u00dfe Untere Waldpl\u00e4tze eine Drehmaschine in Brand geraten. Das Feuer brach gegen 23.10 Uhr aus und griff auf eine weitere Maschine sowie die L\u00fcftungsanlage \u00fcber. Vier Arbeiter erlitten dabei leichte Verletzungen, zwei von ihnen kamen vorsorglich in ein Krankenhaus. Der entstandene Schaden betr\u00e4gt ersten Sch\u00e4tzungen zufolge mehrere 100.000 Euro. Die Ermittlungen zur genauen Brandursache dauern an.<\/p>\n<p style=\"text-align: justify;\"><strong>Stuttgart-Vaihingen: Drehmaschine in Brand geraten &#8211; Vier Arbeiter leicht verletzt<\/strong><br \/>\nAus unbekannter Ursache ist am sp\u00e4ten Mittwochabend (02.07.2025) in einem Betrieb an der Stra\u00dfe Untere Waldpl\u00e4tze eine Drehmaschine in Brand geraten. Das Feuer brach gegen 23.10 Uhr aus und griff auf eine weitere Maschine sowie die L\u00fcftungsanlage \u00fcber. Vier Arbeiter erlitten dabei leichte Verletzungen, zwei von ihnen kamen vorsorglich in ein Krankenhaus. Der entstandene Schaden betr\u00e4gt mehrere 10.000 Euro. Die Ermittlungen zur genauen Brandursache dauern an.<\/p>\n<p style=\"text-align: justify;\"><strong>Stuttgart-Feuerbach: Mit Stadtbahn zusammen gesto\u00dfen &#8211; Zeugen gesucht<\/strong><br \/>\nEine 68 Jahre alte Frau ist am Mittwoch (02.07.2025) mit einer Stadtbahn der Linie U6 an der Kreuzung Weilimdorfer Stra\u00dfe, F\u00f6hrichstra\u00dfe zusammengesto\u00dfen. Die Frau war gegen 12.25 Uhr mit ihrem Mercedes in der Weilimdorfer Stra\u00dfe unterwegs. An der Kreuzung zur F\u00f6hrichstra\u00dfe beabsichtige sie nach links abzubiegen. Im Kreuzungsbereich stie\u00df sie mit der Stadtbahn zusammen, die Richtung Giebel fuhr. Hierbei zog sich die 68-J\u00e4hrige leichte Verletzungen zu. Rettungskr\u00e4fte k\u00fcmmerten sich um die Frau und brachten sie in ein Krankenhaus. Der Mercedes war nicht mehr fahrbereit und musste abgeschleppt werden. Es entstand ein Sachschaden von rund 45.000 Euro. Zeugen werden gebeten, sich unter der Rufnummer +4971189904100 bei der Verkehrspolizei zu melden.<\/p>\n<p style=\"text-align: justify;\"><strong>Stuttgart-Stammheim: Bei Verkehrskontrolle Kokain gefunden &#8211; Tatverd\u00e4chtigen festgenommen<\/strong><br \/>\nPolizeibeamte haben am Dienstag (01.07.2025) einen 33 Jahre alten Mann an der Ludwigsburger Stra\u00dfe festgenommen, der im Verdacht steht, unerlaubt mit Kokain gehandelt zu haben. Die Beamten kontrollierten gegen 11.15 Uhr einen Mercedes, den der 33-J\u00e4hrige lenkte. Bei der Durchsuchung des Fahrzeuges fanden und beschlagnahmten die Beamten zirka 200 Gramm Kokain und rund 5.000 Euro. Der Fahrer steht zudem im Verdacht, ohne F\u00fchrerschein unterwegs gewesen zu sein. Die Beamten nahmen den Mann mit italienischer Staatsangeh\u00f6rigkeit fest. Er wird im Laufe des Mittwochs (02.05.2025) auf Antrag der Staatsanwaltschaft einem Haftrichter vorgef\u00fchrt.<\/p>\n<p style=\"text-align: justify;\"><strong>Stuttgart-Plieningen: Vor Kindern onaniert &#8211; Zeugen gesucht<\/strong><br \/>\nEin unbekannter Mann hat sich am Dienstagmittag (01.07.2025) im Bereich des Hagebuttenweg vor zwei achtj\u00e4hrigen M\u00e4dchen entbl\u00f6\u00dft. Die beiden Kinder befanden sich gegen 12.55 Uhr im Bereich der Unterf\u00fchrung der Mittleren Filderstra\u00dfe und sahen einen Mann, der onanierte. Er begab sich hinter ein Geb\u00e4ude und manipulierte weiter an seinem Glied. Danach entfernte sich der Unbekannte Richtung Maurenstra\u00dfe. Der Mann war etwa 60 Jahre alt und hatte eine etwas kr\u00e4ftigere Statur. Er hatte kurze, wellige und leicht gr\u00e4uliche Haare. Bekleidet war er mit einem schwarzen T-Shirt und einer kurzen, schwarzen Hose mit vielen Taschen. Er trug eine blaue M\u00fctze mit Schild und Sonnenschutz. Zeugen werden gebeten, sich unter der Rufnummer +4971189905778 bei der Kriminalpolizei zu melden.<\/p>\n<p style=\"text-align: justify;\"><strong>Stuttgart-Mitte: Kind von Unbekanntem in Stadtbahn unsittlich ber\u00fchrt &#8211; Zeugen gesucht<\/strong><br \/>\nEin unbekannter Mann hat am Dienstagnachmittag (02.07.2025) in einer Stadtbahn ein Kind im Vorschulalter in den Intimbereich gefasst. Das M\u00e4dchen sa\u00df gegen 17.20 Uhr in der Stadtbahnlinie U15 Richtung Ruhbank in einer Vierersitzgruppe. Zeugen stiegen an der Haltestelle Friedrichswahl ein und beobachteten, wie ein Mann sich neben das M\u00e4dchen setzte, dieses ber\u00fchrte und ihr in den Intimbereich fasste. Am Hauptbahnhof stieg das M\u00e4dchen und der Unbekannte aus. Der Mann war zirka 40 Jahre alt und hatte ein Tattoo am Oberarm. Er hatte kurze, braune Haare. Bekleidet war er mit einer schwarzen Jogginghose und einem bunten Oberteil. Zeugen, insbesondere eine Frau, die den Unbekannten ansprach, werden gebeten, sich unter der Rufnummer +4971189905778 bei der Kriminalpolizei zu melden.<\/p>\n<p style=\"text-align: justify;\"><strong>Stuttgart-Mitte: Kleidung und Wertgegenst\u00e4nde geraubt &#8211; Zeugen gesucht<\/strong><br \/>\nEin Unbekannter hat am fr\u00fchen Dienstagmorgen (01.07.2025) in den Anlagen des mittleren Schlossgartens einen 57 Jahre alten Mann ausgeraubt. Der 57-J\u00e4hrige lernte den Unbekannten in der Klett-Passage kennen und die beiden begaben sich gemeinsam gegen 5.10 Uhr in den Schlossgarten. Hier begann der Unbekannte, den 57-J\u00e4hrigen zu w\u00fcrgen und raubte anschlie\u00dfend seine Bekleidung, Tasche, Handy und seinen Geldbeutel. Der Unbekannte war zirka 30 bis 35 Jahre alt und etwa 170 bis 175 Zentimeter gro\u00df. Er hatte einen dunklen Teint, einen Dreitagebart und war schlank. Sein Erscheinungsbild war gepflegt. Zeugen werden gebeten, sich unter der Rufnummer +4971189905778 bei der Kriminalpolizei zu melden.<\/p>\n<p style=\"text-align: justify;\"><strong>Stuttgart-Mitte: Pr\u00fcfpersonal geschlagen &#8211; Tatverd\u00e4chtige vorl\u00e4ufig festgenommen<\/strong><br \/>\nPolizeibeamte haben am Montag (30.06.2025) eine 28 Jahre alte Frau vorl\u00e4ufig festgenommen, die im Verdacht steht, ohne Fahrschein gefahren und sich gegen das Festhalten durch das Pr\u00fcfpersonal gewehrt zu haben. Mitarbeiter des Pr\u00fcfpersonals kontrollierten die 28-J\u00e4hrige in der U1 an der Haltestelle St\u00f6ckach und stellten fest, dass die Frau keinen g\u00fcltigen Fahrschein hat. An der Haltestelle Neckartor versuchte die Frau, die Bahn zu verlassen. Als das Pr\u00fcfpersonal dies verhinderte, schlug die Tatverd\u00e4chtige eine Pr\u00fcferin und verletzte sie leicht. Am Hauptbahnhof kam der Sicherheitsdienst hinzu und \u00fcbergab die 28-J\u00e4hrige den alarmierten Beamten. Die Tatverd\u00e4chtige wurde nach Abschluss der polizeilichen Ma\u00dfnahmen wieder auf freien Fu\u00df gesetzt.<\/p>\n<p style=\"text-align: justify;\"><strong>Stuttgart: Polizeilicher Schusswaffengebrauch\u00a0<\/strong><br \/>\nIn Stuttgart kam es in der Nacht von Montag auf Dienstag (1. Juli 2025) im Rahmen eines Polizeieinsatzes zu einem Schusswaffengebrauch, in dessen Folge ein Mann verstarb.<br \/>\nGegen 2:00 Uhr waren Einsatzkr\u00e4fte zu einer Auseinandersetzung zwischen zwei M\u00e4nnern in eine Gastst\u00e4tte in der Ostendstra\u00dfe gerufen worden. Dabei verletzte nach derzeitigem Stand der Ermittlungen ein 18-j\u00e4hriger Algerier einen 29-j\u00e4hrigen ebenfalls algerischen Staatsangeh\u00f6rigen mit einem scharfen Gegenstand schwer am Hals und fl\u00fcchtete zun\u00e4chst. Hinzugerufene Polizei- und Rettungskr\u00e4fte versorgten den Schwerverletzten, der zur weiteren Versorgung in ein Krankenhaus verbracht wurde.<br \/>\nDer 18-J\u00e4hrige wurde kurz darauf im Rahmen der Fahndungsma\u00dfnahmen in Tatortn\u00e4he in einem Hinterhof durch einen Polizeibeamten gestellt. Im weiteren Verlauf gab der Beamte einen Schuss ab, der den Mann im Oberk\u00f6rperbereich traf. Trotz sofort eingeleiteter Reanimationsma\u00dfnahmen verstarb der Mann noch vor Ort.<br \/>\nDer genaue Ablauf des Geschehens ist Gegenstand der laufenden Ermittlungen.<br \/>\nIn Abstimmung mit der Staatsanwaltschaft Stuttgart wird die Sachbearbeitung bez\u00fcglich der Hintergr\u00fcnde des Streits und des versuchten T\u00f6tungsdelikts durch das Polizeipr\u00e4sidium Stuttgart \u00fcbernommen. Die Ermittlungen zum polizeilichen Schusswaffengebrauchs werden durch das Landeskriminalamt Baden-W\u00fcrttemberg gef\u00fchrt.<br \/>\n\u00dcber diese Pressemitteilung hinausgehende Informationen k\u00f6nnen aufgrund der laufenden Ermittlungen derzeit nicht mitgeteilt werden.<\/p>\n<p style=\"text-align: justify;\"><strong>Stuttgart-Ost: Nach sexueller Bel\u00e4stigung &#8211; 26-J\u00e4hrigen vorl\u00e4ufig festgenommen<\/strong><br \/>\nPolizeibeamte haben am Montag (30.06.2025) einen 26 Jahre alten Mann festgenommen, der im Verdacht steht, eine 45-j\u00e4hrige Frau sexuell bel\u00e4stigt zu haben. Die 45-J\u00e4hrige befand sich gegen 11.30 Uhr im Bereich der Boslerstra\u00dfe, als sich der 26-J\u00e4hrige ihr n\u00e4herte, sie gegen ihren Willen k\u00fcsste und unsittlich ber\u00fchrte. Alarmierte Beamte fahndeten nach dem Mann und nahmen ihn im Bereich der Hau\u00dfmannstra\u00dfe vorl\u00e4ufig fest. Nach Durchf\u00fchrung der polizeilichen Ma\u00dfnahmen setzten sie ihn wieder auf freien Fu\u00df.<\/p>\n<p style=\"text-align: justify;\"><strong>Stuttgart-West: Radfahrerin bei Unfall schwerverletzt<\/strong><br \/>\nEine 40 Jahre alte Fahrradfahrerin hat sich bei einem Verkehrsunfall am Montag (30.06.2025) in der Johannesstra\u00dfe schwere Verletzungen zugezogen. Ein 36 Jahre alter Fahrer eines Skoda fuhr gegen 09.15 Uhr in der Johannesstra\u00dfe. An der Kreuzung zur Breitscheidstra\u00dfe beabsichtigte er nach links abzubiegen und stie\u00df mit der entgegenkommenden Fahrradfahrerin zusammen. Rettungskr\u00e4fte brachten die schwerverletzte Frau in ein Krankenhaus. Es entstand ein Sachschaden von rund 5.000 Euro.<\/p>\n<p style=\"text-align: justify;\"><strong>Stuttgart-Plieningen: Exhibitionist im Botanischen Garten &#8211; Zeugen gesucht<\/strong><br \/>\nEin unbekannter Mann hat am fr\u00fchen Sonntagmorgen (29.06.2025) im Botanischen Garten vor einer jungen Frau an seinem Glied manipuliert. Die 17-J\u00e4hrige befand sich gegen 01.55 Uhr auf H\u00f6he eines Zugangs, als sie den unbekannten Mann bemerkte, der an seinem Glied manipulierte. Der Unbekannte war sehr schlank. Zeugen werden gebeten, sich unter der Rufnummer +4971189905778 bei der Kriminalpolizei zu melden.<\/p>\n<p style=\"text-align: justify;\"><strong>A8\/81 Denkendorf bis Stuttgart: Zeugen gesucht &#8211; BMW-Fahrer n\u00f6tigt andere Verkehrsteilnehmende<\/strong><br \/>\nDie Verkehrspolizeiinspektion Ludwigsburg sucht Zeugen, die am Samstag (28.06.2025) auf den Bundesautobahnen 8 und 81 zwischen Denkendorf und Stuttgart-Zuffenhausen die Fahrweise eines BMW, Typ X 5 beobachtete haben, der andere Verkehrsteilnehmende gen\u00f6tigt haben soll. Gegen 18.40 Uhr hatte ein 28 Jahre alte Opel-Lenker die Polizei alarmiert, nachdem er zuvor auf der Strecke der BAB 8 zwischen Denkendorf und dem Autobahndreieck Leonberg und anschlie\u00dfend auf der BAB 81 bis zur Anschlussstelle Stuttgart-Zuffenhausen mehrfach von dem 34 Jahre alten Fahrer eines BMW X5 gen\u00f6tigt worden sei. Dieser habe ihn wie auch andere Verkehrsteilnehmende durch dichtes Auffahren, indem er dr\u00e4ngelte, rechts \u00fcberholte und auch schneller als erlaubt gefahren sei, gen\u00f6tigt. Der Opel-Fahrer und der BMW-Lenker konnten durch eine Streifenwagenbesatzung der Verkehrspolizeiinspektion Ludwigsburg letztlich im Bereich der Anschlussstelle Stuttgart-Zuffenhausen festgestellt und anschlie\u00dfend einer Kontrolle unterzogen werden. Hierbei warf der BMW-Fahrer dem Opel-Lenker vor, ihn verfolgt und durch eine Geste bedroht zu haben. Die Polizei nahm die Ermittlungen unter anderem wegen N\u00f6tigung auf. Zeugen und m\u00f6gliche weitere Gesch\u00e4digte, die durch die Fahrweise des BMW-Lenkers gef\u00e4hrdet oder ebenfalls gen\u00f6tigt wurden, melden sich unter Tel. 0711 6869-0 oder per E-Mail: <a href=\"mailto:stuttgart-vaihingen.vpi@polizei.bwl.de\" target=\"_blank\" rel=\"noopener\">stuttgart-vaihingen.vpi@polizei.bwl.de<\/a>.<\/p>\n<hr \/>\n<p style=\"text-align: justify;\">\n","protected":false},"excerpt":{"rendered":"<p>Quelle: ots Stuttgart-Mitte: Versuchtes T\u00f6tungsdelikt &#8211; Tatverd\u00e4chtiger festgenommen Aus bislang nicht bekannten Gr\u00fcnden kam es am Samstag (05.07.2025) gegen 17.00 Uhr an der Leonhardskirche zu einem heftigen Streit zwischen zwei 46 und 54 Jahre alten M\u00e4nnern. Dabei wurde dem 54-J\u00e4hrigen von seinem Kontrahenten mit einem spitzen Gegenstand eine stark blutende Wunde am Hals zugef\u00fcgt. Nachdem [&hellip;]<\/p>\n","protected":false},"author":4,"featured_media":152245,"comment_status":"closed","ping_status":"open","sticky":false,"template":"","format":"standard","meta":{"inline_featured_image":false,"_exactmetrics_skip_tracking":false,"_exactmetrics_sitenote_active":false,"_exactmetrics_sitenote_note":"","_exactmetrics_sitenote_category":0,"footnotes":""},"categories":[11241],"tags":[14857,68,205,1625,275],"class_list":{"0":"post-156498","1":"post","2":"type-post","3":"status-publish","4":"format-standard","5":"has-post-thumbnail","7":"category-region-stuttgart","8":"tag-die-webzeitung","9":"tag-online-zeitung","10":"tag-polizei","11":"tag-report","12":"tag-stuttgart"},"image_feature":"https:\/\/die-webzeitung.de\/stuttgart\/wp-content\/uploads\/sites\/4\/2024\/02\/Polizei-Pix-scaled.jpg","author_name":"Redaktion","pure_taxonomies":{"categories":[{"term_id":11241,"name":"Polizei-Report Stuttgart","slug":"region-stuttgart","term_group":0,"term_taxonomy_id":11279,"taxonomy":"category","description":"Polizeiberichte aus der Region Stuttgart","parent":1619,"count":68,"filter":"raw","image":""}],"tags":[{"term_id":14857,"name":"Die-Webzeitung","slug":"die-webzeitung","term_group":0,"term_taxonomy_id":14876,"taxonomy":"post_tag","description":"","parent":0,"count":3625,"filter":"raw","image":""},{"term_id":68,"name":"Online-Zeitung","slug":"online-zeitung","term_group":0,"term_taxonomy_id":69,"taxonomy":"post_tag","description":"","parent":0,"count":3595,"filter":"raw","image":""},{"term_id":205,"name":"Polizei","slug":"polizei","term_group":0,"term_taxonomy_id":208,"taxonomy":"post_tag","description":"","parent":0,"count":277,"filter":"raw","image":""},{"term_id":1625,"name":"Report","slug":"report","term_group":0,"term_taxonomy_id":1634,"taxonomy":"post_tag","description":"","parent":0,"count":210,"filter":"raw","image":""},{"term_id":275,"name":"Stuttgart","slug":"stuttgart","term_group":0,"term_taxonomy_id":281,"taxonomy":"post_tag","description":"","parent":0,"count":1195,"filter":"raw","image":""}]},"_links":{"self":[{"href":"https:\/\/die-webzeitung.de\/stuttgart\/wp-json\/wp\/v2\/posts\/156498","targetHints":{"allow":["GET"]}}],"collection":[{"href":"https:\/\/die-webzeitung.de\/stuttgart\/wp-json\/wp\/v2\/posts"}],"about":[{"href":"https:\/\/die-webzeitung.de\/stuttgart\/wp-json\/wp\/v2\/types\/post"}],"author":[{"embeddable":true,"href":"https:\/\/die-webzeitung.de\/stuttgart\/wp-json\/wp\/v2\/users\/4"}],"replies":[{"embeddable":true,"href":"https:\/\/die-webzeitung.de\/stuttgart\/wp-json\/wp\/v2\/comments?post=156498"}],"version-history":[{"count":16,"href":"https:\/\/die-webzeitung.de\/stuttgart\/wp-json\/wp\/v2\/posts\/156498\/revisions"}],"predecessor-version":[{"id":156598,"href":"https:\/\/die-webzeitung.de\/stuttgart\/wp-json\/wp\/v2\/posts\/156498\/revisions\/156598"}],"wp:featuredmedia":[{"embeddable":true,"href":"https:\/\/die-webzeitung.de\/stuttgart\/wp-json\/wp\/v2\/media\/152245"}],"wp:attachment":[{"href":"https:\/\/die-webzeitung.de\/stuttgart\/wp-json\/wp\/v2\/media?parent=156498"}],"wp:term":[{"taxonomy":"category","embeddable":true,"href":"https:\/\/die-webzeitung.de\/stuttgart\/wp-json\/wp\/v2\/categories?post=156498"},{"taxonomy":"post_tag","embeddable":true,"href":"https:\/\/die-webzeitung.de\/stuttgart\/wp-json\/wp\/v2\/tags?post=156498"}],"curies":[{"name":"wp","href":"https:\/\/api.w.org\/{rel}","templated":true}]}}