{"id":156488,"date":"2025-06-27T16:43:27","date_gmt":"2025-06-27T15:43:27","guid":{"rendered":"https:\/\/die-webzeitung.de\/stuttgart\/?p=156488"},"modified":"2025-06-27T16:43:27","modified_gmt":"2025-06-27T15:43:27","slug":"landkreis-untersagt-wasserentnahme","status":"publish","type":"post","link":"https:\/\/die-webzeitung.de\/stuttgart\/2025\/06\/27\/landkreis-untersagt-wasserentnahme\/","title":{"rendered":"Landkreis untersagt Wasserentnahme"},"content":{"rendered":"<h3 style=\"text-align: justify;\"><strong>Nichts darf mehr aus Fl\u00fcssen, B\u00e4chen, Seen und Teichen entnommen werden<\/strong><\/h3>\n<p style=\"text-align: justify;\">Wegen zu geringer Niederschl\u00e4ge und konstant hoher Temperaturen ist der Wasserstand in den Gew\u00e4ssern des Landkreises Esslingen inzwischen unter das sogenannte mittlere Niedrigwasser gefallen. Deshalb gilt im Landkreis Esslingen von Samstag, 28. Juni 2025 eine Rechtsverordnung, wonach die Wasserentnahme aus Oberfl\u00e4chengew\u00e4ssern wie B\u00e4chen, Fl\u00fcssen, Seen und Teichen untersagt wird. Die Rechtsverordnung ist auf der Internetseite des Landkreises Esslingen (www.landkreis-esslingen.de) in der Rubrik \u201eB\u00fcrgerservice &#8211; \u00d6ffentliche Bekanntmachungen\u201c ver\u00f6ffentlicht und ist zun\u00e4chst bis zum 31. August 2025 beschr\u00e4nkt.<\/p>\n<p style=\"text-align: justify;\">Insbesondere die Gew\u00e4sser\u00f6kologie, also Fische, kleinere Lebewesen und Pflanzen leiden unter den niedrigen Wasserst\u00e4nden, dem niedrigen Sauerstoffgehalt und den ansteigenden Wassertemperaturen. Deswegen ist die Wasserentnahme untersagt worden. Verboten ist die Entnahme mittels einer Pumpe, aber auch das Sch\u00f6pfen \u201evon Hand\u201c mit Eimern oder Gie\u00dfkannen, der sogenannte Gemeingebrauch. Ebenfalls reglementiert ist die Entnahme gr\u00f6\u00dferer Wassermengen, f\u00fcr die eine wasserrechtliche Erlaubnis erforderlich ist: in den Auflagen ist ein Pegel festgesetzt, unterhalb dessen die Wasserentnahme untersagt ist.<\/p>\n<hr \/>\n<p style=\"text-align: justify;\">\n","protected":false},"excerpt":{"rendered":"<p>Nichts darf mehr aus Fl\u00fcssen, B\u00e4chen, Seen und Teichen entnommen werden Wegen zu geringer Niederschl\u00e4ge und konstant hoher Temperaturen ist der Wasserstand in den Gew\u00e4ssern des Landkreises Esslingen inzwischen unter das sogenannte mittlere Niedrigwasser gefallen. Deshalb gilt im Landkreis Esslingen von Samstag, 28. Juni 2025 eine Rechtsverordnung, wonach die Wasserentnahme aus Oberfl\u00e4chengew\u00e4ssern wie B\u00e4chen, Fl\u00fcssen, [&hellip;]<\/p>\n","protected":false},"author":4,"featured_media":0,"comment_status":"closed","ping_status":"open","sticky":false,"template":"","format":"standard","meta":{"inline_featured_image":false,"_exactmetrics_skip_tracking":false,"_exactmetrics_sitenote_active":false,"_exactmetrics_sitenote_note":"","_exactmetrics_sitenote_category":0,"footnotes":""},"categories":[2247],"tags":[14857,14440,68,17619],"class_list":{"0":"post-156488","1":"post","2":"type-post","3":"status-publish","4":"format-standard","6":"category-kreis-esslingen","7":"tag-die-webzeitung","8":"tag-esslingen","9":"tag-online-zeitung","10":"tag-wasserentnahme"},"image_feature":null,"author_name":"Redaktion","pure_taxonomies":{"categories":[{"term_id":2247,"name":"Kreis Esslingen","slug":"kreis-esslingen","term_group":0,"term_taxonomy_id":2260,"taxonomy":"category","description":"Informationen aus dem Landkreis Esslingen","parent":171,"count":214,"filter":"raw","image":""}],"tags":[{"term_id":14857,"name":"Die-Webzeitung","slug":"die-webzeitung","term_group":0,"term_taxonomy_id":14876,"taxonomy":"post_tag","description":"","parent":0,"count":3625,"filter":"raw","image":""},{"term_id":14440,"name":"Esslingen","slug":"esslingen","term_group":0,"term_taxonomy_id":3885,"taxonomy":"post_tag","description":"","parent":0,"count":202,"filter":"raw","image":""},{"term_id":68,"name":"Online-Zeitung","slug":"online-zeitung","term_group":0,"term_taxonomy_id":69,"taxonomy":"post_tag","description":"","parent":0,"count":3595,"filter":"raw","image":""},{"term_id":17619,"name":"Wasserentnahme","slug":"wasserentnahme","term_group":0,"term_taxonomy_id":17638,"taxonomy":"post_tag","description":"","parent":0,"count":2,"filter":"raw","image":""}]},"_links":{"self":[{"href":"https:\/\/die-webzeitung.de\/stuttgart\/wp-json\/wp\/v2\/posts\/156488","targetHints":{"allow":["GET"]}}],"collection":[{"href":"https:\/\/die-webzeitung.de\/stuttgart\/wp-json\/wp\/v2\/posts"}],"about":[{"href":"https:\/\/die-webzeitung.de\/stuttgart\/wp-json\/wp\/v2\/types\/post"}],"author":[{"embeddable":true,"href":"https:\/\/die-webzeitung.de\/stuttgart\/wp-json\/wp\/v2\/users\/4"}],"replies":[{"embeddable":true,"href":"https:\/\/die-webzeitung.de\/stuttgart\/wp-json\/wp\/v2\/comments?post=156488"}],"version-history":[{"count":1,"href":"https:\/\/die-webzeitung.de\/stuttgart\/wp-json\/wp\/v2\/posts\/156488\/revisions"}],"predecessor-version":[{"id":156489,"href":"https:\/\/die-webzeitung.de\/stuttgart\/wp-json\/wp\/v2\/posts\/156488\/revisions\/156489"}],"wp:attachment":[{"href":"https:\/\/die-webzeitung.de\/stuttgart\/wp-json\/wp\/v2\/media?parent=156488"}],"wp:term":[{"taxonomy":"category","embeddable":true,"href":"https:\/\/die-webzeitung.de\/stuttgart\/wp-json\/wp\/v2\/categories?post=156488"},{"taxonomy":"post_tag","embeddable":true,"href":"https:\/\/die-webzeitung.de\/stuttgart\/wp-json\/wp\/v2\/tags?post=156488"}],"curies":[{"name":"wp","href":"https:\/\/api.w.org\/{rel}","templated":true}]}}