{"id":156455,"date":"2025-06-25T09:51:28","date_gmt":"2025-06-25T08:51:28","guid":{"rendered":"https:\/\/die-webzeitung.de\/stuttgart\/2025\/06\/25\/lka-blood-honour-division-deutschland-im-visier\/"},"modified":"2025-06-25T09:51:28","modified_gmt":"2025-06-25T08:51:28","slug":"lka-blood-honour-division-deutschland-im-visier","status":"publish","type":"post","link":"https:\/\/die-webzeitung.de\/stuttgart\/2025\/06\/25\/lka-blood-honour-division-deutschland-im-visier\/","title":{"rendered":"LKA: &#8220;Blood &#038; Honour Division Deutschland&#8221; im Visier"},"content":{"rendered":"<h3 style=\"text-align: justify;\"><strong>Durchsuchungsma\u00dfnahme wegen Fortf\u00fchrung der rechtsextremistischen Vereinigung\u00a0<\/strong><\/h3>\n<p style=\"text-align: justify;\">Stuttgart.|\u00a0Im Rahmen eines bei dem Staatsschutzzentrum Baden-W\u00fcrttemberg der Generalstaatsanwaltschaft Stuttgart zusammen mit dem Staatsschutz- und Antiterrorismuszentrum des Landeskriminalamts Baden-W\u00fcrttemberg gef\u00fchrten Ermittlungsverfahrens gegen Mitglieder der rechtsextremen Vereinigung &#8220;Brothers of Honour &#8211; Chapter S\u00fcddeutschland&#8221; erfolgten am heutigen Mittwoch (25. Juni 2025) in den fr\u00fchen Morgenstunden umfangreiche Durchsuchungsma\u00dfnahmen. Insgesamt wurden bei neun Beschuldigten Durchsuchungsbeschl\u00fcsse in insgesamt 18 Objekten (Wohnungen und Arbeitsst\u00e4tten) vollstreckt.<\/p>\n<p style=\"text-align: justify;\">Den Beschuldigten wird vorgeworfen, sich wegen Versto\u00dfes gegen ein Vereinigungsverbot (\u00a7 85 StGB) strafbar gemacht zu haben, indem sie unter dem Deckmantel der Vereinigung &#8220;Brothers of Honour &#8211; Chapter S\u00fcddeutschland&#8221; die verbotene rechtsextreme Organisation &#8220;Blood &amp; Honour Division Deutschland&#8221; weiter aufrechterhielten.<\/p>\n<p style=\"text-align: justify;\">Bei der Organisation &#8220;Blood &amp; Honour&#8221; handelt es sich um ein international agierendes Netzwerk von zum Teil auch gewaltbereiten Rechtsextremisten. Gegr\u00fcndet wurde &#8220;Blood &amp; Honour&#8221; im Jahr 1987 in Gro\u00dfbritannien von Ian Stuart Donaldson, dem 1993 verstorbenen S\u00e4nger der Rechts-Rock-Band &#8220;Skrewdriver&#8221;. Ziele von &#8220;Blood &amp; Honour&#8221; sind die weltweite Koordinierung rechtsextremer Musik und Propaganda sowie die internationale Vernetzung der rechtsextremistischen Szene. Der Name ist eine \u00dcbersetzung des Mottos &#8220;Blut und Ehre&#8221; der Hitler-Jugend. Die deutsche Division der Organisation (&#8220;Blood &amp; Honour Division Deutschland&#8221;) war mit \u00fcber zweihundert Mitgliedern eine der gr\u00f6\u00dften &#8220;Divisionen&#8221; in Europa. Sie wurde am 14. September 2000 durch das Bundesministerium des Inneren und f\u00fcr Heimat verboten, da sie sich gegen die verfassungsgem\u00e4\u00dfe Ordnung und den Gedanken der V\u00f6lkerverst\u00e4ndigung richtete.<\/p>\n<p style=\"text-align: justify;\">Den Beschuldigten im Alter von 35 bis 53 Jahren wird vorgeworfen, diese verbotene Vereinigung mindestens seit dem Jahr 2022 unter dem Deckmantel der Vereinigung &#8220;Brothers of Honour&#8221; fortgef\u00fchrt zu haben. Unter anderem sollen sie seitdem eine Reihe von rechtsextremistischen Konzerten im Schwarzwald-Baar-Kreis und dem Ortenaukreis veranstaltet haben. Wegen Versto\u00dfes gegen ein Vereinigungsverbot nach \u00a7 85 Abs. 1 Satz 1 Nr. 2 StGB macht sich strafbar, wer als R\u00e4delsf\u00fchrer den organisatorischen Zusammenhalt einer Vereinigung, die unanfechtbar verboten ist, weil sie sich gegen die verfassungsm\u00e4\u00dfige Ordnung oder gegen den Gedanken der V\u00f6lkerverst\u00e4ndigung richtet, aufrechterh\u00e4lt. Wer sich in solch einer Vereinigung als Mitglied bet\u00e4tigt oder wer ihren organisatorischen Zusammenhalt oder ihre weitere Bet\u00e4tigung unterst\u00fctzt, verwirklicht den Straftatbestand des \u00a7 85 Abs. 2 StGB.<\/p>\n<p style=\"text-align: justify;\">In die umfangreichen Ermittlungsarbeiten des Staatsschutz- und Antiterrorismuszentrums des Landeskriminalamts und des Staatsschutzzentrums Baden-W\u00fcrttemberg der Generalstaatsanwaltschaft Stuttgart waren auch die Polizeipr\u00e4sidien Freiburg, Karlsruhe, Konstanz, Offenburg und Ravensburg sowie das Landesamt f\u00fcr Verfassungsschutz (LfV BW) mit intensiven Voraufkl\u00e4rungsma\u00dfnahmen eingebunden. Beteiligt an den heutigen Ma\u00dfnahmen, die in den Landkreisen Karlsruhe, Sigmaringen und Waldshut sowie im Ortenau- und im Schwarzwald-Baar-Kreis durchgef\u00fchrt wurden, waren zudem auch Spezialkr\u00e4fte des Polizeipr\u00e4sidiums Einsatz.<\/p>\n<hr \/>\n<p style=\"text-align: justify;\">\n","protected":false},"excerpt":{"rendered":"<p>Durchsuchungsma\u00dfnahme wegen Fortf\u00fchrung der rechtsextremistischen Vereinigung\u00a0 Stuttgart.|\u00a0Im Rahmen eines bei dem Staatsschutzzentrum Baden-W\u00fcrttemberg der Generalstaatsanwaltschaft Stuttgart zusammen mit dem Staatsschutz- und Antiterrorismuszentrum des Landeskriminalamts Baden-W\u00fcrttemberg gef\u00fchrten Ermittlungsverfahrens gegen Mitglieder der rechtsextremen Vereinigung &#8220;Brothers of Honour &#8211; Chapter S\u00fcddeutschland&#8221; erfolgten am heutigen Mittwoch (25. Juni 2025) in den fr\u00fchen Morgenstunden umfangreiche Durchsuchungsma\u00dfnahmen. Insgesamt wurden bei neun [&hellip;]<\/p>\n","protected":false},"author":4,"featured_media":144524,"comment_status":"closed","ping_status":"open","sticky":false,"template":"","format":"standard","meta":{"inline_featured_image":false,"_exactmetrics_skip_tracking":false,"_exactmetrics_sitenote_active":false,"_exactmetrics_sitenote_note":"","_exactmetrics_sitenote_category":0,"footnotes":""},"categories":[59,9098],"tags":[14857,6,68,6466,17851],"class_list":{"0":"post-156455","1":"post","2":"type-post","3":"status-publish","4":"format-standard","5":"has-post-thumbnail","7":"category-aktuell","8":"category-baden-wuerttemberg","9":"tag-die-webzeitung","10":"tag-ludwigsburg","11":"tag-online-zeitung","12":"tag-organisation","13":"tag-rechtsextrem"},"image_feature":"https:\/\/die-webzeitung.de\/stuttgart\/wp-content\/uploads\/sites\/4\/2021\/12\/Polizei.jpg","author_name":"Redaktion","pure_taxonomies":{"categories":[{"term_id":59,"name":"Aktuell","slug":"aktuell","term_group":0,"term_taxonomy_id":60,"taxonomy":"category","description":"","parent":0,"count":1017,"filter":"raw","image":""},{"term_id":9098,"name":"Baden-W\u00fcrttemberg","slug":"baden-wuerttemberg","term_group":0,"term_taxonomy_id":9124,"taxonomy":"category","description":"","parent":171,"count":238,"filter":"raw","image":""}],"tags":[{"term_id":14857,"name":"Die-Webzeitung","slug":"die-webzeitung","term_group":0,"term_taxonomy_id":14876,"taxonomy":"post_tag","description":"","parent":0,"count":3625,"filter":"raw","image":""},{"term_id":6,"name":"Ludwigsburg","slug":"ludwigsburg","term_group":0,"term_taxonomy_id":6,"taxonomy":"post_tag","description":"","parent":0,"count":180,"filter":"raw","image":""},{"term_id":68,"name":"Online-Zeitung","slug":"online-zeitung","term_group":0,"term_taxonomy_id":69,"taxonomy":"post_tag","description":"","parent":0,"count":3595,"filter":"raw","image":""},{"term_id":6466,"name":"Organisation","slug":"organisation","term_group":0,"term_taxonomy_id":6487,"taxonomy":"post_tag","description":"","parent":0,"count":2,"filter":"raw","image":""},{"term_id":17851,"name":"Rechtsextrem","slug":"rechtsextrem","term_group":0,"term_taxonomy_id":17870,"taxonomy":"post_tag","description":"","parent":0,"count":4,"filter":"raw","image":""}]},"_links":{"self":[{"href":"https:\/\/die-webzeitung.de\/stuttgart\/wp-json\/wp\/v2\/posts\/156455","targetHints":{"allow":["GET"]}}],"collection":[{"href":"https:\/\/die-webzeitung.de\/stuttgart\/wp-json\/wp\/v2\/posts"}],"about":[{"href":"https:\/\/die-webzeitung.de\/stuttgart\/wp-json\/wp\/v2\/types\/post"}],"author":[{"embeddable":true,"href":"https:\/\/die-webzeitung.de\/stuttgart\/wp-json\/wp\/v2\/users\/4"}],"replies":[{"embeddable":true,"href":"https:\/\/die-webzeitung.de\/stuttgart\/wp-json\/wp\/v2\/comments?post=156455"}],"version-history":[{"count":0,"href":"https:\/\/die-webzeitung.de\/stuttgart\/wp-json\/wp\/v2\/posts\/156455\/revisions"}],"wp:featuredmedia":[{"embeddable":true,"href":"https:\/\/die-webzeitung.de\/stuttgart\/wp-json\/wp\/v2\/media\/144524"}],"wp:attachment":[{"href":"https:\/\/die-webzeitung.de\/stuttgart\/wp-json\/wp\/v2\/media?parent=156455"}],"wp:term":[{"taxonomy":"category","embeddable":true,"href":"https:\/\/die-webzeitung.de\/stuttgart\/wp-json\/wp\/v2\/categories?post=156455"},{"taxonomy":"post_tag","embeddable":true,"href":"https:\/\/die-webzeitung.de\/stuttgart\/wp-json\/wp\/v2\/tags?post=156455"}],"curies":[{"name":"wp","href":"https:\/\/api.w.org\/{rel}","templated":true}]}}