{"id":156445,"date":"2025-06-24T12:15:39","date_gmt":"2025-06-24T11:15:39","guid":{"rendered":"https:\/\/die-webzeitung.de\/stuttgart\/?p=156445"},"modified":"2025-12-05T12:10:33","modified_gmt":"2025-12-05T11:10:33","slug":"haft-und-hokafescht-laeutet-den-kirchheimer-sommer-2025-ein","status":"publish","type":"post","link":"https:\/\/die-webzeitung.de\/stuttgart\/2025\/06\/24\/haft-und-hokafescht-laeutet-den-kirchheimer-sommer-2025-ein\/","title":{"rendered":"Haft- und Hokafescht l\u00e4utet den Kirchheimer Sommer 2025 ein"},"content":{"rendered":"<p style=\"text-align: justify;\">Kirchheim unter Teck.| Am kommenden Samstag und Sonntag, 28. und 29. Juni 2025, findet das 43. Haft- und Hokafescht in der Innenstadt von Kirchheim unter Teck statt. Dabei pr\u00e4sentieren sich die Vereine und Organisationen der Teckstadt mit einem abwechslungsreichen Programm. Das traditionelle Stadtfest-Wochenende bildet zugleich den Auftakt des diesj\u00e4hrigen Kirchheimer Sommers, der bis zu seinem Ende am 31. Juli 2025 mit zahlreichen kleinen Veranstaltungen in der Stadt und den Teilorten aufwartet.<\/p>\n<p style=\"text-align: justify;\">Zum Auftakt des mittlerweile 43. \u201eHaft- und Hokafescht\u201c pr\u00e4sentieren am Wochenende die Vereine und Organisationen der Teckstadt mit einem bunten Programm aus Musik, Vereinskultur und kulinarischen K\u00f6stlichkeiten aus aller Welt in der Innenstadt von Kirchheim unter Teck. Los geht es am Samstag, 28. Juni 2025 um 19:30 Uhr mit der Er\u00f6ffnungsrede von Oberb\u00fcrgermeister Dr. Pascal Bader auf der B\u00fchne am Marktplatz, bevor die Band \u201eH-Rocks\u201c bis Mitternacht f\u00fcr Stimmung sorgt.<\/p>\n<p style=\"text-align: justify;\">Der Sonntag, 29. Juni 2025 beginnt mit dem beliebten Kinder- und Jugendflohmarkt in Teilen der Markt- und Max-Eyth-Stra\u00dfe: Von 09:00 Uhr bis 16:00 Uhr k\u00f6nnen dort Kinder und Jugendliche kindgerechte nicht mehr ben\u00f6tigte B\u00fccher und Spielwaren anbieten. Auf der Marktplatzb\u00fchne pr\u00e4sentieren sich wiederum von 11:00 Uhr bis 19:00 Uhr verschiedene Kirchheimer Vereine.<\/p>\n<p style=\"text-align: justify;\">Auch in den Wochen nach dem Auftaktwochenende wird die Innenstadt bis zum 31. Juli 2025 mit verschiedenen Aktionen im Zeichen des \u201eKirchheimer Sommers\u201c belebt: Von Livemusik, Action Painting und weiteren Mitmach-Aktionen bis hin zu \u201eOma Ditte\u201c und \u201eFrau Mietz\u201c, die Geschichten f\u00fcr Kinder lesen, ist wieder ein kunterbuntes Programm geboten.<\/p>\n<hr \/>\n<p style=\"text-align: justify;\">\n","protected":false},"excerpt":{"rendered":"<p>Kirchheim unter Teck.| Am kommenden Samstag und Sonntag, 28. und 29. Juni 2025, findet das 43. Haft- und Hokafescht in der Innenstadt von Kirchheim unter Teck statt. Dabei pr\u00e4sentieren sich die Vereine und Organisationen der Teckstadt mit einem abwechslungsreichen Programm. Das traditionelle Stadtfest-Wochenende bildet zugleich den Auftakt des diesj\u00e4hrigen Kirchheimer Sommers, der bis zu seinem [&hellip;]<\/p>\n","protected":false},"author":4,"featured_media":0,"comment_status":"closed","ping_status":"open","sticky":false,"template":"","format":"standard","meta":{"inline_featured_image":false,"_exactmetrics_skip_tracking":false,"_exactmetrics_sitenote_active":false,"_exactmetrics_sitenote_note":"","_exactmetrics_sitenote_category":0,"footnotes":""},"categories":[2247],"tags":[14857,18101,18102,13954,68,11532],"class_list":{"0":"post-156445","1":"post","2":"type-post","3":"status-publish","4":"format-standard","6":"category-kreis-esslingen","7":"tag-die-webzeitung","8":"tag-haftfescht","9":"tag-hokafescht","10":"tag-kirchheim","11":"tag-online-zeitung","12":"tag-teck"},"image_feature":null,"author_name":"Redaktion","pure_taxonomies":{"categories":[{"term_id":2247,"name":"Kreis Esslingen","slug":"kreis-esslingen","term_group":0,"term_taxonomy_id":2260,"taxonomy":"category","description":"Informationen aus dem Landkreis Esslingen","parent":171,"count":214,"filter":"raw","image":""}],"tags":[{"term_id":14857,"name":"Die-Webzeitung","slug":"die-webzeitung","term_group":0,"term_taxonomy_id":14876,"taxonomy":"post_tag","description":"","parent":0,"count":3625,"filter":"raw","image":""},{"term_id":18101,"name":"Haftfescht","slug":"haftfescht","term_group":0,"term_taxonomy_id":18120,"taxonomy":"post_tag","description":"","parent":0,"count":1,"filter":"raw","image":""},{"term_id":18102,"name":"Hokafescht","slug":"hokafescht","term_group":0,"term_taxonomy_id":18121,"taxonomy":"post_tag","description":"","parent":0,"count":1,"filter":"raw","image":""},{"term_id":13954,"name":"Kirchheim","slug":"kirchheim","term_group":0,"term_taxonomy_id":13996,"taxonomy":"post_tag","description":"","parent":0,"count":5,"filter":"raw","image":""},{"term_id":68,"name":"Online-Zeitung","slug":"online-zeitung","term_group":0,"term_taxonomy_id":69,"taxonomy":"post_tag","description":"","parent":0,"count":3595,"filter":"raw","image":""},{"term_id":11532,"name":"Teck","slug":"teck","term_group":0,"term_taxonomy_id":11570,"taxonomy":"post_tag","description":"","parent":0,"count":3,"filter":"raw","image":""}]},"_links":{"self":[{"href":"https:\/\/die-webzeitung.de\/stuttgart\/wp-json\/wp\/v2\/posts\/156445","targetHints":{"allow":["GET"]}}],"collection":[{"href":"https:\/\/die-webzeitung.de\/stuttgart\/wp-json\/wp\/v2\/posts"}],"about":[{"href":"https:\/\/die-webzeitung.de\/stuttgart\/wp-json\/wp\/v2\/types\/post"}],"author":[{"embeddable":true,"href":"https:\/\/die-webzeitung.de\/stuttgart\/wp-json\/wp\/v2\/users\/4"}],"replies":[{"embeddable":true,"href":"https:\/\/die-webzeitung.de\/stuttgart\/wp-json\/wp\/v2\/comments?post=156445"}],"version-history":[{"count":1,"href":"https:\/\/die-webzeitung.de\/stuttgart\/wp-json\/wp\/v2\/posts\/156445\/revisions"}],"predecessor-version":[{"id":156446,"href":"https:\/\/die-webzeitung.de\/stuttgart\/wp-json\/wp\/v2\/posts\/156445\/revisions\/156446"}],"wp:attachment":[{"href":"https:\/\/die-webzeitung.de\/stuttgart\/wp-json\/wp\/v2\/media?parent=156445"}],"wp:term":[{"taxonomy":"category","embeddable":true,"href":"https:\/\/die-webzeitung.de\/stuttgart\/wp-json\/wp\/v2\/categories?post=156445"},{"taxonomy":"post_tag","embeddable":true,"href":"https:\/\/die-webzeitung.de\/stuttgart\/wp-json\/wp\/v2\/tags?post=156445"}],"curies":[{"name":"wp","href":"https:\/\/api.w.org\/{rel}","templated":true}]}}