{"id":156442,"date":"2025-06-24T12:10:47","date_gmt":"2025-06-24T11:10:47","guid":{"rendered":"https:\/\/die-webzeitung.de\/stuttgart\/2025\/06\/24\/lizenz-zum-aufstieg-barock-volleys-werden-erstklassig\/"},"modified":"2025-06-24T12:10:47","modified_gmt":"2025-06-24T11:10:47","slug":"lizenz-zum-aufstieg-barock-volleys-werden-erstklassig","status":"publish","type":"post","link":"https:\/\/die-webzeitung.de\/stuttgart\/2025\/06\/24\/lizenz-zum-aufstieg-barock-volleys-werden-erstklassig\/","title":{"rendered":"Lizenz zum Aufstieg: Barock Volleys werden erstklassig"},"content":{"rendered":"<h3 style=\"text-align: justify;\"><b>Die Volleyball-Mannschaft des MTV Ludwigsburg tritt in der n\u00e4chsten Saison 2025\/26 in der 1. Bundesliga an<\/b><\/h3>\n<div><\/div>\n<div style=\"text-align: justify;\">Nun ist es offiziell: Die Barock Volleys MTV Ludwigsburg werden in der n\u00e4chsten Saison in der Volleyball-Bundesliga der M\u00e4nner antreten. Die Volleyball-Bundesliga (VBL) hat die Lizenzantr\u00e4ge in der ersten Runde des kommerziellen Lizenzierungsverfahrens gepr\u00fcft und abgeschlossen. Die abschlie\u00dfende Lizenzierungsrunde folgt im September 2025. Ludwigsburg ist damit eine von insgesamt 15 Mannschaften im M\u00e4nner-Volleyball, die in der h\u00f6chsten Klasse antreten. Vier Teams kommen aus Baden-W\u00fcrttemberg: Friedrichshafen, Freiburg, Karlsruhe und Ludwigsburg. \u201eWir sind gl\u00fccklich, endlich gr\u00fcnes Licht von der VBL zu haben\u201c, sagt Michael Bonin, der k\u00fcnftig die Position des Gesch\u00e4ftsf\u00fchrers der Bundesliga-GmbH \u00fcbernehmen wird. \u201eDie Region Stuttgart hat enormes Potenzial f\u00fcr Volleyball auf h\u00f6chstem Niveau.\u201c<\/div>\n<h4 style=\"text-align: justify;\"><b>Verst\u00e4rkung auf Schl\u00fcsselpositionen und neuer Cheftrainer<\/b><\/h4>\n<div style=\"text-align: justify;\">Ein Gro\u00dfteil der Aufstiegs-Mannschaft wird die Weiterentwicklung von der zweiten in die erste Liga mitgehen und den n\u00e4chsten Schritt in Richtung Profisport beschreiten. \u201eWir werden daf\u00fcr das Umfeld professionalisieren und den Trainingsumfang ausbauen\u201c, sagt Michael Dornheim, der den Posten des Cheftrainers abgibt und k\u00fcnftig mit seiner Expertise und Erfahrung als Sportdirektor dem Verein zur Seite steht. \u201eWir haben einige Spieler bereits vor einem Jahr mit Blick auf die erste Liga verpflichtet \u2013 dieses Grundger\u00fcst der Mannschaft halten wir zusammen\u201c, erkl\u00e4rt Dornheim. In den vergangenen Tagen wurden bereits die Vertragsverl\u00e4ngerungen mit den Au\u00dfenangreifern Ben-Simon Bonin, Tim K\u00f6pfli und Mykyta Shapovalov bekannt gegeben. Auf den Schl\u00fcsselpositionen soll das Team mit weiteren erfahrenen Spielern verst\u00e4rkt werden. Auch der neue Cheftrainer wird in K\u00fcrze vorgestellt.<\/div>\n<div style=\"text-align: justify;\">\u201eDieser Aufstieg ist ein ganz besonderer Moment f\u00fcr uns alle \u2013 und ich bin dankbar, dass ich ihn miterleben und mitgestalten darf\u201c, erkl\u00e4rt der Mannschaftskapit\u00e4n Ben-Simon Bonin. \u201eWir haben gemeinsam gek\u00e4mpft, geschwitzt und an uns geglaubt. Jetzt wartet auf eine neue Herausforderung \u2013 und ich werde mit vollem Einsatz dazu beitragen, dass wir auch in der 1. Liga als Team zusammenstehen und wachsen.\u201c<\/div>\n<h4 style=\"text-align: justify;\"><b>Aufbauarbeit des MTV Ludwigsburg wird belohnt \u2013 Sponsorensuche wird erzwungen<\/b><\/h4>\n<div style=\"text-align: justify;\">Der Bundesliga-Aufstieg ist ein Ziel des Vereins, das seit langem angepeilt wurde. \u201eDer Aufstieg der Barock Volleys ist das Ergebnis vieler Jahre ehrenamtlicher Arbeit, sportlicher Kompetenz und vereinter Leidenschaft\u201c, sagt Ralph Schanz, der Gesch\u00e4ftsf\u00fchrer des MTV Ludwigsburg. \u201eDass wir nun als Teil der Volleyball-Bundesliga auftreten, erf\u00fcllt uns mit gro\u00dfem Stolz \u2013 als Verein, als Stadt und als Gemeinschaft.\u201c Die GmbH-Struktur erm\u00f6gliche es, diesen Weg professionell weiterzugehen, \u201eohne unsere Wurzeln zu verlieren\u201c, so der Gesch\u00e4ftsf\u00fchrer.<\/div>\n<div><\/div>\n<div style=\"text-align: justify;\">Sebastian Schiegl, verantwortlich f\u00fcr Sponsoring bei den Barock Volleys, zieht eine erste Zwischenbilanz. \u201eSeit drei Jahren w\u00e4chst unsere Sponsorenlandschaft kontinuierlich und wir sind gl\u00fccklich, dass unsere Partner den Weg in die 1. Liga mitgehen und neue Partner hinzugekommen sind. Wir werden mit der 1. Liga neue M\u00f6glichkeiten f\u00fcr Sponsoren bieten k\u00f6nnen und konsequent am Ausbau unserer wirtschaftlichen Grundlagen arbeiten.\u201c<\/div>\n<div style=\"text-align: justify;\">\n<hr \/>\n<\/div>\n","protected":false},"excerpt":{"rendered":"<p>Die Volleyball-Mannschaft des MTV Ludwigsburg tritt in der n\u00e4chsten Saison 2025\/26 in der 1. Bundesliga an Nun ist es offiziell: Die Barock Volleys MTV Ludwigsburg werden in der n\u00e4chsten Saison in der Volleyball-Bundesliga der M\u00e4nner antreten. Die Volleyball-Bundesliga (VBL) hat die Lizenzantr\u00e4ge in der ersten Runde des kommerziellen Lizenzierungsverfahrens gepr\u00fcft und abgeschlossen. Die abschlie\u00dfende Lizenzierungsrunde [&hellip;]<\/p>\n","protected":false},"author":4,"featured_media":156443,"comment_status":"closed","ping_status":"open","sticky":false,"template":"","format":"standard","meta":{"inline_featured_image":false,"_exactmetrics_skip_tracking":false,"_exactmetrics_sitenote_active":false,"_exactmetrics_sitenote_note":"","_exactmetrics_sitenote_category":0,"footnotes":""},"categories":[110],"tags":[9422,14857,6,13736,68,10629],"class_list":{"0":"post-156442","1":"post","2":"type-post","3":"status-publish","4":"format-standard","5":"has-post-thumbnail","7":"category-sport","8":"tag-barock","9":"tag-die-webzeitung","10":"tag-ludwigsburg","11":"tag-mtv","12":"tag-online-zeitung","13":"tag-volleyball"},"image_feature":"https:\/\/die-webzeitung.de\/stuttgart\/wp-content\/uploads\/sites\/4\/2025\/06\/IMG_5778-scaled.jpg","author_name":"Redaktion","pure_taxonomies":{"categories":[{"term_id":110,"name":"Sport","slug":"sport","term_group":0,"term_taxonomy_id":112,"taxonomy":"category","description":"Sportberichte","parent":0,"count":1043,"filter":"raw","image":""}],"tags":[{"term_id":9422,"name":"barock","slug":"barock","term_group":0,"term_taxonomy_id":9451,"taxonomy":"post_tag","description":"","parent":0,"count":11,"filter":"raw","image":""},{"term_id":14857,"name":"Die-Webzeitung","slug":"die-webzeitung","term_group":0,"term_taxonomy_id":14876,"taxonomy":"post_tag","description":"","parent":0,"count":3625,"filter":"raw","image":""},{"term_id":6,"name":"Ludwigsburg","slug":"ludwigsburg","term_group":0,"term_taxonomy_id":6,"taxonomy":"post_tag","description":"","parent":0,"count":180,"filter":"raw","image":""},{"term_id":13736,"name":"MTV","slug":"mtv","term_group":0,"term_taxonomy_id":13778,"taxonomy":"post_tag","description":"","parent":0,"count":22,"filter":"raw","image":""},{"term_id":68,"name":"Online-Zeitung","slug":"online-zeitung","term_group":0,"term_taxonomy_id":69,"taxonomy":"post_tag","description":"","parent":0,"count":3595,"filter":"raw","image":""},{"term_id":10629,"name":"Volleyball","slug":"volleyball","term_group":0,"term_taxonomy_id":10665,"taxonomy":"post_tag","description":"","parent":0,"count":90,"filter":"raw","image":""}]},"_links":{"self":[{"href":"https:\/\/die-webzeitung.de\/stuttgart\/wp-json\/wp\/v2\/posts\/156442","targetHints":{"allow":["GET"]}}],"collection":[{"href":"https:\/\/die-webzeitung.de\/stuttgart\/wp-json\/wp\/v2\/posts"}],"about":[{"href":"https:\/\/die-webzeitung.de\/stuttgart\/wp-json\/wp\/v2\/types\/post"}],"author":[{"embeddable":true,"href":"https:\/\/die-webzeitung.de\/stuttgart\/wp-json\/wp\/v2\/users\/4"}],"replies":[{"embeddable":true,"href":"https:\/\/die-webzeitung.de\/stuttgart\/wp-json\/wp\/v2\/comments?post=156442"}],"version-history":[{"count":0,"href":"https:\/\/die-webzeitung.de\/stuttgart\/wp-json\/wp\/v2\/posts\/156442\/revisions"}],"wp:featuredmedia":[{"embeddable":true,"href":"https:\/\/die-webzeitung.de\/stuttgart\/wp-json\/wp\/v2\/media\/156443"}],"wp:attachment":[{"href":"https:\/\/die-webzeitung.de\/stuttgart\/wp-json\/wp\/v2\/media?parent=156442"}],"wp:term":[{"taxonomy":"category","embeddable":true,"href":"https:\/\/die-webzeitung.de\/stuttgart\/wp-json\/wp\/v2\/categories?post=156442"},{"taxonomy":"post_tag","embeddable":true,"href":"https:\/\/die-webzeitung.de\/stuttgart\/wp-json\/wp\/v2\/tags?post=156442"}],"curies":[{"name":"wp","href":"https:\/\/api.w.org\/{rel}","templated":true}]}}